{"id":5608,"date":"2026-09-04T10:40:38","date_gmt":"2026-09-04T13:40:38","guid":{"rendered":"https:\/\/www.noticiasbrown.com\/?p=5608"},"modified":"2026-09-04T09:09:08","modified_gmt":"2026-09-04T12:09:08","slug":"horror-en-mexico-asi-rescataron-al-hijo-de-jonathan-melendez-unico-sobreviviente-del-crimen","status":"publish","type":"post","link":"https:\/\/www.noticiasbrown.com\/?p=5608","title":{"rendered":"Horror en M\u00e9xico: as\u00ed rescataron al hijo de Jonathan Mel\u00e9ndez, \u00fanico sobreviviente del crimen"},"content":{"rendered":"<div class=\"detail-header-wrapper\">\n<h3 id=\"p-1788484285395-53993\" class=\"ignore-parser\">El hijo de Jonathan Mel\u00e9ndez, de 6 a\u00f1os, logr\u00f3 sobrevivir a la masacre tras esconderse debajo de una cama de su casa.<\/h3>\n<section class=\"detail-body first-paragraph\">\n<section id=\"note-body\" class=\"body-content note-body content-protected-false\" data-twitter-link=\"https:\/\/twitter.com\/intent\/tweet?url=https:\/\/www.minutouno.com\/c6318423&amp;v\u00eda=Ambitocom&amp;related=MinutoUno&amp;text=\">\n<p id=\"p-1788485000435-37316\" class=\"\">Un video difundido en las \u00faltimas horas mostr\u00f3 el momento en el que<strong>\u00a0las autoridades mexicanas encontraron con vida al hijo de 6 a\u00f1os de Jonathan Mel\u00e9ndez, fundador y tecladista de Camilo S\u00e9ptimo, luego del brutal crimen ocurrido dentro de la vivienda familiar<\/strong>.<\/p>\n<\/section>\n<\/section>\n<section class=\"detail-body second-paragraph\">\n<section class=\"body-content note-body content-protected-false\">\n<p id=\"p-1788487822424-66307\" class=\"\"><strong>El peque\u00f1o logr\u00f3 sobrevivir tras esconderse debajo de una cama mientras se produc\u00eda el ataque<\/strong>.<\/p>\n<section class=\"detail-body\">\n<section class=\"body-content note-body content-protected-false\">\n<p id=\"p-1788485000435-34474\" class=\"\">Las im\u00e1genes fueron publicadas por el periodista\u00a0<strong>Carlos Jim\u00e9nez<\/strong>\u00a0y corresponden al operativo realizado durante la noche del martes 1\u00b0 de septiembre en\u00a0<strong>Atizap\u00e1n de Zaragoza<\/strong>, cerca de Ciudad de M\u00e9xico. All\u00ed, integrantes de la Marina y efectivos de la polic\u00eda municipal ingresaron al departamento y localizaron al menor.<\/p>\n<\/section>\n<\/section>\n<section class=\"detail-body\">\n<section class=\"body-content note-body content-protected-false\">\n<p id=\"p-1788485000435-33295\" class=\"\">El ni\u00f1o se encontraba oculto debajo de una cama dentro de la propiedad ubicada en el complejo\u00a0<strong>Grand Viure, en Zona Esmeralda<\/strong>. Una vez encontrado, fue puesto a resguardo y, de acuerdo con los primeros reportes, estaba\u00a0<strong>sin lesiones visibles<\/strong>.<\/p>\n<\/section>\n<\/section>\n<section class=\"detail-body\">\n<section class=\"body-content note-body content-protected-false\">\n<div id=\"8273862-Libre-1579089203_wrap\" class=\"embed_cont type_imagen\" contenteditable=\"false\">\n<div id=\"8273862-Libre-1579089203_content\" class=\"embed_content\"><img decoding=\"async\" id=\"8273862-Libre-1579089203_embed\" title=\"\" src=\"https:\/\/media.minutouno.com\/p\/02f3148a3d0a6026fe841e6d3b3f94dc\/adjuntos\/150\/imagenes\/043\/622\/0043622130\/610x0\/smart\/asesinaron-jonathan-melendez.jpg\" alt=\"\" width=\"610\" height=\"undefined\" \/><\/div>\n<div id=\"p-1788488858943-72837\" class=\"embed_wrapper-cont\"><\/div>\n<\/div>\n<h2 id=\"p-1788485000435-2080\">C\u00f3mo encontraron al hijo de Jonathan Mel\u00e9ndez tras el crimen<\/h2>\n<p id=\"p-1788485000435-40576\" class=\"\">Dentro de la propiedad, las autoridades encontraron asesinados a\u00a0<strong>Jonathan Mel\u00e9ndez<\/strong>, de 38 a\u00f1os; su esposa\u00a0<strong>Ana Paola<\/strong>, de 35 y embarazada de cuatro meses; la hija de ambos,\u00a0<strong>Sof\u00eda<\/strong>, de tres a\u00f1os; y\u00a0<strong>Aleyda Romero<\/strong>, de 21, quien trabajaba en la casa. Tambi\u00e9n fue encontrada muerta\u00a0<strong>Nahla<\/strong>, la mascota de la familia, una perra golden retriever.<\/p>\n<\/section>\n<\/section>\n<section class=\"detail-body\">\n<section class=\"body-content note-body content-protected-false\">\n<p id=\"p-1788485000435-18307\" class=\"\">Tras el hallazgo, la\u00a0<strong>Fiscal\u00eda General de Justicia del Estado de M\u00e9xico (Fiscal\u00eda Edom\u00e9x)<\/strong>\u00a0inici\u00f3 una investigaci\u00f3n con la colaboraci\u00f3n de la Secretar\u00eda de Seguridad y Protecci\u00f3n Ciudadana y la Secretar\u00eda de Seguridad Ciudadana de la Ciudad de M\u00e9xico. Como resultado de las primeras actuaciones,\u00a0<strong>dos hombres fueron detenidos como presuntos responsables<\/strong>\u00a0del homicidio de las cuatro personas y de la muerte del animal.<\/p>\n<p id=\"p-1788485000435-97288\" class=\"\">A trav\u00e9s de un comunicado, la Fiscal\u00eda precis\u00f3 cu\u00e1ndo fueron encontrados los cuerpos y en qu\u00e9 condiciones se encontraba el \u00fanico sobreviviente:\u00a0<strong>&#8220;El d\u00eda 1 de septiembre, a las 23:50 horas, la polic\u00eda municipal de Atizap\u00e1n de Zaragoza inform\u00f3 del hallazgo de cuatro v\u00edctimas privadas de la vida (una de ellas con cuatro meses de embarazo), as\u00ed como la presencia de un menor de 6 a\u00f1os de edad con vida y sin signos de violencia; al interior de un departamento en una torre residencial al interior del fraccionamiento Grand Viure, ubicado en Zona Esmeralda, de este municipio&#8221;<\/strong>, indic\u00f3 la Fiscal\u00eda.<\/p>\n<div id=\"8273889-1315505866_wrap\" class=\"embed_cont type_video\" contenteditable=\"false\">\n<div id=\"8273889-1315505866_content\" class=\"embed_content\">\n<div id=\"8273889-1315505866_embed\">\n<div id=\"mediaPlayer_8273889-1315505866\"><iframe loading=\"lazy\" src=\"https:\/\/www.minutouno.com\/services\/embed.php?idAdjunto=8273889&amp;idAdjuntoTamano=&amp;width=622&amp;height=351&amp;tipo=video\" width=\"622\" height=\"351\" frameborder=\"0\" scrolling=\"no\" allowfullscreen=\"allowfullscreen\" data-td-src-property=\"https:\/\/www.minutouno.com\/services\/embed.php?idAdjunto=8273889&amp;idAdjuntoTamano=&amp;width=622&amp;height=351&amp;tipo=video\" data-mce-fragment=\"1\"><\/iframe><\/div>\n<\/div>\n<\/div>\n<div id=\"p-1788489962338-12441\" class=\"embed_wrapper-cont\"><\/div>\n<\/div>\n<p id=\"p-1788485000435-38200\" class=\"\">El organismo tambi\u00e9n brind\u00f3 detalles sobre las v\u00edctimas y las lesiones que presentaban al momento de ser encontradas:\u00a0<strong>&#8220;Las v\u00edctimas, un masculino de 38 a\u00f1os, productor musical y compositor de iniciales J.S.M.O., su esposa, de 35 a\u00f1os y en estado de gestaci\u00f3n, la hija de ambos de 3 a\u00f1os, una femenina de 21 a\u00f1os; incluso un canino, mascota de la familia, que tambi\u00e9n fue localizado maniatado. Dos de las v\u00edctimas fueron localizadas maniatadas, ambas y la menor con impacto de arma de fuego en extremidad cef\u00e1lica, en tanto que la cuarta v\u00edctima present\u00f3 impacto de arma de fuego en la espalda&#8221;<\/strong>.<\/p>\n<h2 id=\"p-1788485000435-19616\">Dos detenidos por el asesinato de Jonathan Mel\u00e9ndez y su familia<\/h2>\n<p id=\"p-1788485000435-30270\" class=\"\">A partir de las primeras pruebas reunidas, los investigadores consiguieron reconstruir parte de la secuencia y determinaron que el ataque se habr\u00eda producido entre las\u00a0<strong>17:30 y las 19:40 del martes 1\u00b0 de septiembre<\/strong>. De acuerdo con la informaci\u00f3n oficial, uno de los elementos que habr\u00eda permitido concretar el ingreso al departamento fue el v\u00ednculo que uno de los sospechosos manten\u00eda con las v\u00edctimas.<\/p>\n<p id=\"p-1788485000435-86808\" class=\"\">De esta forma,<strong>\u00a0&#8220;Resultado de actos de investigaci\u00f3n de la Fiscal\u00eda Edom\u00e9x, por los hechos que tuvieron lugar aproximadamente entre las 17:30 y las 19:40 horas del martes 1 de septiembre, logr\u00f3 establecer la probable participaci\u00f3n de dos masculinos quienes habr\u00edan aprovechado la relaci\u00f3n de confianza de uno de ellos con las v\u00edctimas para acceder al domicilio<\/strong>&#8220;.<\/p>\n<p id=\"p-1788485000435-66965\" class=\"\">Mientras contin\u00faa la investigaci\u00f3n para determinar c\u00f3mo ocurri\u00f3 el crimen y establecer las responsabilidades de los detenidos, los familiares de\u00a0<strong>Jonathan Mel\u00e9ndez y las dem\u00e1s v\u00edctimas<\/strong>\u00a0se encuentran realizando los servicios funerarios.<\/p>\n<p id=\"p-1788485000435-42814\">En medio del avance de la causa, la difusi\u00f3n del video permiti\u00f3 conocer c\u00f3mo fue el operativo en el que las autoridades encontraron al hijo de seis a\u00f1os del m\u00fasico, quien qued\u00f3 como\u00a0<strong>\u00fanico sobreviviente del ataque<\/strong>.<\/p>\n<\/section>\n<\/section>\n<\/section>\n<\/section>\n<\/div>\n","protected":false},"excerpt":{"rendered":"<p>El hijo de Jonathan Mel\u00e9ndez, de 6 a\u00f1os, logr\u00f3 sobrevivir a la masacre tras esconderse&#8230;<\/p>\n","protected":false},"author":1,"featured_media":5609,"comment_status":"closed","ping_status":"closed","sticky":false,"template":"","format":"standard","meta":{"_jetpack_newsletter_access":"","_jetpack_dont_email_post_to_subs":false,"_jetpack_newsletter_tier_id":0,"_jetpack_memberships_contains_paywalled_content":false,"_jetpack_feature_clip_id":0,"_jetpack_memberships_contains_paid_content":false,"footnotes":"","jetpack_publicize_message":"","jetpack_publicize_feature_enabled":true,"jetpack_social_post_already_shared":true,"jetpack_social_options":{"image_generator_settings":{"template":"highway","default_image_id":0,"font":"","enabled":false},"version":2},"jetpack_post_was_ever_published":false},"categories":[6],"tags":[236],"class_list":["post-5608","post","type-post","status-publish","format-standard","has-post-thumbnail","hentry","category-espectaculos","tag-mexico"],"aioseo_notices":[],"jetpack_publicize_connections":[],"jetpack_sharing_enabled":true,"jetpack_featured_media_url":"https:\/\/www.noticiasbrown.com\/wp-content\/uploads\/2026\/09\/jonathan-melendez.webp","_links":{"self":[{"href":"https:\/\/www.noticiasbrown.com\/index.php?rest_route=\/wp\/v2\/posts\/5608","targetHints":{"allow":["GET"]}}],"collection":[{"href":"https:\/\/www.noticiasbrown.com\/index.php?rest_route=\/wp\/v2\/posts"}],"about":[{"href":"https:\/\/www.noticiasbrown.com\/index.php?rest_route=\/wp\/v2\/types\/post"}],"author":[{"embeddable":true,"href":"https:\/\/www.noticiasbrown.com\/index.php?rest_route=\/wp\/v2\/users\/1"}],"replies":[{"embeddable":true,"href":"https:\/\/www.noticiasbrown.com\/index.php?rest_route=%2Fwp%2Fv2%2Fcomments&post=5608"}],"version-history":[{"count":1,"href":"https:\/\/www.noticiasbrown.com\/index.php?rest_route=\/wp\/v2\/posts\/5608\/revisions"}],"predecessor-version":[{"id":5610,"href":"https:\/\/www.noticiasbrown.com\/index.php?rest_route=\/wp\/v2\/posts\/5608\/revisions\/5610"}],"wp:featuredmedia":[{"embeddable":true,"href":"https:\/\/www.noticiasbrown.com\/index.php?rest_route=\/wp\/v2\/media\/5609"}],"wp:attachment":[{"href":"https:\/\/www.noticiasbrown.com\/index.php?rest_route=%2Fwp%2Fv2%2Fmedia&parent=5608"}],"wp:term":[{"taxonomy":"category","embeddable":true,"href":"https:\/\/www.noticiasbrown.com\/index.php?rest_route=%2Fwp%2Fv2%2Fcategories&post=5608"},{"taxonomy":"post_tag","embeddable":true,"href":"https:\/\/www.noticiasbrown.com\/index.php?rest_route=%2Fwp%2Fv2%2Ftags&post=5608"}],"curies":[{"name":"wp","href":"https:\/\/api.w.org\/{rel}","templated":true}]}}