{"id":5605,"date":"2026-09-04T09:40:06","date_gmt":"2026-09-04T12:40:06","guid":{"rendered":"https:\/\/www.noticiasbrown.com\/?p=5605"},"modified":"2026-09-04T09:00:59","modified_gmt":"2026-09-04T12:00:59","slug":"desesperada-busqueda-la-madre-de-mariano-confirmo-que-la-foto-recibida-es-de-su-hijo-en-cordoba","status":"publish","type":"post","link":"https:\/\/www.noticiasbrown.com\/?p=5605","title":{"rendered":"Desesperada b\u00fasqueda: la madre de Mariano confirm\u00f3 que la foto recibida es de su hijo en C\u00f3rdoba"},"content":{"rendered":"<div class=\"detail-header-wrapper\">\n<h3 id=\"p-1788467501310-66063\" class=\"ignore-parser\" data-path-to-node=\"0,1,0\">La imagen del joven estudiante de Arquitectura corresponde al martes y fue extra\u00edda de las grabaciones del local de sushi donde present\u00f3 su curr\u00edculum.<\/h3>\n<section class=\"detail-body first-paragraph\">\n<section id=\"note-body\" class=\"body-content note-body content-protected-false\" data-twitter-link=\"https:\/\/twitter.com\/intent\/tweet?url=https:\/\/www.minutouno.com\/c6318313&amp;v\u00eda=Ambitocom&amp;related=MinutoUno&amp;text=\">\n<p id=\"p-1788467910904-38352\" data-path-to-node=\"2\"><strong>Una pista clave aport\u00f3 luz a la intensa b\u00fasqueda de Mariano Mart\u00ednez<\/strong>, el estudiante universitario de 21 a\u00f1os del que no se sab\u00eda nada desde el pasado lunes. En las \u00faltimas horas,\u00a0<strong>sus padres recibieron una fotograf\u00eda tomada en la provincia de C\u00f3rdoba<\/strong>\u00a0que confirma la presencia del joven en esa provincia.<\/p>\n<\/section>\n<\/section>\n<section class=\"detail-body second-paragraph\">\n<section class=\"body-content note-body content-protected-false\">\n<p id=\"p-1788467910904-17016\" data-path-to-node=\"3\">El avance en la investigaci\u00f3n se logr\u00f3 gracias al testimonio de<strong>\u00a0una empleada de una librer\u00eda<\/strong>, quien\u00a0<strong>reconoci\u00f3 a Mariano cuando este se present\u00f3 en el local para hacer copias de su curr\u00edculum<\/strong>. Tras obtener las fotocopias, el joven camin\u00f3 unas cuadras e ingres\u00f3 a un comercio gastron\u00f3mico cercano para postularse a un empleo.<\/p>\n<section class=\"detail-body\">\n<section class=\"body-content note-body content-protected-false\">\n<h2 id=\"p-1788468012251-22091\" data-path-to-node=\"3\">Est\u00e1 en C\u00f3rdoba: la palabra de los padres de Mariano, el joven desaparecido desde el lunes<\/h2>\n<p id=\"p-1788467910904-87483\" data-path-to-node=\"4\">Fue en ese \u00faltimo establecimiento donde el sistema de monitoreo registr\u00f3 su presencia. En di\u00e1logo con el canal\u00a0<em>TN<\/em>, la madre del joven confirm\u00f3 la autenticidad de la toma recibida:\u00a0<span id=\"saysCMSEmphasishwududfg1yu\" class=\"saysCMSEmphasis\">\u201cLa Polic\u00eda confirm\u00f3 que se trata de mi hijo. La imagen es del martes y la sacaron a partir de las c\u00e1maras de seguridad del local de sushi donde entreg\u00f3 su curr\u00edculum\u201d.<\/span><\/p>\n<\/section>\n<\/section>\n<section class=\"detail-body\">\n<section class=\"body-content note-body content-protected-false\">\n<div id=\"8273789-Libre-34446374_wrap\" class=\"embed_cont type_imagen\" contenteditable=\"false\">\n<div id=\"8273789-Libre-34446374_content\" class=\"embed_content\"><img decoding=\"async\" id=\"8273789-Libre-34446374_embed\" title=\"\" src=\"https:\/\/media.minutouno.com\/p\/9ea59ae0be4225e1dfbdc602070f7d1f\/adjuntos\/150\/imagenes\/043\/621\/0043621900\/610x0\/smart\/image.png\" alt=\"\" width=\"610\" height=\"undefined\" \/><\/div>\n<div id=\"p-1788472528470-60154\" class=\"embed_wrapper-cont\"><\/div>\n<\/div>\n<p id=\"p-1788467910904-71449\" data-path-to-node=\"5\">Aunque la imagen aporta tranquilidad al ratificar que Mariano se encuentra en buen estado, la familia permanece a la espera de un contacto formal por parte de las fuerzas de seguridad provinciales para coordinar los pasos a seguir. En este contexto, el padre del estudiante analiz\u00f3 lo sucedido y desestim\u00f3 la existencia de alg\u00fan conflicto previo:\u00a0<span id=\"saysCMSEmphasisucvn5m769oa\" class=\"saysCMSEmphasis\">\u201cCapaz se quiere ir a vivir all\u00e1, pero nunca nos dijo. Estaba todo b\u00e1rbaro, no hubo discusi\u00f3n ni nada. Esperemos que el Ministerio de Seguridad de C\u00f3rdoba se comunique con nosotros\u201d.<\/span><\/p>\n<\/section>\n<\/section>\n<section class=\"detail-body\">\n<section class=\"body-content note-body content-protected-false\">\n<div id=\"8273366-Libre-893994116_wrap\" class=\"embed_cont type_imagen\" contenteditable=\"false\">\n<div id=\"8273366-Libre-893994116_content\" class=\"embed_content\"><img decoding=\"async\" id=\"8273366-Libre-893994116_embed\" title=\"\" src=\"https:\/\/media.minutouno.com\/p\/87dcb60e90ff149198b95332b61eadba\/adjuntos\/150\/imagenes\/043\/621\/0043621591\/610x0\/914x539:934x559\/mariano-martinez-desaparecido-la-plata.jpg\" alt=\"\" width=\"610\" height=\"undefined\" \/><\/div>\n<div id=\"p-1788468053589-69331\" class=\"embed_wrapper-cont\"><\/div>\n<\/div>\n<p id=\"p-1788467910904-86945\" data-path-to-node=\"6\">Las autoridades orientan la b\u00fasqueda en la zona comercial donde fue visto por \u00faltima vez para dar con el paradero exacto del joven y concretar el reencuentro con sus allegados.<\/p>\n<\/section>\n<\/section>\n<section class=\"detail-body\">\n<section class=\"body-content note-body content-protected-false\">\n<div id=\"embed52_wrap\" class=\"embed_cont type_freetext\" contenteditable=\"false\">\n<div id=\"embed52_content\" class=\"embed_content\"><\/div>\n<\/div>\n<\/section>\n<\/section>\n<\/section>\n<\/section>\n<\/div>\n","protected":false},"excerpt":{"rendered":"<p>La imagen del joven estudiante de Arquitectura corresponde al martes y fue extra\u00edda de las&#8230;<\/p>\n","protected":false},"author":1,"featured_media":5606,"comment_status":"closed","ping_status":"closed","sticky":false,"template":"","format":"standard","meta":{"_jetpack_newsletter_access":"","_jetpack_dont_email_post_to_subs":false,"_jetpack_newsletter_tier_id":0,"_jetpack_memberships_contains_paywalled_content":false,"_jetpack_feature_clip_id":0,"_jetpack_memberships_contains_paid_content":false,"footnotes":"","jetpack_publicize_message":"","jetpack_publicize_feature_enabled":true,"jetpack_social_post_already_shared":true,"jetpack_social_options":{"image_generator_settings":{"template":"highway","default_image_id":0,"font":"","enabled":false},"version":2},"jetpack_post_was_ever_published":false},"categories":[4],"tags":[139],"class_list":["post-5605","post","type-post","status-publish","format-standard","has-post-thumbnail","hentry","category-sociedad","tag-cordoba"],"aioseo_notices":[],"jetpack_publicize_connections":[],"jetpack_sharing_enabled":true,"jetpack_featured_media_url":"https:\/\/www.noticiasbrown.com\/wp-content\/uploads\/2026\/09\/mariano.webp","_links":{"self":[{"href":"https:\/\/www.noticiasbrown.com\/index.php?rest_route=\/wp\/v2\/posts\/5605","targetHints":{"allow":["GET"]}}],"collection":[{"href":"https:\/\/www.noticiasbrown.com\/index.php?rest_route=\/wp\/v2\/posts"}],"about":[{"href":"https:\/\/www.noticiasbrown.com\/index.php?rest_route=\/wp\/v2\/types\/post"}],"author":[{"embeddable":true,"href":"https:\/\/www.noticiasbrown.com\/index.php?rest_route=\/wp\/v2\/users\/1"}],"replies":[{"embeddable":true,"href":"https:\/\/www.noticiasbrown.com\/index.php?rest_route=%2Fwp%2Fv2%2Fcomments&post=5605"}],"version-history":[{"count":1,"href":"https:\/\/www.noticiasbrown.com\/index.php?rest_route=\/wp\/v2\/posts\/5605\/revisions"}],"predecessor-version":[{"id":5607,"href":"https:\/\/www.noticiasbrown.com\/index.php?rest_route=\/wp\/v2\/posts\/5605\/revisions\/5607"}],"wp:featuredmedia":[{"embeddable":true,"href":"https:\/\/www.noticiasbrown.com\/index.php?rest_route=\/wp\/v2\/media\/5606"}],"wp:attachment":[{"href":"https:\/\/www.noticiasbrown.com\/index.php?rest_route=%2Fwp%2Fv2%2Fmedia&parent=5605"}],"wp:term":[{"taxonomy":"category","embeddable":true,"href":"https:\/\/www.noticiasbrown.com\/index.php?rest_route=%2Fwp%2Fv2%2Fcategories&post=5605"},{"taxonomy":"post_tag","embeddable":true,"href":"https:\/\/www.noticiasbrown.com\/index.php?rest_route=%2Fwp%2Fv2%2Ftags&post=5605"}],"curies":[{"name":"wp","href":"https:\/\/api.w.org\/{rel}","templated":true}]}}