{"id":5602,"date":"2026-09-04T10:20:21","date_gmt":"2026-09-04T13:20:21","guid":{"rendered":"https:\/\/www.noticiasbrown.com\/?p=5602"},"modified":"2026-09-04T09:00:40","modified_gmt":"2026-09-04T12:00:40","slug":"asi-fue-visto-lionel-messi-a-tres-dias-de-comunicar-su-adios-a-la-seleccion-argentina","status":"publish","type":"post","link":"https:\/\/www.noticiasbrown.com\/?p=5602","title":{"rendered":"As\u00ed fue visto Lionel Messi a tres d\u00edas de comunicar su adi\u00f3s a la Selecci\u00f3n Argentina"},"content":{"rendered":"<div class=\"detail-header-wrapper\">\n<h3 id=\"p-1788479224637-10777\" class=\"ignore-parser\">Tras anunciar que se retira de la Scaloneta, Messi fue captado en absoluta tranquilidad y junto a su familia en Miami. Mir\u00e1.<\/h3>\n<section class=\"detail-body first-paragraph\">\n<section id=\"note-body\" class=\"body-content note-body content-protected-false\" data-twitter-link=\"https:\/\/twitter.com\/intent\/tweet?url=https:\/\/www.minutouno.com\/c6318387&amp;v\u00eda=Ambitocom&amp;related=MinutoUno&amp;text=\">\n<p id=\"p-1788480107664-77465\" data-path-to-node=\"2\">La conmoci\u00f3n por el fin de una era en la Selecci\u00f3n argentina contin\u00faa.\u00a0Tras el anuncio realizado el pasado lunes, en el que\u00a0<strong>Lionel Messi<\/strong>\u00a0confirm\u00f3 que no llegar\u00e1 a la pr\u00f3xima Copa del Mundo y que pone fin a su ciclo con la Scaloneta,\u00a0<strong>la figura del capit\u00e1n sigue en el centro de la escena global<\/strong>.<\/p>\n<\/section>\n<\/section>\n<section class=\"detail-body second-paragraph\">\n<section class=\"body-content note-body content-protected-false\">\n<p id=\"p-1788480107664-63631\" data-path-to-node=\"3\">En medio de una catarata de homenajes dispuestos por la AFA en las canchas del pa\u00eds y las gestiones para organizarle una despedida formal en la pr\u00f3xima fecha FIFA, el capit\u00e1n argentino reapareci\u00f3 en la escena p\u00fablica.<\/p>\n<section class=\"detail-body\">\n<section class=\"body-content note-body content-protected-false\">\n<h2 id=\"p-1788480107664-12912\" data-path-to-node=\"4\">Los Messi, en un momento familiar en Miami<\/h2>\n<p id=\"p-1788480107664-48329\" data-path-to-node=\"5\">Las im\u00e1genes del &#8220;10&#8221; se viralizaron este jueves. Alejado del bullicio medi\u00e1tico,\u00a0<strong>Messi fue visto en las instalaciones del Inter Miami en un rol estrictamente familiar:<\/strong>\u00a0asisti\u00f3 a los campos de entrenamiento del club de la Florida para presenciar las pr\u00e1cticas de sus hijos en las categor\u00edas juveniles de las &#8220;Garzas&#8221;.<\/p>\n<\/section>\n<\/section>\n<section class=\"detail-body\">\n<section class=\"body-content note-body content-protected-false\">\n<div id=\"8273828-1103738726_wrap\" class=\"embed_cont type_video\" contenteditable=\"false\">\n<div id=\"8273828-1103738726_content\" class=\"embed_content\">\n<div id=\"8273828-1103738726_embed\">\n<div id=\"mediaPlayer_8273828-1103738726\"><iframe loading=\"lazy\" src=\"https:\/\/www.minutouno.com\/services\/embed.php?idAdjunto=8273828&amp;idAdjuntoTamano=&amp;width=622&amp;height=351&amp;tipo=video\" width=\"622\" height=\"351\" frameborder=\"0\" scrolling=\"no\" allowfullscreen=\"allowfullscreen\" data-td-src-property=\"https:\/\/www.minutouno.com\/services\/embed.php?idAdjunto=8273828&amp;idAdjuntoTamano=&amp;width=622&amp;height=351&amp;tipo=video\" data-mce-fragment=\"1\"><\/iframe><\/div>\n<\/div>\n<\/div>\n<div id=\"p-1788487623093-91549\" class=\"embed_wrapper-cont\"><\/div>\n<\/div>\n<p id=\"p-1788480107665-88019\" data-path-to-node=\"6,1,0\">Como era de esperarse, estuvo acompa\u00f1ado por su esposa,<strong>\u00a0Antonela Roccuzzo<\/strong>, compartiendo unos mates junto a otros padres y familias de la instituci\u00f3n, en un ambiente completamente distendido. Con una chomba a rayas, bermudas y ojotas, se vio a Messi realmente disfrutando un momento sin presiones.<\/p>\n<\/section>\n<\/section>\n<section class=\"detail-body\">\n<section class=\"body-content note-body content-protected-false\">\n<p id=\"p-1788480107665-46446\" data-path-to-node=\"7\">Mientras las instituciones deportivas y referentes de todo el planeta multiplican los reconocimientos hacia su carrera con la camiseta nacional, Messi transita los primeros d\u00edas posteriores a su anuncio en calma, enfocado en su d\u00eda a d\u00eda en Estados Unidos y disfrutando del \u00e1mbito familiar.<\/p>\n<\/section>\n<\/section>\n<section class=\"detail-body\">\n<section class=\"body-content note-body content-protected-false\">\n<p id=\"p-1788487654758-31274\" data-path-to-node=\"7\">Por supuesto, los argentinos y el mundo entero a\u00fan lloran la imposibilidad de volver a verlo con la Albiceleste, pero quienes aman a la Pulga tambi\u00e9n velan por su bienestar y, justamente, este video que se viraliz\u00f3 muestra que, finalmente, el 10 atraviesa d\u00edas de descanso.<\/p>\n<\/section>\n<\/section>\n<\/section>\n<\/section>\n<\/div>\n","protected":false},"excerpt":{"rendered":"<p>Tras anunciar que se retira de la Scaloneta, Messi fue captado en absoluta tranquilidad y&#8230;<\/p>\n","protected":false},"author":1,"featured_media":5603,"comment_status":"closed","ping_status":"closed","sticky":false,"template":"","format":"standard","meta":{"_jetpack_newsletter_access":"","_jetpack_dont_email_post_to_subs":false,"_jetpack_newsletter_tier_id":0,"_jetpack_memberships_contains_paywalled_content":false,"_jetpack_feature_clip_id":0,"_jetpack_memberships_contains_paid_content":false,"footnotes":"","jetpack_publicize_message":"","jetpack_publicize_feature_enabled":true,"jetpack_social_post_already_shared":true,"jetpack_social_options":{"image_generator_settings":{"template":"highway","default_image_id":0,"font":"","enabled":false},"version":2},"jetpack_post_was_ever_published":false},"categories":[5],"tags":[62,698],"class_list":["post-5602","post","type-post","status-publish","format-standard","has-post-thumbnail","hentry","category-deporte","tag-argentina","tag-lionel-messi-seleccion"],"aioseo_notices":[],"jetpack_publicize_connections":[],"jetpack_sharing_enabled":true,"jetpack_featured_media_url":"https:\/\/www.noticiasbrown.com\/wp-content\/uploads\/2026\/09\/messi-miami.webp","_links":{"self":[{"href":"https:\/\/www.noticiasbrown.com\/index.php?rest_route=\/wp\/v2\/posts\/5602","targetHints":{"allow":["GET"]}}],"collection":[{"href":"https:\/\/www.noticiasbrown.com\/index.php?rest_route=\/wp\/v2\/posts"}],"about":[{"href":"https:\/\/www.noticiasbrown.com\/index.php?rest_route=\/wp\/v2\/types\/post"}],"author":[{"embeddable":true,"href":"https:\/\/www.noticiasbrown.com\/index.php?rest_route=\/wp\/v2\/users\/1"}],"replies":[{"embeddable":true,"href":"https:\/\/www.noticiasbrown.com\/index.php?rest_route=%2Fwp%2Fv2%2Fcomments&post=5602"}],"version-history":[{"count":1,"href":"https:\/\/www.noticiasbrown.com\/index.php?rest_route=\/wp\/v2\/posts\/5602\/revisions"}],"predecessor-version":[{"id":5604,"href":"https:\/\/www.noticiasbrown.com\/index.php?rest_route=\/wp\/v2\/posts\/5602\/revisions\/5604"}],"wp:featuredmedia":[{"embeddable":true,"href":"https:\/\/www.noticiasbrown.com\/index.php?rest_route=\/wp\/v2\/media\/5603"}],"wp:attachment":[{"href":"https:\/\/www.noticiasbrown.com\/index.php?rest_route=%2Fwp%2Fv2%2Fmedia&parent=5602"}],"wp:term":[{"taxonomy":"category","embeddable":true,"href":"https:\/\/www.noticiasbrown.com\/index.php?rest_route=%2Fwp%2Fv2%2Fcategories&post=5602"},{"taxonomy":"post_tag","embeddable":true,"href":"https:\/\/www.noticiasbrown.com\/index.php?rest_route=%2Fwp%2Fv2%2Ftags&post=5602"}],"curies":[{"name":"wp","href":"https:\/\/api.w.org\/{rel}","templated":true}]}}