{"id":5600,"date":"2026-09-04T10:00:29","date_gmt":"2026-09-04T13:00:29","guid":{"rendered":"https:\/\/www.noticiasbrown.com\/?p=5600"},"modified":"2026-09-04T08:53:49","modified_gmt":"2026-09-04T11:53:49","slug":"sandra-pettovello-firmo-el-decreto-824-2026-y-hay-bono-para-los-que-se-jubilaron-antes-de-la-edad-necesaria","status":"publish","type":"post","link":"https:\/\/www.noticiasbrown.com\/?p=5600","title":{"rendered":"Sandra Pettovello firm\u00f3 el Decreto 824\/2026 y hay bono para los que se jubilaron antes de la edad necesaria"},"content":{"rendered":"<div class=\"detail-header-wrapper\">\n<h3 id=\"p-1788452730383-19655\" class=\"ignore-parser\">Sandra Pettovello oficializ\u00f3 el pago del bono extraordinario de ANSES para el mes de septiembre. Conoc\u00e9 los nuevos montos con el aumento.<\/h3>\n<section class=\"detail-body first-paragraph\">\n<section id=\"note-body\" class=\"body-content note-body content-protected-false\" data-twitter-link=\"https:\/\/twitter.com\/intent\/tweet?url=https:\/\/www.minutouno.com\/c6318212&amp;v\u00eda=Ambitocom&amp;related=MinutoUno&amp;text=\">\n<p id=\"p-1788452779485-74312\"><strong>El Gobierno nacional, a trav\u00e9s del Ministerio de Capital Humano que conduce Sandra Pettovello,<\/strong>\u00a0ratific\u00f3 un nuevo incremento del 2,11% para todas las prestaciones de la\u00a0<strong data-path-to-node=\"3\" data-index-in-node=\"138\">ANSES<\/strong>\u00a0durante septiembre. Esta actualizaci\u00f3n mensual, calculada por la f\u00f3rmula de movilidad vigente seg\u00fan el IPC, se complementar\u00e1 con un importante refuerzo econ\u00f3mico destinado a los sectores m\u00e1s vulnerables.<\/p>\n<\/section>\n<\/section>\n<section class=\"detail-body second-paragraph\">\n<section class=\"body-content note-body content-protected-false\">\n<h2 id=\"p-1788452779485-96746\" data-path-to-node=\"4\">C\u00f3mo impacta el bono de\u00a0<strong data-path-to-node=\"4\" data-index-in-node=\"24\">ANSES<\/strong>\u00a0y los nuevos montos<\/h2>\n<div id=\"8215126-Libre-1781451763_wrap\" class=\"embed_cont type_imagen\" contenteditable=\"false\">\n<div id=\"8215126-Libre-1781451763_content\" class=\"embed_content\"><img decoding=\"async\" id=\"8215126-Libre-1781451763_embed\" title=\"Sandra Pettovello firm\u00f3 un bono para empleadas dom\u00e9sticas\" src=\"https:\/\/media.minutouno.com\/p\/0172b903bee754c4d72bd8e27cb41e74\/adjuntos\/150\/imagenes\/043\/321\/0043321654\/610x0\/smart\/sandra-pettovello-firmo-un-bono-empleadas-domesticas.png\" alt=\"Sandra Pettovello firm\u00f3 un bono para empleadas dom\u00e9sticas\" width=\"610\" height=\"undefined\" \/><\/div>\n<div id=\"p-1788454511777-18554\" class=\"embed_wrapper-cont\">\n<div id=\"8215126-Libre-1781451763_epigrafe\" class=\"embed_epigrafe\">\n<p id=\"p-1788454511777-70737\">Sandra Pettovello firm\u00f3 un bono para empleadas dom\u00e9sticas<\/p>\n<\/div>\n<\/div>\n<\/div>\n<p id=\"p-1788452779485-38092\">Con la confirmaci\u00f3n oficial, los titulares de jubilaciones con haberes m\u00ednimos cobrar\u00e1n un\u00a0<strong data-path-to-node=\"5\" data-index-in-node=\"91\">bono de 70 mil pesos<\/strong>, alcanzando un ingreso total de 498.633,20 pesos. Aquellos beneficiarios que superen la m\u00ednima recibir\u00e1n un\u00a0<strong data-path-to-node=\"5\" data-index-in-node=\"220\">plus proporcional<\/strong>\u00a0hasta lograr igualar dicho tope m\u00e1ximo establecido por el Gobierno.<\/p>\n<section class=\"detail-body\">\n<section class=\"body-content note-body content-protected-false\">\n<p id=\"p-1788452779485-79165\">Asimismo, las Pensiones No Contributivas (PNC) por Invalidez y Vejez, destinadas a quienes no cuentan con la edad o los a\u00f1os de aportes necesarios, ascender\u00e1n a\u00a0<strong data-path-to-node=\"6\" data-index-in-node=\"161\">370.043,24 pesos<\/strong>\u00a0sumando el haber b\u00e1sico con aumento y el refuerzo. Por su parte, la Pensi\u00f3n Universal para el Adulto Mayor (PUAM) quedar\u00e1 fijada en 412.906,56 pesos totales.<\/p>\n<\/section>\n<\/section>\n<section class=\"detail-body\">\n<section class=\"body-content note-body content-protected-false\">\n<p id=\"p-1788452779485-17558\">En cuanto a las asignaciones familiares, el organismo estatal detall\u00f3 que la Asignaci\u00f3n Universal por Hijo pasar\u00e1 a cobrar 154.031 pesos, mientras que la prestaci\u00f3n por\u00a0<strong data-path-to-node=\"7\" data-index-in-node=\"169\">Hijo con Discapacidad<\/strong>\u00a0alcanzar\u00e1 los 501.537 pesos. Todos los dep\u00f3sitos correspondientes se realizar\u00e1n en las fechas estipuladas por el calendario habitual.<\/p>\n<\/section>\n<\/section>\n<\/section>\n<\/section>\n<\/div>\n","protected":false},"excerpt":{"rendered":"<p>Sandra Pettovello oficializ\u00f3 el pago del bono extraordinario de ANSES para el mes de septiembre&#8230;.<\/p>\n","protected":false},"author":1,"featured_media":5475,"comment_status":"closed","ping_status":"closed","sticky":false,"template":"","format":"standard","meta":{"_jetpack_newsletter_access":"","_jetpack_dont_email_post_to_subs":false,"_jetpack_newsletter_tier_id":0,"_jetpack_memberships_contains_paywalled_content":false,"_jetpack_feature_clip_id":0,"_jetpack_memberships_contains_paid_content":false,"footnotes":"","jetpack_publicize_message":"","jetpack_publicize_feature_enabled":true,"jetpack_social_post_already_shared":true,"jetpack_social_options":{"image_generator_settings":{"template":"highway","default_image_id":0,"font":"","enabled":false},"version":2},"jetpack_post_was_ever_published":false},"categories":[4],"tags":[117,262,554],"class_list":["post-5600","post","type-post","status-publish","format-standard","has-post-thumbnail","hentry","category-sociedad","tag-anses","tag-bono","tag-sandra-pettovello"],"aioseo_notices":[],"jetpack_publicize_connections":[],"jetpack_sharing_enabled":true,"jetpack_featured_media_url":"https:\/\/www.noticiasbrown.com\/wp-content\/uploads\/2026\/09\/pettovello.jfif","_links":{"self":[{"href":"https:\/\/www.noticiasbrown.com\/index.php?rest_route=\/wp\/v2\/posts\/5600","targetHints":{"allow":["GET"]}}],"collection":[{"href":"https:\/\/www.noticiasbrown.com\/index.php?rest_route=\/wp\/v2\/posts"}],"about":[{"href":"https:\/\/www.noticiasbrown.com\/index.php?rest_route=\/wp\/v2\/types\/post"}],"author":[{"embeddable":true,"href":"https:\/\/www.noticiasbrown.com\/index.php?rest_route=\/wp\/v2\/users\/1"}],"replies":[{"embeddable":true,"href":"https:\/\/www.noticiasbrown.com\/index.php?rest_route=%2Fwp%2Fv2%2Fcomments&post=5600"}],"version-history":[{"count":1,"href":"https:\/\/www.noticiasbrown.com\/index.php?rest_route=\/wp\/v2\/posts\/5600\/revisions"}],"predecessor-version":[{"id":5601,"href":"https:\/\/www.noticiasbrown.com\/index.php?rest_route=\/wp\/v2\/posts\/5600\/revisions\/5601"}],"wp:featuredmedia":[{"embeddable":true,"href":"https:\/\/www.noticiasbrown.com\/index.php?rest_route=\/wp\/v2\/media\/5475"}],"wp:attachment":[{"href":"https:\/\/www.noticiasbrown.com\/index.php?rest_route=%2Fwp%2Fv2%2Fmedia&parent=5600"}],"wp:term":[{"taxonomy":"category","embeddable":true,"href":"https:\/\/www.noticiasbrown.com\/index.php?rest_route=%2Fwp%2Fv2%2Fcategories&post=5600"},{"taxonomy":"post_tag","embeddable":true,"href":"https:\/\/www.noticiasbrown.com\/index.php?rest_route=%2Fwp%2Fv2%2Ftags&post=5600"}],"curies":[{"name":"wp","href":"https:\/\/api.w.org\/{rel}","templated":true}]}}