{"id":5597,"date":"2026-09-04T09:20:28","date_gmt":"2026-09-04T12:20:28","guid":{"rendered":"https:\/\/www.noticiasbrown.com\/?p=5597"},"modified":"2026-09-04T08:51:55","modified_gmt":"2026-09-04T11:51:55","slug":"tiene-14-anos-y-creo-un-dispositivo-que-permite-a-personas-sordas-sentir-el-canto-de-las-aves","status":"publish","type":"post","link":"https:\/\/www.noticiasbrown.com\/?p=5597","title":{"rendered":"Tiene 14 a\u00f1os y cre\u00f3 un dispositivo que permite a personas sordas &#8220;sentir&#8221; el canto de las aves"},"content":{"rendered":"<div class=\"detail-header-wrapper\">\n<h3 id=\"p-1788519841151-85322\" class=\"ignore-parser\">El colombiano Juan Sebasti\u00e1n \u00c1vila P\u00e9rez desarroll\u00f3 \u201cAlas de Inclusi\u00f3n\u201d, una iniciativa que transforma los sonidos de las aves en vibraciones.<\/h3>\n<section class=\"detail-body first-paragraph\">\n<section id=\"note-body\" class=\"body-content note-body content-protected-false\" data-twitter-link=\"https:\/\/twitter.com\/intent\/tweet?url=https:\/\/www.minutouno.com\/c6318459&amp;v\u00eda=Ambitocom&amp;related=MinutoUno&amp;text=\">\n<p id=\"p-1788520043212-19262\">Con apenas\u00a0<strong>14 a\u00f1os, Juan Sebasti\u00e1n \u00c1vila P\u00e9rez<\/strong>, oriundo de Neiva, Colombia, est\u00e1 demostrando que la innovaci\u00f3n tambi\u00e9n puede convertirse en una poderosa herramienta de inclusi\u00f3n. El joven desarroll\u00f3 un dispositivo pensado para que\u00a0<strong>personas sordas puedan experimentar el canto de las aves a trav\u00e9s de vibraciones<\/strong>, una iniciativa que le vali\u00f3 un reconocimiento internacional.<\/p>\n<\/section>\n<\/section>\n<section class=\"detail-body second-paragraph\">\n<section class=\"body-content note-body content-protected-false\">\n<p id=\"p-1788520043212-44951\">Su proyecto, denominado\u00a0<strong>\u201cAlas de Inclusi\u00f3n\u201d<\/strong>, naci\u00f3 despu\u00e9s de observar que los ni\u00f1os sordos encontraban una barrera evidente al participar de actividades de observaci\u00f3n de aves: buena parte de la experiencia depende de poder escuchar sus cantos y llamados.<\/p>\n<section class=\"detail-body\">\n<section class=\"body-content note-body content-protected-false\">\n<p id=\"p-1788520933599-78375\">Junto con un profesor de su colegio, el joven colombiano comenz\u00f3 a trabajar en un prototipo port\u00e1til basado en tecnolog\u00eda vibrot\u00e1ctil. El sistema capta los sonidos de las aves y los transforma en\u00a0<strong>vibraciones que pueden percibirse f\u00edsicamente<\/strong>, permitiendo acercar la experiencia de la naturaleza a quienes no pueden escucharla.<\/p>\n<\/section>\n<\/section>\n<section class=\"detail-body\">\n<section class=\"body-content note-body content-protected-false\">\n<p id=\"p-1788520043212-20516\">La propuesta va m\u00e1s all\u00e1 de generar una vibraci\u00f3n cuando aparece un sonido. Seg\u00fan Action For Nature, las diferentes caracter\u00edsticas ac\u00fasticas de las especies producen patrones distintos en el dispositivo, con el objetivo de que el usuario pueda\u00a0<strong data-uw-rm-color-contrast=\"prs\">sentir e identificar diferentes cantos de aves mediante est\u00edmulos t\u00e1ctiles en el brazo<\/strong>.<\/p>\n<\/section>\n<\/section>\n<section class=\"detail-body\">\n<section class=\"body-content note-body content-protected-false\">\n<div id=\"8273917-Libre-53915169_wrap\" class=\"embed_cont type_imagen\" contenteditable=\"false\">\n<div id=\"8273917-Libre-53915169_content\" class=\"embed_content\"><img decoding=\"async\" id=\"8273917-Libre-53915169_embed\" title=\"El colombiano Juan Sebasti\u00e1n \u00c1vila P\u00e9rez desarroll\u00f3 \u201cAlas de Inclusi\u00f3n\u201d, una iniciativa que transforma los sonidos de las aves en vibraciones.\" src=\"https:\/\/media.minutouno.com\/p\/b1bf5d3e781a441f57f9d94ed53c568d\/adjuntos\/150\/imagenes\/043\/622\/0043622292\/610x0\/835x595:855x615\/el-colombiano-juan-sebastian-avila-perez-desarrollo-alas-inclusion-una-iniciativa-que-transforma-los-sonidos-las-aves-vibraciones.jpg\" alt=\"El colombiano Juan Sebasti\u00e1n \u00c1vila P\u00e9rez desarroll\u00f3 \u201cAlas de Inclusi\u00f3n\u201d, una iniciativa que transforma los sonidos de las aves en vibraciones.\" width=\"610\" height=\"undefined\" \/><\/div>\n<div id=\"p-1788521654684-63343\" class=\"embed_wrapper-cont\">\n<div id=\"8273917-Libre-53915169_epigrafe\" class=\"embed_epigrafe\">\n<p id=\"p-1788521654684-29602\">El colombiano Juan Sebasti\u00e1n \u00c1vila P\u00e9rez desarroll\u00f3 \u201cAlas de Inclusi\u00f3n\u201d, una iniciativa que transforma los sonidos de las aves en vibraciones.<\/p>\n<\/div>\n<\/div>\n<\/div>\n<h2 id=\"p-1788521021127-87006\" class=\"\" data-uw-rm-heading=\"prs\">Alas de Inclusi\u00f3n naci\u00f3 de una pasi\u00f3n por las aves<\/h2>\n<p id=\"p-1788521021127-96266\">\nEl proyecto comenz\u00f3 en\u00a0<strong data-uw-rm-color-contrast=\"prs\">2025<\/strong>, pero la relaci\u00f3n de Juan Sebasti\u00e1n con la conservaci\u00f3n viene de a\u00f1os atr\u00e1s. De acuerdo con Action For Nature,\u00a0<strong data-uw-rm-color-contrast=\"prs\">cinco a\u00f1os antes ya hab\u00eda comenzado una campa\u00f1a comunitaria relacionada con la protecci\u00f3n de la biodiversidad de aves en Colombia\u00a0<\/strong>y posteriormente realiz\u00f3 talleres, charlas, jornadas de siembra de \u00e1rboles y actividades de recolecci\u00f3n de residuos.<\/p>\n<\/section>\n<\/section>\n<section class=\"detail-body\">\n<section class=\"body-content note-body content-protected-false\">\n<p id=\"p-1788521084627-97957\" data-uw-rm-color-contrast=\"prs\">Esa experiencia fue la que termin\u00f3 conectando dos asuntos que generalmente se abordan por separado: la\u00a0<strong data-uw-rm-color-contrast=\"prs\">observaci\u00f3n de aves<\/strong>\u00a0y la\u00a0<strong data-uw-rm-color-contrast=\"prs\">accesibilidad para personas sordas<\/strong>. El desarrollo ya super\u00f3 su primera prueba de concepto y actualmente se encuentra en una etapa de ajustes para reducir su tama\u00f1o, organizar mejor el cableado y conseguir que pueda llevarse con mayor comodidad en el brazo.<\/p>\n<p id=\"p-1788521084627-80564\">El alcance de la iniciativa llev\u00f3 a Juan Sebasti\u00e1n a recibir el\u00a0<strong data-uw-rm-color-contrast=\"prs\">tercer lugar en los International Young Eco-Hero Awards 2026<\/strong>, en la categor\u00eda correspondiente a j\u00f3venes de hasta 14 a\u00f1os. El reconocimiento es entregado por Action For Nature, organizaci\u00f3n internacional que destaca proyectos ambientales liderados por ni\u00f1os y adolescentes.<\/p>\n<p id=\"p-1788521084627-37534\" data-uw-rm-color-contrast=\"prs\">La edici\u00f3n de 2026 reuni\u00f3\u00a0<strong data-uw-rm-color-contrast=\"prs\">476 postulaciones de 50 pa\u00edses<\/strong>\u00a0y seleccion\u00f3 a 16 ganadores, de entre 10 y 16 a\u00f1os, con iniciativas relacionadas con conservaci\u00f3n marina, agricultura sostenible, calidad del aire, tecnolog\u00eda y otros desaf\u00edos ambientales. La organizaci\u00f3n present\u00f3 oficialmente a los ganadores durante agosto de 2026.<\/p>\n<h2 id=\"p-1788521141505-34750\" data-uw-rm-color-contrast=\"prs\">Innovaci\u00f3n para incluir<\/h2>\n<p id=\"p-1788521141505-43350\">El proyecto de Juan Sebasti\u00e1n muestra c\u00f3mo una idea aparentemente sencilla puede conectar mundos que muchas veces se desarrollan por separado:\u00a0<strong>tecnolog\u00eda, inclusi\u00f3n social y protecci\u00f3n de la naturaleza<\/strong>.<\/p>\n<p id=\"p-1788521141505-74773\">A los 14 a\u00f1os, su objetivo no pasa solamente por crear un nuevo dispositivo. Busca que m\u00e1s personas puedan experimentar la biodiversidad y, a partir de esa experiencia, tambi\u00e9n se interesen por protegerla.<\/p>\n<p id=\"p-1788521141505-90083\">Convertir un canto que algunos no pueden escuchar en una vibraci\u00f3n que s\u00ed pueden sentir fue su manera de derribar una barrera. Y tambi\u00e9n una demostraci\u00f3n de que\u00a0<strong>la innovaci\u00f3n puede comenzar cuando alguien se pregunta por qu\u00e9 una experiencia no est\u00e1 al alcance de todos<\/strong>.<\/p>\n<\/section>\n<\/section>\n<\/section>\n<\/section>\n<\/div>\n","protected":false},"excerpt":{"rendered":"<p>El colombiano Juan Sebasti\u00e1n \u00c1vila P\u00e9rez desarroll\u00f3 \u201cAlas de Inclusi\u00f3n\u201d, una iniciativa que transforma los&#8230;<\/p>\n","protected":false},"author":1,"featured_media":5598,"comment_status":"closed","ping_status":"closed","sticky":false,"template":"","format":"standard","meta":{"_jetpack_newsletter_access":"","_jetpack_dont_email_post_to_subs":false,"_jetpack_newsletter_tier_id":0,"_jetpack_memberships_contains_paywalled_content":false,"_jetpack_feature_clip_id":0,"_jetpack_memberships_contains_paid_content":false,"footnotes":"","jetpack_publicize_message":"","jetpack_publicize_feature_enabled":true,"jetpack_social_post_already_shared":true,"jetpack_social_options":{"image_generator_settings":{"template":"highway","default_image_id":0,"font":"","enabled":false},"version":2},"jetpack_post_was_ever_published":false},"categories":[4],"tags":[144,964,965,966],"class_list":["post-5597","post","type-post","status-publish","format-standard","has-post-thumbnail","hentry","category-sociedad","tag-colombia","tag-dispositivos","tag-inclusion","tag-tecnologia"],"aioseo_notices":[],"jetpack_publicize_connections":[],"jetpack_sharing_enabled":true,"jetpack_featured_media_url":"https:\/\/www.noticiasbrown.com\/wp-content\/uploads\/2026\/09\/fotografo-colombiano-aves.webp","_links":{"self":[{"href":"https:\/\/www.noticiasbrown.com\/index.php?rest_route=\/wp\/v2\/posts\/5597","targetHints":{"allow":["GET"]}}],"collection":[{"href":"https:\/\/www.noticiasbrown.com\/index.php?rest_route=\/wp\/v2\/posts"}],"about":[{"href":"https:\/\/www.noticiasbrown.com\/index.php?rest_route=\/wp\/v2\/types\/post"}],"author":[{"embeddable":true,"href":"https:\/\/www.noticiasbrown.com\/index.php?rest_route=\/wp\/v2\/users\/1"}],"replies":[{"embeddable":true,"href":"https:\/\/www.noticiasbrown.com\/index.php?rest_route=%2Fwp%2Fv2%2Fcomments&post=5597"}],"version-history":[{"count":1,"href":"https:\/\/www.noticiasbrown.com\/index.php?rest_route=\/wp\/v2\/posts\/5597\/revisions"}],"predecessor-version":[{"id":5599,"href":"https:\/\/www.noticiasbrown.com\/index.php?rest_route=\/wp\/v2\/posts\/5597\/revisions\/5599"}],"wp:featuredmedia":[{"embeddable":true,"href":"https:\/\/www.noticiasbrown.com\/index.php?rest_route=\/wp\/v2\/media\/5598"}],"wp:attachment":[{"href":"https:\/\/www.noticiasbrown.com\/index.php?rest_route=%2Fwp%2Fv2%2Fmedia&parent=5597"}],"wp:term":[{"taxonomy":"category","embeddable":true,"href":"https:\/\/www.noticiasbrown.com\/index.php?rest_route=%2Fwp%2Fv2%2Fcategories&post=5597"},{"taxonomy":"post_tag","embeddable":true,"href":"https:\/\/www.noticiasbrown.com\/index.php?rest_route=%2Fwp%2Fv2%2Ftags&post=5597"}],"curies":[{"name":"wp","href":"https:\/\/api.w.org\/{rel}","templated":true}]}}