{"id":5588,"date":"2026-09-04T08:45:34","date_gmt":"2026-09-04T11:45:34","guid":{"rendered":"https:\/\/www.noticiasbrown.com\/?p=5588"},"modified":"2026-09-04T08:45:34","modified_gmt":"2026-09-04T11:45:34","slug":"asi-reacciono-la-prensa-britanica-a-la-cadena-nacional-malvinera-de-javier-milei","status":"publish","type":"post","link":"https:\/\/www.noticiasbrown.com\/?p=5588","title":{"rendered":"As\u00ed reaccion\u00f3 la prensa brit\u00e1nica a la cadena nacional malvinera de Javier Milei"},"content":{"rendered":"<div class=\"detail-header-wrapper\">\n<h3 id=\"p-1788486640295-2265\" class=\"ignore-parser\">Aunque se\u00f1ala que se trata de la ret\u00f3rica tradicional de los gobiernos argentinos, destaca que el v\u00ednculo entre Milei y Trump podr\u00eda afectar a Malvinas.<\/h3>\n<section class=\"detail-body first-paragraph\">\n<section id=\"note-body\" class=\"body-content note-body content-protected-false\" data-twitter-link=\"https:\/\/twitter.com\/intent\/tweet?url=https:\/\/www.minutouno.com\/c6318424&amp;v\u00eda=Ambitocom&amp;related=MinutoUno&amp;text=\">\n<p id=\"p-1788486645111-42460\">La prensa brit\u00e1nica reacci\u00f3n con rapidez a la<strong>\u00a0cadena nacional que este jueves brind\u00f3 Javier Milei<\/strong>, relativizando el\u00a0<strong>nuevo reclamo de soberan\u00eda sobre las Islas Malvinas que hizo el presidente argentino al considerarlo \u201calgo del pasado\u201d<\/strong>.<\/p>\n<\/section>\n<\/section>\n<section class=\"detail-body second-paragraph\">\n<section class=\"body-content note-body content-protected-false\">\n<p id=\"p-1788486645112-24737\">No obstante, tambi\u00e9n hace hincapi\u00e9 en el cambio geopol\u00edtico que representa el eventual cambio de opini\u00f3n de los Estados Unidos que, de la mano del enojo de Donald Trump con el Reino Unido,\u00a0<strong>podr\u00eda acarrear consecuencias econ\u00f3micas para las islas en medio de las dificultades que el primer ministro Andy Burnham est\u00e1 teniendo para ajustar las finanzas del pa\u00eds<\/strong>.<\/p>\n<section class=\"detail-body\">\n<section class=\"body-content note-body content-protected-false\">\n<p id=\"p-1788486645112-73275\">Para algunos medios,\u00a0<strong>la ret\u00f3rica sobre el reclamo territorial se mantiene dentro de los carriles tradicionales de la pol\u00edtica exterior argentina<\/strong>. &#8220;Es algo del pasado&#8221;, indic\u00f3 la cadena\u00a0<em>Sky News<\/em>, el primer gran medio brit\u00e1nico en analizar la cadena nacional.<\/p>\n<\/section>\n<\/section>\n<section class=\"detail-body\">\n<section class=\"body-content note-body content-protected-false\">\n<p id=\"p-1788486645112-19284\">En una columna de an\u00e1lisis firmada por su corresponsal principal, Mark Stone, y titulada &#8220;Trump y el petr\u00f3leo hacen que la declaraci\u00f3n de este presidente argentino tenga un impacto diferente&#8221;, la cadena desestim\u00f3 el\u00a0<strong>reclamo soberano argentino por considerarlo &#8220;algo del pasado&#8221;, aunque advierte que minimizar el discurso ser\u00eda un \u201cerror estrat\u00e9gico\u201d.<\/strong><\/p>\n<\/section>\n<\/section>\n<section class=\"detail-body\">\n<section class=\"body-content note-body content-protected-false\">\n<div id=\"8273882-Libre-966770619_wrap\" class=\"embed_cont type_imagen\" contenteditable=\"false\">\n<div id=\"8273882-Libre-966770619_content\" class=\"embed_content\"><img decoding=\"async\" id=\"8273882-Libre-966770619_embed\" title=\"\" src=\"https:\/\/media.minutouno.com\/p\/e960eb3b6aa5806ca69441d5ec426dd6\/adjuntos\/150\/imagenes\/043\/622\/0043622199\/610x0\/smart\/medio-britanico-discurso-milei.jpg\" alt=\"\" width=\"610\" height=\"undefined\" \/><\/div>\n<div id=\"p-1788486735301-52171\" class=\"embed_wrapper-cont\"><\/div>\n<\/div>\n<p id=\"p-1788486645112-140\">Para medios como el\u00a0<em>Financial Times<\/em>, que titula \u201cMilei intensifica la reivindicaci\u00f3n argentina sobre las Malvinas\u201d, \u201cJavier Milei est\u00e1 devolviendo la reivindicaci\u00f3n de su pa\u00eds sobre las Islas Malvinas al centro de la agenda pol\u00edtica,\u00a0<strong>en un momento en que las tensiones entre el Reino Unido y Estados Unidos crean una oportunidad para su gobierno, que atraviesa dificultades<\/strong>\u201d.<\/p>\n<\/section>\n<\/section>\n<section class=\"detail-body\">\n<section class=\"body-content note-body content-protected-false\">\n<p id=\"p-1788486645112-15373\">Tras calificarlo como\u00a0<strong>\u201cangl\u00f3filo declarado y admirador de Margaret Thatcher\u201d,<\/strong>\u00a0advierte que \u201ca medida que la econom\u00eda argentina se desacelera y la popularidad de Milei disminuye, su estrecho\u00a0<strong>aliado Donald Trump le ha creado una oportunidad para contrarrestar esos ataques\u201d de la oposici\u00f3n<\/strong>.<\/p>\n<p id=\"p-1788486645112-48635\">Tambi\u00e9n el\u00a0<em>Daily Mail<\/em>\u00a0refleja la inquietud brit\u00e1nica ante la posibilidad de que la sinton\u00eda entre Milei y Trump modifique la neutralidad hist\u00f3rica de Estados Unidos,\u00a0<strong>transformando el diferendo en un asunto de peso para la seguridad nacional de Gran Breta\u00f1a\u00a0<\/strong>y, sobre todo, para\u00a0los intereses anglo-israel\u00edes en las islas.<\/p>\n<div id=\"8273883-Libre-1947178961_wrap\" class=\"embed_cont type_imagen\" contenteditable=\"false\">\n<div id=\"8273883-Libre-1947178961_content\" class=\"embed_content\"><img decoding=\"async\" id=\"8273883-Libre-1947178961_embed\" title=\"\" src=\"https:\/\/media.minutouno.com\/p\/63037684e6f70d9b7876ceaf554dbda7\/adjuntos\/150\/imagenes\/043\/622\/0043622200\/610x0\/smart\/medio-britanico-discurso-milei-2.jpg\" alt=\"\" width=\"610\" height=\"undefined\" \/><\/div>\n<\/div>\n<\/section>\n<\/section>\n<\/section>\n<\/section>\n<\/div>\n","protected":false},"excerpt":{"rendered":"<p>Aunque se\u00f1ala que se trata de la ret\u00f3rica tradicional de los gobiernos argentinos, destaca que&#8230;<\/p>\n","protected":false},"author":1,"featured_media":5589,"comment_status":"closed","ping_status":"closed","sticky":false,"template":"","format":"standard","meta":{"_jetpack_newsletter_access":"","_jetpack_dont_email_post_to_subs":false,"_jetpack_newsletter_tier_id":0,"_jetpack_memberships_contains_paywalled_content":false,"_jetpack_feature_clip_id":0,"_jetpack_memberships_contains_paid_content":false,"footnotes":"","jetpack_publicize_message":"","jetpack_publicize_feature_enabled":true,"jetpack_social_post_already_shared":true,"jetpack_social_options":{"image_generator_settings":{"template":"highway","default_image_id":0,"font":"","enabled":false},"version":2},"jetpack_post_was_ever_published":false},"categories":[8],"tags":[53,960,35,961],"class_list":["post-5588","post","type-post","status-publish","format-standard","has-post-thumbnail","hentry","category-mundo","tag-donald-trump","tag-islas-malvinas","tag-javier-milei","tag-reino-unido"],"aioseo_notices":[],"jetpack_publicize_connections":[],"jetpack_sharing_enabled":true,"jetpack_featured_media_url":"https:\/\/www.noticiasbrown.com\/wp-content\/uploads\/2026\/09\/prensa-britanica.webp","_links":{"self":[{"href":"https:\/\/www.noticiasbrown.com\/index.php?rest_route=\/wp\/v2\/posts\/5588","targetHints":{"allow":["GET"]}}],"collection":[{"href":"https:\/\/www.noticiasbrown.com\/index.php?rest_route=\/wp\/v2\/posts"}],"about":[{"href":"https:\/\/www.noticiasbrown.com\/index.php?rest_route=\/wp\/v2\/types\/post"}],"author":[{"embeddable":true,"href":"https:\/\/www.noticiasbrown.com\/index.php?rest_route=\/wp\/v2\/users\/1"}],"replies":[{"embeddable":true,"href":"https:\/\/www.noticiasbrown.com\/index.php?rest_route=%2Fwp%2Fv2%2Fcomments&post=5588"}],"version-history":[{"count":1,"href":"https:\/\/www.noticiasbrown.com\/index.php?rest_route=\/wp\/v2\/posts\/5588\/revisions"}],"predecessor-version":[{"id":5590,"href":"https:\/\/www.noticiasbrown.com\/index.php?rest_route=\/wp\/v2\/posts\/5588\/revisions\/5590"}],"wp:featuredmedia":[{"embeddable":true,"href":"https:\/\/www.noticiasbrown.com\/index.php?rest_route=\/wp\/v2\/media\/5589"}],"wp:attachment":[{"href":"https:\/\/www.noticiasbrown.com\/index.php?rest_route=%2Fwp%2Fv2%2Fmedia&parent=5588"}],"wp:term":[{"taxonomy":"category","embeddable":true,"href":"https:\/\/www.noticiasbrown.com\/index.php?rest_route=%2Fwp%2Fv2%2Fcategories&post=5588"},{"taxonomy":"post_tag","embeddable":true,"href":"https:\/\/www.noticiasbrown.com\/index.php?rest_route=%2Fwp%2Fv2%2Ftags&post=5588"}],"curies":[{"name":"wp","href":"https:\/\/api.w.org\/{rel}","templated":true}]}}