{"id":5582,"date":"2026-09-04T08:30:00","date_gmt":"2026-09-04T11:30:00","guid":{"rendered":"https:\/\/www.noticiasbrown.com\/?p=5582"},"modified":"2026-09-04T08:30:00","modified_gmt":"2026-09-04T11:30:00","slug":"clima-en-buenos-aires-el-pronostico-del-tiempo-para-este-viernes-4-de-septiembre","status":"publish","type":"post","link":"https:\/\/www.noticiasbrown.com\/?p=5582","title":{"rendered":"Clima en Buenos Aires: el pron\u00f3stico del tiempo para este viernes 4 de septiembre"},"content":{"rendered":"<h3>Habr\u00e1 que disfrutar, porque este viernes ser\u00e1 la \u00faltima jornada agradable antes de tres d\u00edas con clima sumamente fr\u00edo en el AMBA.<\/h3>\n<section class=\"detail-body first-paragraph\">\n<section id=\"note-body\" class=\"body-content note-body content-protected-false\" data-twitter-link=\"https:\/\/twitter.com\/intent\/tweet?url=https:\/\/www.minutouno.com\/c6318427&amp;v\u00eda=Ambitocom&amp;related=MinutoUno&amp;text=\">\n<p id=\"p-1788489665384-27313\" data-path-to-node=\"2\">Septiembre arranca recordando que al invierno todav\u00eda le queda hilo en el carretel. Quienes esperaban d\u00edas primaverales para este fin de semana en la Ciudad de Buenos Aires y el conurbano van a tener que recalcular:\u00a0<strong>el ingreso de un frente fr\u00edo polar cambiar\u00e1 dr\u00e1sticamente el clima en el AMBA, con r\u00e1fagas del sur y temperaturas muy bajas<\/strong>.<\/p>\n<\/section>\n<\/section>\n<section class=\"detail-body second-paragraph\">\n<section class=\"body-content note-body content-protected-false\">\n<p id=\"p-1788489736530-18020\" data-path-to-node=\"6,0,0\">Este viernes comenzar\u00e1 con un ambiente fresco pero agradable y bastante sol. La tarde ser\u00e1 el \u00faltimo momento ben\u00e9volo del fin de semana, rozando los 17 \u00b0C. Sin embargo, hacia la noche el viento rotar\u00e1 decididamente al sur, trayendo un marcado aumento de la nubosidad y el inicio del descenso t\u00e9rmico.<\/p>\n<section class=\"detail-body\">\n<section class=\"body-content note-body content-protected-false\">\n<div id=\"8273888-Libre-1620723205_wrap\" class=\"embed_cont type_imagen\" contenteditable=\"false\">\n<div id=\"8273888-Libre-1620723205_content\" class=\"embed_content\"><img decoding=\"async\" id=\"8273888-Libre-1620723205_embed\" title=\"\" src=\"https:\/\/media.minutouno.com\/p\/c3c6d0b92e373a7581b14da7b0133635\/adjuntos\/150\/imagenes\/043\/622\/0043622238\/610x0\/smart\/image.png\" alt=\"\" width=\"610\" height=\"undefined\" \/><\/div>\n<div id=\"p-1788489335401-78796\" class=\"embed_wrapper-cont\"><\/div>\n<\/div>\n<h2 id=\"p-1788489793171-48212\" data-path-to-node=\"6,1,0\">Pron\u00f3stico extendido: as\u00ed estar\u00e1 el clima durante el fin de semana<\/h2>\n<p id=\"p-1788489736530-84473\" data-path-to-node=\"6,1,0\">En tanto, el s\u00e1bado ya se notar\u00e1 el cambio de masa de aire. Con el cielo mayormente cubierto y un viento persistente que llegar\u00e1 desde el R\u00edo de la Plata, las marcas no ir\u00e1n muy lejos: la ma\u00f1ana largar\u00e1 en torno a los 8\u00b0C y la m\u00e1xima apenas rondar\u00e1 los 15\u00b0C. Un d\u00eda gris, ventoso y destemplado.<\/p>\n<\/section>\n<\/section>\n<section class=\"detail-body\">\n<section class=\"body-content note-body content-protected-false\">\n<div id=\"8234321-Libre-962712828_wrap\" class=\"embed_cont type_imagen\" contenteditable=\"false\">\n<div id=\"8234321-Libre-962712828_content\" class=\"embed_content\"><img decoding=\"async\" id=\"8234321-Libre-962712828_embed\" title=\"Clima muy fr\u00edo en el AMBA.\" src=\"https:\/\/media.minutouno.com\/p\/3fe516cfd25b413992422bf4272f7c69\/adjuntos\/150\/imagenes\/043\/422\/0043422886\/610x0\/smart\/clima-muy-frio-el-amba.jpg\" alt=\"Clima muy fr\u00edo en el AMBA.\" width=\"610\" height=\"undefined\" \/><\/div>\n<div id=\"p-1788489912555-91979\" class=\"embed_wrapper-cont\">\n<div id=\"8234321-Libre-962712828_epigrafe\" class=\"embed_epigrafe\">\n<p id=\"p-1788489912555-40791\">Clima muy fr\u00edo en el AMBA.<\/p>\n<\/div>\n<\/div>\n<\/div>\n<p id=\"p-1788489736530-51335\" data-path-to-node=\"6,2,0\">Finalemente, el pico del fr\u00edo se instalar\u00e1 en las primeras horas del domingo. Con\u00a0<strong>m\u00ednimas que se desplomar\u00e1n hasta los 3\u00b0C a 5\u00b0C<\/strong>\u00a0(y valores a\u00fan m\u00e1s bajos de sensaci\u00f3n t\u00e9rmica en \u00e1reas del Gran Buenos Aires), la ma\u00f1ana requerir\u00e1 salir muy abrigado. Por la tarde, la m\u00e1xima no superar\u00e1 los 11\u00b0C o 13\u00b0C.<\/p>\n<\/section>\n<\/section>\n<section class=\"detail-body\">\n<section class=\"body-content note-body content-protected-false\">\n<p id=\"p-1788489851481-50327\" data-path-to-node=\"6,2,0\">Cabe se\u00f1alar que el lunes tambi\u00e9n ser\u00e1 una jornada muy fr\u00eda, pero este cuadro clim\u00e1tico no se extender\u00e1 al martes, sino que las temperaturas volver\u00e1n a subir.<\/p>\n<\/section>\n<\/section>\n<\/section>\n<\/section>\n","protected":false},"excerpt":{"rendered":"<p>Habr\u00e1 que disfrutar, porque este viernes ser\u00e1 la \u00faltima jornada agradable antes de tres d\u00edas&#8230;<\/p>\n","protected":false},"author":1,"featured_media":2519,"comment_status":"closed","ping_status":"closed","sticky":false,"template":"","format":"standard","meta":{"_jetpack_newsletter_access":"","_jetpack_dont_email_post_to_subs":false,"_jetpack_newsletter_tier_id":0,"_jetpack_memberships_contains_paywalled_content":false,"_jetpack_feature_clip_id":0,"_jetpack_memberships_contains_paid_content":false,"footnotes":"","jetpack_publicize_message":"","jetpack_publicize_feature_enabled":true,"jetpack_social_post_already_shared":true,"jetpack_social_options":{"image_generator_settings":{"template":"highway","default_image_id":0,"font":"","enabled":false},"version":2},"jetpack_post_was_ever_published":false},"categories":[4],"tags":[80,15,494,17],"class_list":["post-5582","post","type-post","status-publish","format-standard","has-post-thumbnail","hentry","category-sociedad","tag-amba","tag-clima","tag-frio","tag-pronostico-del-tiempo-2"],"aioseo_notices":[],"jetpack_publicize_connections":[],"jetpack_sharing_enabled":true,"jetpack_featured_media_url":"https:\/\/www.noticiasbrown.com\/wp-content\/uploads\/2026\/04\/buenos-aires-soleado.webp","_links":{"self":[{"href":"https:\/\/www.noticiasbrown.com\/index.php?rest_route=\/wp\/v2\/posts\/5582","targetHints":{"allow":["GET"]}}],"collection":[{"href":"https:\/\/www.noticiasbrown.com\/index.php?rest_route=\/wp\/v2\/posts"}],"about":[{"href":"https:\/\/www.noticiasbrown.com\/index.php?rest_route=\/wp\/v2\/types\/post"}],"author":[{"embeddable":true,"href":"https:\/\/www.noticiasbrown.com\/index.php?rest_route=\/wp\/v2\/users\/1"}],"replies":[{"embeddable":true,"href":"https:\/\/www.noticiasbrown.com\/index.php?rest_route=%2Fwp%2Fv2%2Fcomments&post=5582"}],"version-history":[{"count":1,"href":"https:\/\/www.noticiasbrown.com\/index.php?rest_route=\/wp\/v2\/posts\/5582\/revisions"}],"predecessor-version":[{"id":5583,"href":"https:\/\/www.noticiasbrown.com\/index.php?rest_route=\/wp\/v2\/posts\/5582\/revisions\/5583"}],"wp:featuredmedia":[{"embeddable":true,"href":"https:\/\/www.noticiasbrown.com\/index.php?rest_route=\/wp\/v2\/media\/2519"}],"wp:attachment":[{"href":"https:\/\/www.noticiasbrown.com\/index.php?rest_route=%2Fwp%2Fv2%2Fmedia&parent=5582"}],"wp:term":[{"taxonomy":"category","embeddable":true,"href":"https:\/\/www.noticiasbrown.com\/index.php?rest_route=%2Fwp%2Fv2%2Fcategories&post=5582"},{"taxonomy":"post_tag","embeddable":true,"href":"https:\/\/www.noticiasbrown.com\/index.php?rest_route=%2Fwp%2Fv2%2Ftags&post=5582"}],"curies":[{"name":"wp","href":"https:\/\/api.w.org\/{rel}","templated":true}]}}