{"id":5565,"date":"2026-09-03T10:00:58","date_gmt":"2026-09-03T13:00:58","guid":{"rendered":"https:\/\/www.noticiasbrown.com\/?p=5565"},"modified":"2026-09-03T09:18:50","modified_gmt":"2026-09-03T12:18:50","slug":"masacre-familiar-en-mexico-detuvieron-a-un-argentino-por-el-crimen-de-un-musico-su-esposa-embarazada-y-su-hija","status":"publish","type":"post","link":"https:\/\/www.noticiasbrown.com\/?p=5565","title":{"rendered":"Masacre familiar en M\u00e9xico: detuvieron a un argentino por el crimen de un m\u00fasico, su esposa embarazada y su hija"},"content":{"rendered":"<div class=\"detail-header-wrapper\">\n<h3 id=\"p-1788434000100-95320\" class=\"ignore-parser\">Se trata de Diego Sebasti\u00e1n, de 51 a\u00f1os, quien estaba vinculado al negocio inmobiliario y los investigadores creen que una relaci\u00f3n de confianza le habr\u00eda permitido ingresar a la casa.<\/h3>\n<section class=\"detail-body first-paragraph\">\n<section id=\"note-body\" class=\"body-content note-body content-protected-false\" data-twitter-link=\"https:\/\/twitter.com\/intent\/tweet?url=https:\/\/www.minutouno.com\/c6317984&amp;v\u00eda=Ambitocom&amp;related=MinutoUno&amp;text=\">\n<p id=\"p-1788434439917-71636\"><strong>Jonathan Mel\u00e9ndez<\/strong>, tecladista y productor de la\u00a0<strong>banda de indie rock mexicano Camilo S\u00e9ptimo,\u00a0<\/strong>fue asesinado el martes pasado en su lujosa casa de Atizap\u00e1n donde en una matanza despiadada tambi\u00e9n fueron ejecutadas<strong>\u00a0su esposa embarazada, su hija de 3 a\u00f1os, una empleada dom\u00e9stica y el perro de la familia<\/strong>.<\/p>\n<\/section>\n<\/section>\n<section class=\"detail-body second-paragraph\">\n<section class=\"body-content note-body content-protected-false\">\n<div id=\"8273349-Libre-443686572_wrap\" class=\"embed_cont type_imagen\" contenteditable=\"false\">\n<div id=\"8273349-Libre-443686572_content\" class=\"embed_content\"><img decoding=\"async\" id=\"8273349-Libre-443686572_embed\" title=\"Jonathan Samuel Mel\u00e9ndez, el tecladista mexicano que fue asesinado junto a su familia.\" src=\"https:\/\/media.minutouno.com\/p\/41878749cc546db47ad372a7a17f0a40\/adjuntos\/150\/imagenes\/043\/620\/0043620178\/610x0\/865x489:885x509\/jonathan-samuel-melendez-el-tecladista-mexicano-que-fue-asesinado-junto-su-familia.jpg\" alt=\"Jonathan Samuel Mel\u00e9ndez, el tecladista mexicano que fue asesinado junto a su familia.\" width=\"610\" height=\"undefined\" \/><\/div>\n<div id=\"p-1788434983966-47361\" class=\"embed_wrapper-cont\">\n<div id=\"8273349-Libre-443686572_epigrafe\" class=\"embed_epigrafe\">\n<p id=\"p-1788434983966-91047\">Jonathan Samuel Mel\u00e9ndez, el tecladista mexicano que fue asesinado junto a su familia.<\/p>\n<\/div>\n<\/div>\n<\/div>\n<p id=\"p-1788434439917-71566\"><strong><br \/>\nEl \u00fanico que se salv\u00f3 del violento ataque fue su hijo de 6 a\u00f1os<\/strong>, que fue hallado escondido y llorando en un cuarto de la vivienda.<\/p>\n<section class=\"detail-body\">\n<section class=\"body-content note-body content-protected-false\">\n<p id=\"p-1788434439917-69345\">Las fuerzas de seguridad\u00a0<strong>detuvieron a dos personas por el crimen<\/strong>, entre ellos, un socio del tecladista en un emprendimiento de alquileres temporarios. Se trata de\u00a0<strong>Diego Sebasti\u00e1n Rosen Ferlini, de 51 a\u00f1os y de origen argentino.<\/strong><\/p>\n<\/section>\n<\/section>\n<section class=\"detail-body\">\n<section class=\"body-content note-body content-protected-false\">\n<p id=\"p-1788434540785-98911\">El caso abri\u00f3 interrogantes sobre negocios compartidos y denuncias previas por presunto fraude.<\/p>\n<\/section>\n<\/section>\n<section class=\"detail-body\">\n<section class=\"body-content note-body content-protected-false\">\n<div id=\"8273359-593316248_wrap\" class=\"embed_cont type_video\" contenteditable=\"false\">\n<div id=\"8273359-593316248_content\" class=\"embed_content\">\n<div id=\"8273359-593316248_embed\">\n<div id=\"mediaPlayer_8273359-593316248\"><iframe loading=\"lazy\" src=\"https:\/\/www.minutouno.com\/services\/embed.php?idAdjunto=8273359&amp;idAdjuntoTamano=&amp;width=622&amp;height=351&amp;tipo=video\" width=\"622\" height=\"351\" frameborder=\"0\" scrolling=\"no\" allowfullscreen=\"allowfullscreen\" data-td-src-property=\"https:\/\/www.minutouno.com\/services\/embed.php?idAdjunto=8273359&amp;idAdjuntoTamano=&amp;width=622&amp;height=351&amp;tipo=video\" data-mce-fragment=\"1\"><\/iframe><\/div>\n<\/div>\n<\/div>\n<div id=\"p-1788437461397-53994\" class=\"embed_wrapper-cont\"><\/div>\n<\/div>\n<p id=\"p-1788434573033-99623\">La captura se produjo el 2 de septiembre sobre la carretera M\u00e9xico-Toluca, en la zona de\u00a0<strong>La Marquesa<\/strong>, municipio de\u00a0<strong>Ocoyoacac<\/strong>. Los investigadores lo se\u00f1alaron como el presunto responsable de<strong>\u00a0los asesinatos del integrante de la banda Camilo S\u00e9ptimo, su esposa de 35 a\u00f1os, embarazada de cuatro meses, su hija de 3 y otra mujer de 21<\/strong>.<\/p>\n<\/section>\n<\/section>\n<section class=\"detail-body\">\n<section class=\"body-content note-body content-protected-false\">\n<p id=\"p-1788434630771-11764\">Antes de la captura de Rosen Ferlini, las autoridades ya hab\u00edan detenido a\u00a0<strong>Gerardo Cisneros Bejarano<\/strong>, quien comenz\u00f3 a ser investigado bajo la sospecha de que hubiera participado en los cr\u00edmenes. En ese operativo de arresto, intervinieron fuerzas estatales y federales.<\/p>\n<div id=\"8273348-Libre-978927510_wrap\" class=\"embed_cont type_imagen\" contenteditable=\"false\">\n<div id=\"8273348-Libre-978927510_content\" class=\"embed_content\"><img decoding=\"async\" id=\"8273348-Libre-978927510_embed\" title=\"Jonathan Samuel Mel\u00e9ndez, el tecladista mexicano y su esposa fueron asesinados en su casa.\" src=\"https:\/\/media.minutouno.com\/p\/ef00001952627498dcfe2fc21c136624\/adjuntos\/150\/imagenes\/043\/620\/0043620177\/610x0\/smart\/jonathan-samuel-melendez-el-tecladista-mexicano-y-su-esposa-fueron-asesinados-su-casa.jpg\" alt=\"Jonathan Samuel Mel\u00e9ndez, el tecladista mexicano y su esposa fueron asesinados en su casa.\" width=\"610\" height=\"undefined\" \/><\/div>\n<div id=\"p-1788435168272-50074\" class=\"embed_wrapper-cont\">\n<div id=\"8273348-Libre-978927510_epigrafe\" class=\"embed_epigrafe\">\n<p id=\"p-1788435168272-49061\">Jonathan Samuel Mel\u00e9ndez, el tecladista mexicano y su esposa fueron asesinados en su casa.<\/p>\n<\/div>\n<\/div>\n<\/div>\n<h2 id=\"p-1788434714204-24417\" class=\"\">Qu\u00e9 v\u00ednculo ten\u00eda Diego Rosen con Jonathan Mel\u00e9ndez<\/h2>\n<p id=\"p-1788434714204-45475\" class=\"\">Uno de los puntos centrales de la investigaci\u00f3n es\u00a0<strong>la relaci\u00f3n comercial y de confianza que exist\u00eda entre Rosen y Mel\u00e9ndez<\/strong>.<\/p>\n<p id=\"p-1788434714204-98876\" class=\"\">De acuerdo con las primeras versiones difundidas en M\u00e9xico, ambos habr\u00edan estado relacionados por negocios inmobiliarios. Esa cercan\u00eda es considerada relevante por los investigadores para reconstruir c\u00f3mo ocurri\u00f3 el ataque.<\/p>\n<p id=\"p-1788434739198-13897\" class=\"\">La Fiscal\u00eda del Estado de M\u00e9xico inform\u00f3 que los hechos se produjeron aproximadamente\u00a0<strong>entre las 17.30 y las 19.40 del martes 1 de septiembre<\/strong>\u00a0y se\u00f1al\u00f3 que dos hombres habr\u00edan participado del crimen.<\/p>\n<p id=\"p-1788434739198-83516\" class=\"\">Seg\u00fan la comunicaci\u00f3n oficial, los sospechosos\u00a0<strong>\u201chabr\u00edan aprovechado la relaci\u00f3n de confianza de uno de ellos con las v\u00edctimas para acceder al domicilio\u201d<\/strong>.<\/p>\n<p id=\"p-1788434739198-57077\" class=\"\">Esa hip\u00f3tesis permitir\u00eda explicar por qu\u00e9\u00a0<strong>no habr\u00eda sido necesario forzar una puerta o alguno de los accesos a la propiedad<\/strong>. Sin embargo, la investigaci\u00f3n contin\u00faa y las autoridades todav\u00eda deben determinar qu\u00e9 hizo cada uno de los detenidos dentro del inmueble.<\/p>\n<\/section>\n<\/section>\n<\/section>\n<\/section>\n<\/div>\n","protected":false},"excerpt":{"rendered":"<p>Se trata de Diego Sebasti\u00e1n, de 51 a\u00f1os, quien estaba vinculado al negocio inmobiliario y&#8230;<\/p>\n","protected":false},"author":1,"featured_media":5566,"comment_status":"closed","ping_status":"closed","sticky":false,"template":"","format":"standard","meta":{"_jetpack_newsletter_access":"","_jetpack_dont_email_post_to_subs":false,"_jetpack_newsletter_tier_id":0,"_jetpack_memberships_contains_paywalled_content":false,"_jetpack_feature_clip_id":0,"_jetpack_memberships_contains_paid_content":false,"footnotes":"","jetpack_publicize_message":"","jetpack_publicize_feature_enabled":true,"jetpack_social_post_already_shared":true,"jetpack_social_options":{"image_generator_settings":{"template":"highway","default_image_id":0,"font":"","enabled":false},"version":2},"jetpack_post_was_ever_published":false},"categories":[8],"tags":[236],"class_list":["post-5565","post","type-post","status-publish","format-standard","has-post-thumbnail","hentry","category-mundo","tag-mexico"],"aioseo_notices":[],"jetpack_publicize_connections":[],"jetpack_sharing_enabled":true,"jetpack_featured_media_url":"https:\/\/www.noticiasbrown.com\/wp-content\/uploads\/2026\/09\/tecladista-asesinado-argentino-detenido.webp","_links":{"self":[{"href":"https:\/\/www.noticiasbrown.com\/index.php?rest_route=\/wp\/v2\/posts\/5565","targetHints":{"allow":["GET"]}}],"collection":[{"href":"https:\/\/www.noticiasbrown.com\/index.php?rest_route=\/wp\/v2\/posts"}],"about":[{"href":"https:\/\/www.noticiasbrown.com\/index.php?rest_route=\/wp\/v2\/types\/post"}],"author":[{"embeddable":true,"href":"https:\/\/www.noticiasbrown.com\/index.php?rest_route=\/wp\/v2\/users\/1"}],"replies":[{"embeddable":true,"href":"https:\/\/www.noticiasbrown.com\/index.php?rest_route=%2Fwp%2Fv2%2Fcomments&post=5565"}],"version-history":[{"count":1,"href":"https:\/\/www.noticiasbrown.com\/index.php?rest_route=\/wp\/v2\/posts\/5565\/revisions"}],"predecessor-version":[{"id":5567,"href":"https:\/\/www.noticiasbrown.com\/index.php?rest_route=\/wp\/v2\/posts\/5565\/revisions\/5567"}],"wp:featuredmedia":[{"embeddable":true,"href":"https:\/\/www.noticiasbrown.com\/index.php?rest_route=\/wp\/v2\/media\/5566"}],"wp:attachment":[{"href":"https:\/\/www.noticiasbrown.com\/index.php?rest_route=%2Fwp%2Fv2%2Fmedia&parent=5565"}],"wp:term":[{"taxonomy":"category","embeddable":true,"href":"https:\/\/www.noticiasbrown.com\/index.php?rest_route=%2Fwp%2Fv2%2Fcategories&post=5565"},{"taxonomy":"post_tag","embeddable":true,"href":"https:\/\/www.noticiasbrown.com\/index.php?rest_route=%2Fwp%2Fv2%2Ftags&post=5565"}],"curies":[{"name":"wp","href":"https:\/\/api.w.org\/{rel}","templated":true}]}}