{"id":5490,"date":"2026-09-01T10:00:15","date_gmt":"2026-09-01T13:00:15","guid":{"rendered":"https:\/\/www.noticiasbrown.com\/?p=5490"},"modified":"2026-09-01T08:52:21","modified_gmt":"2026-09-01T11:52:21","slug":"callejero-fino-declaro-y-nego-que-el-arma-encontrada-fuese-suya-seguira-detenido","status":"publish","type":"post","link":"https:\/\/www.noticiasbrown.com\/?p=5490","title":{"rendered":"Callejero Fino declar\u00f3 y neg\u00f3 que el arma encontrada fuese suya: seguir\u00e1 detenido"},"content":{"rendered":"<div class=\"detail-header-wrapper\">\n<h3 id=\"p-1788224180023-58447\" class=\"ignore-parser\">Sim\u00f3n Natanael Alvarenga, de 31 a\u00f1os, fue detenido en un control policial en la localidad bonaerense de Tigre, luego de que le encontraran una Glock calibre 40.<\/h3>\n<section class=\"detail-body first-paragraph\">\n<section id=\"note-body\" class=\"body-content note-body content-protected-false\" data-twitter-link=\"https:\/\/twitter.com\/intent\/tweet?url=https:\/\/www.minutouno.com\/c6316968&amp;v\u00eda=Ambitocom&amp;related=MinutoUno&amp;text=\">\n<p id=\"p-1788224427072-84218\" data-path-to-node=\"1\">El referente del RKT,\u00a0<strong>Sim\u00f3n Natanael Alvarenga<\/strong>, conocido popularmente como<strong>\u00a0Callejero Fino<\/strong>, prest\u00f3 declaraci\u00f3n indagatoria este lunes ante la Justicia\u00a0tras ser aprehendido en un operativo de tr\u00e1nsito en el partido de Tigre, m\u00e1s precisamente en Villa La \u00d1ata, donde las autoridades\u00a0<strong>hallaron una pistola Glock calibre .40 en su camioneta<\/strong>.<\/p>\n<\/section>\n<\/section>\n<section class=\"detail-body second-paragraph\">\n<section class=\"body-content note-body content-protected-false\">\n<p id=\"p-1788224492841-31994\" data-path-to-node=\"1\">Aunque en la audiencia el m\u00fasico de 31 a\u00f1os neg\u00f3 que el arma encontrada en el veh\u00edculo en el que se trasladaba fuese suya,\u00a0<strong>la fiscal\u00eda dispuso que siga detenido<\/strong>.<\/p>\n<section class=\"detail-body\">\n<section class=\"body-content note-body content-protected-false\">\n<h2 id=\"p-1788224427072-40767\" data-path-to-node=\"2\">La versi\u00f3n de Callejero Fino y su situaci\u00f3n judicial<\/h2>\n<p id=\"p-1788224427072-35077\" data-path-to-node=\"3\">Alvarenga compareci\u00f3 ante el fiscal Cosme Iribarren, del Departamento Judicial de San Isidro, en el marco de una causa donde se lo acusa de\u00a0<strong>portaci\u00f3n ilegal de arma de guerra y suspensi\u00f3n de la numeraci\u00f3n registral<\/strong>. Seg\u00fan confirmaron fuentes vinculadas a la investigaci\u00f3n,\u00a0<span id=\"saysCMSEmphasisggbn5worpu\" class=\"saysCMSEmphasis\">el artista rechaz\u00f3 la imputaci\u00f3n y neg\u00f3 categ\u00f3ricamente que la pistola Glock calibre .40 encontrada dentro de la camioneta sin chapa patente fuera de su pertenencia.<\/span><\/p>\n<\/section>\n<\/section>\n<section class=\"detail-body\">\n<section class=\"body-content note-body content-protected-false\">\n<p id=\"p-1788224427073-38542\" data-path-to-node=\"4\">A pesar de sus declaraciones, el funcionario judicial resolvi\u00f3 que el m\u00fasico contin\u00fae alojado en la Comisar\u00eda 4\u00b0 de Tigre, ubicada en la localidad de Benav\u00eddez, bajo la condici\u00f3n de\u00a0<strong>detenido e incomunicado<\/strong>.<\/p>\n<\/section>\n<\/section>\n<section class=\"detail-body\">\n<section class=\"body-content note-body content-protected-false\">\n<div id=\"8271638-Libre-1813840201_wrap\" class=\"embed_cont type_imagen\" contenteditable=\"false\">\n<div id=\"8271638-Libre-1813840201_content\" class=\"embed_content\"><img decoding=\"async\" id=\"8271638-Libre-1813840201_embed\" title=\"\" src=\"https:\/\/media.minutouno.com\/p\/b296f2eacc39652c9e24d4b59a0ed1d0\/adjuntos\/150\/imagenes\/043\/613\/0043613146\/610x0\/1084x274:1104x294\/callejero-fino.jpg\" alt=\"\" width=\"610\" height=\"undefined\" \/><\/div>\n<div id=\"p-1788224666086-88035\" class=\"embed_wrapper-cont\"><\/div>\n<\/div>\n<h2 id=\"p-1788224427073-39791\" data-path-to-node=\"5\">Complicaciones en la defensa: Callejero Fino se qued\u00f3 sin abogado<\/h2>\n<p id=\"p-1788224427073-14048\" data-path-to-node=\"6\">El panorama procesal para el cantante de RKT sum\u00f3 un nuevo rev\u00e9s en las \u00faltimas horas, ya que se confirm\u00f3 que se qued\u00f3 sin patrocinio letrado en el expediente.<\/p>\n<\/section>\n<\/section>\n<section class=\"detail-body\">\n<section class=\"body-content note-body content-protected-false\">\n<p id=\"p-1788224674372-95996\" data-path-to-node=\"6\">Mientras las autoridades judiciales definen los pr\u00f3ximos pasos a seguir y analizan las pericias sobre la camioneta y el arma secuestrada, el entorno del m\u00fasico busca acordar la incorporaci\u00f3n de una nueva defensa t\u00e9cnica.<\/p>\n<p id=\"p-1788224731193-48858\" data-path-to-node=\"6\">Cabe se\u00f1alar que la portaci\u00f3n ilegal de arma de guerra comprende\u00a0<strong>una pena m\u00ednima de tres a\u00f1os y seis meses de prisi\u00f3n<\/strong>, por lo que en principio no ser\u00eda excarcelable.<\/p>\n<p id=\"p-1788224859284-27989\" data-path-to-node=\"6\">Vale aclarar que este no es el primer traspi\u00e9 judicial de Callejero Fino. A los 20 a\u00f1os,\u00a0<strong>el artista recibi\u00f3 una condena a seis a\u00f1os de c\u00e1rcel en una causa por robo<\/strong>. Tras permanecer cinco meses tras las rejas en un penal, complet\u00f3 el resto de la pena bajo el r\u00e9gimen de prisi\u00f3n domiciliaria con seguimiento por tobillera electr\u00f3nica.<\/p>\n<\/section>\n<\/section>\n<\/section>\n<\/section>\n<\/div>\n","protected":false},"excerpt":{"rendered":"<p>Sim\u00f3n Natanael Alvarenga, de 31 a\u00f1os, fue detenido en un control policial en la localidad&#8230;<\/p>\n","protected":false},"author":1,"featured_media":5491,"comment_status":"closed","ping_status":"closed","sticky":false,"template":"","format":"standard","meta":{"_jetpack_newsletter_access":"","_jetpack_dont_email_post_to_subs":false,"_jetpack_newsletter_tier_id":0,"_jetpack_memberships_contains_paywalled_content":false,"_jetpack_feature_clip_id":0,"_jetpack_memberships_contains_paid_content":false,"footnotes":"","jetpack_publicize_message":"","jetpack_publicize_feature_enabled":true,"jetpack_social_post_already_shared":true,"jetpack_social_options":{"image_generator_settings":{"template":"highway","default_image_id":0,"font":"","enabled":false},"version":2},"jetpack_post_was_ever_published":false},"categories":[6],"tags":[944,472],"class_list":["post-5490","post","type-post","status-publish","format-standard","has-post-thumbnail","hentry","category-espectaculos","tag-callejero-fino","tag-tigre"],"aioseo_notices":[],"jetpack_publicize_connections":[],"jetpack_sharing_enabled":true,"jetpack_featured_media_url":"https:\/\/www.noticiasbrown.com\/wp-content\/uploads\/2026\/09\/callejero-fino-1.webp","_links":{"self":[{"href":"https:\/\/www.noticiasbrown.com\/index.php?rest_route=\/wp\/v2\/posts\/5490","targetHints":{"allow":["GET"]}}],"collection":[{"href":"https:\/\/www.noticiasbrown.com\/index.php?rest_route=\/wp\/v2\/posts"}],"about":[{"href":"https:\/\/www.noticiasbrown.com\/index.php?rest_route=\/wp\/v2\/types\/post"}],"author":[{"embeddable":true,"href":"https:\/\/www.noticiasbrown.com\/index.php?rest_route=\/wp\/v2\/users\/1"}],"replies":[{"embeddable":true,"href":"https:\/\/www.noticiasbrown.com\/index.php?rest_route=%2Fwp%2Fv2%2Fcomments&post=5490"}],"version-history":[{"count":1,"href":"https:\/\/www.noticiasbrown.com\/index.php?rest_route=\/wp\/v2\/posts\/5490\/revisions"}],"predecessor-version":[{"id":5492,"href":"https:\/\/www.noticiasbrown.com\/index.php?rest_route=\/wp\/v2\/posts\/5490\/revisions\/5492"}],"wp:featuredmedia":[{"embeddable":true,"href":"https:\/\/www.noticiasbrown.com\/index.php?rest_route=\/wp\/v2\/media\/5491"}],"wp:attachment":[{"href":"https:\/\/www.noticiasbrown.com\/index.php?rest_route=%2Fwp%2Fv2%2Fmedia&parent=5490"}],"wp:term":[{"taxonomy":"category","embeddable":true,"href":"https:\/\/www.noticiasbrown.com\/index.php?rest_route=%2Fwp%2Fv2%2Fcategories&post=5490"},{"taxonomy":"post_tag","embeddable":true,"href":"https:\/\/www.noticiasbrown.com\/index.php?rest_route=%2Fwp%2Fv2%2Ftags&post=5490"}],"curies":[{"name":"wp","href":"https:\/\/api.w.org\/{rel}","templated":true}]}}