{"id":5487,"date":"2026-09-01T09:40:36","date_gmt":"2026-09-01T12:40:36","guid":{"rendered":"https:\/\/www.noticiasbrown.com\/?p=5487"},"modified":"2026-09-01T08:50:59","modified_gmt":"2026-09-01T11:50:59","slug":"lionel-messi-anuncio-su-retiro-de-la-seleccion-argentina-me-vacie","status":"publish","type":"post","link":"https:\/\/www.noticiasbrown.com\/?p=5487","title":{"rendered":"Lionel Messi anunci\u00f3 su retiro de la Selecci\u00f3n Argentina: &#8220;Me vaci\u00e9&#8221;"},"content":{"rendered":"<div class=\"detail-header-wrapper\">\n<h3 id=\"p-1788188874099-27220\" class=\"ignore-parser\">A un mes y medio de la final del Mundial, Lionel Messi sacudi\u00f3 al mundo del deporte y comunic\u00f3 su retiro definitivo de la Selecci\u00f3n Argentina.<\/h3>\n<section class=\"detail-body first-paragraph\">\n<section id=\"note-body\" class=\"body-content note-body content-protected-false\" data-twitter-link=\"https:\/\/twitter.com\/intent\/tweet?url=https:\/\/www.minutouno.com\/c6316711&amp;v\u00eda=Ambitocom&amp;related=MinutoUno&amp;text=\">\n<p id=\"p-1788213794209-81320\">El astro del f\u00fatbol mundial<strong>,\u00a0Lionel Messi,<\/strong>\u00a0confirm\u00f3 la noticia que ning\u00fan argentino quer\u00eda escuchar. A trav\u00e9s de una emotiva y extensa carta publicada en sus redes sociales, el hist\u00f3rico capit\u00e1n anunci\u00f3 su retiro definitivo de la Selecci\u00f3n Argentina, cerrando un ciclo dorado de 20 a\u00f1os defendiendo la camiseta albiceleste.<\/p>\n<\/section>\n<\/section>\n<section class=\"detail-body second-paragraph\">\n<section class=\"body-content note-body content-protected-false\">\n<h2 id=\"p-1788214380475-96394\">Por qu\u00e9 se retir\u00f3 Lionel Messi<\/h2>\n<p id=\"p-1788213794209-44392\">La noticia llega a casi un mes y medio de la gran final del\u00a0<strong data-path-to-node=\"4\" data-index-in-node=\"60\">Mundial 2026<\/strong>, donde el conjunto nacional cay\u00f3 por 1-0 ante Espa\u00f1a. En su extenso descargo, el \u00eddolo rosarino reconoci\u00f3 que\u00a0<strong data-path-to-node=\"4\" data-index-in-node=\"183\">&#8220;fue una decisi\u00f3n que doli\u00f3 y duele en el alma, pero entiendo que es el momento&#8221;<\/strong>.<\/p>\n<p>Durante la reciente Copa del Mundo, el capit\u00e1n hab\u00eda dejado varias se\u00f1ales sobre el final de su ciclo. Sus l\u00e1grimas tras el ag\u00f3nico triunfo ante Egipto en octavos y su profunda emoci\u00f3n al observar a los hinchas luego de la derrota decisiva marcaban el desgaste de un torneo donde compiti\u00f3 mermado desde lo f\u00edsico.\u00a0<strong data-path-to-node=\"5\" data-index-in-node=\"314\">&#8220;Esta vez intent\u00e9 ir contra mi f\u00edsico, pero no pude. Nunca pude sentirme bien&#8221;<\/strong>, hab\u00eda expresado recientemente.<\/p>\n<section class=\"detail-body\">\n<section class=\"body-content note-body content-protected-false\">\n<h2 id=\"p-1788213794209-56656\" data-path-to-node=\"6\">El factor familiar que lo alej\u00f3 de la\u00a0<strong data-path-to-node=\"6\" data-index-in-node=\"38\">Selecci\u00f3n Argentina<\/strong><\/h2>\n<p id=\"p-1788213794209-90950\">M\u00e1s all\u00e1 de lo estrictamente deportivo, el fallecimiento de su padre,\u00a0<strong data-path-to-node=\"7\" data-index-in-node=\"70\">Jorge Messi<\/strong>, el pasado 8 de agosto, termin\u00f3 por inclinar la balanza. En su publicaci\u00f3n, el Diez confes\u00f3 que la carta original la hab\u00eda redactado el 21 de julio, apenas 48 horas despu\u00e9s del partido contra el combinado espa\u00f1ol, pero que el reciente duelo familiar lo termin\u00f3 de convencer.<\/p>\n<\/section>\n<\/section>\n<section class=\"detail-body\">\n<section class=\"body-content note-body content-protected-false\">\n<p id=\"p-1788213794209-46970\">&#8220;Tanto me ped\u00edas que juegue el \u00faltimo Mundial y d\u00edas antes de empezar fue cuando peor te pusiste&#8221;, hab\u00eda revelado el capit\u00e1n semanas atr\u00e1s al despedir a su pap\u00e1, lamentando que por su delicado estado de salud no pudo viajar a Estados Unidos para acompa\u00f1arlo en la competencia.<\/p>\n<h2 id=\"p-1788213794209-236\" data-path-to-node=\"9\">La carta completa del retiro de\u00a0<strong data-path-to-node=\"9\" data-index-in-node=\"32\">Lionel Messi<\/strong><\/h2>\n<p id=\"p-1788213794209-40443\">En su misiva final, el m\u00e1ximo goleador hist\u00f3rico de la Albiceleste le dedic\u00f3 palabras de profundo agradecimiento a su familia, a sus compa\u00f1eros, al cuerpo t\u00e9cnico y a los millones de fan\u00e1ticos que lo respaldaron durante dos d\u00e9cadas de trayectoria.<\/p>\n<p id=\"p-1788213794209-3089\">A continuaci\u00f3n, el mensaje \u00edntegro publicado por el capit\u00e1n:<\/p>\n<div id=\"8271781-Libre-1303518173_wrap\" class=\"embed_cont type_imagen\" contenteditable=\"false\">\n<div id=\"8271781-Libre-1303518173_content\" class=\"embed_content\"><img decoding=\"async\" id=\"8271781-Libre-1303518173_embed\" title=\"\" src=\"https:\/\/media.minutouno.com\/p\/a5664024d911aad1f77837ac304bdbe9\/adjuntos\/150\/imagenes\/043\/613\/0043613905\/610x0\/smart\/image.png\" alt=\"\" width=\"610\" height=\"undefined\" \/><\/div>\n<div id=\"p-1788213935231-38316\" class=\"embed_wrapper-cont\"><\/div>\n<\/div>\n<p id=\"p-1788213794209-42397\"><em data-path-to-node=\"12,0\" data-index-in-node=\"0\">&#8220;Despu\u00e9s de este tiempo que pas\u00f3 desde la final, pens\u00e1ndolo mucho, quiero comunicarles a todos que me retiro de la Selecci\u00f3n\u2026<\/em><\/p>\n<p id=\"p-1788213794209-87231\"><em data-path-to-node=\"12,1\" data-index-in-node=\"0\">Fue una decisi\u00f3n que doli\u00f3 y duele en el alma pero entiendo que es el momento. Les juro que siempre dej\u00e9 todo, no solo los \u00faltimos a\u00f1os que se gan\u00f3 todo antes tambi\u00e9n y siempre pele\u00e9 y me dej\u00e9 todo por esta camiseta, por darles alegr\u00edas y hacer que se sientan orgullosos de ser argentinos a trav\u00e9s del f\u00fatbol.<\/em><\/p>\n<p id=\"p-1788213794209-71050\"><em data-path-to-node=\"12,2\" data-index-in-node=\"0\">Queda poco y se van cerrando etapas y esta es una que me duele mucho. Amo, am\u00e9 y amar\u00e9 siempre estar en la Selecci\u00f3n. Me vaci\u00e9, ya no tengo m\u00e1s para dar y aparte vienen chicos muy grandes atr\u00e1s que merecen estar.<\/em><\/p>\n<p id=\"p-1788213794209-59125\"><em data-path-to-node=\"12,3\" data-index-in-node=\"0\">Gracias por todo el cari\u00f1o de estos 20 a\u00f1os. Voy a extra\u00f1ar mucho escucharlos desde adentro. Ahora voy a ser uno m\u00e1s de ustedes, alentando y bancando siempre desde afuera (en las buenas y en las malas, mucho m\u00e1s).<\/em><\/p>\n<p id=\"p-1788213794209-89349\"><em data-path-to-node=\"12,4\" data-index-in-node=\"0\">Gracias a mi familia por estar siempre, por acompa\u00f1arme en este viaje tan hermoso pero dif\u00edcil.<\/em><\/p>\n<p id=\"p-1788213794209-87278\"><em data-path-to-node=\"12,5\" data-index-in-node=\"0\">Gracias a cada uno de entrenadores, compa\u00f1eros y dirigentes que me toc\u00f3 compartir. Me llevo recuerdos y momentos inolvidables vividos.<\/em><\/p>\n<p id=\"p-1788213794209-8929\"><em data-path-to-node=\"12,6\" data-index-in-node=\"0\">Me voy con la tranquilidad y el orgullo de haberles regalado, juntos con mis compa\u00f1eros, momentos so\u00f1ados. Fue una locura haberlo vivido con ustedes. \u00a1Los quiero!<\/em><\/p>\n<p id=\"p-1788213794209-36591\"><em data-path-to-node=\"12,7\" data-index-in-node=\"0\">Gracias Dios por hacerme argentino.<\/em><\/p>\n<p id=\"p-1788213794209-9178\"><em data-path-to-node=\"12,8\" data-index-in-node=\"0\">\u00a1Vamos Argentina!<\/em><\/p>\n<p id=\"p-1788213794209-83014\">*<em data-path-to-node=\"12,9\" data-index-in-node=\"1\">Estas palabras las escrib\u00ed el 21 de julio, dos d\u00edas despu\u00e9s de la final. Hoy despu\u00e9s de lo de mi pap\u00e1, estoy m\u00e1s convencido que antes.&#8221;<\/em><\/p>\n<\/section>\n<\/section>\n<\/section>\n<\/section>\n<\/div>\n","protected":false},"excerpt":{"rendered":"<p>A un mes y medio de la final del Mundial, Lionel Messi sacudi\u00f3 al mundo&#8230;<\/p>\n","protected":false},"author":1,"featured_media":5488,"comment_status":"closed","ping_status":"closed","sticky":false,"template":"","format":"standard","meta":{"_jetpack_newsletter_access":"","_jetpack_dont_email_post_to_subs":false,"_jetpack_newsletter_tier_id":0,"_jetpack_memberships_contains_paywalled_content":false,"_jetpack_feature_clip_id":0,"_jetpack_memberships_contains_paid_content":false,"footnotes":"","jetpack_publicize_message":"","jetpack_publicize_feature_enabled":true,"jetpack_social_post_already_shared":true,"jetpack_social_options":{"image_generator_settings":{"template":"highway","default_image_id":0,"font":"","enabled":false},"version":2},"jetpack_post_was_ever_published":false},"categories":[5],"tags":[],"class_list":["post-5487","post","type-post","status-publish","format-standard","has-post-thumbnail","hentry","category-deporte"],"aioseo_notices":[],"jetpack_publicize_connections":[],"jetpack_sharing_enabled":true,"jetpack_featured_media_url":"https:\/\/www.noticiasbrown.com\/wp-content\/uploads\/2026\/09\/messi.jfif","_links":{"self":[{"href":"https:\/\/www.noticiasbrown.com\/index.php?rest_route=\/wp\/v2\/posts\/5487","targetHints":{"allow":["GET"]}}],"collection":[{"href":"https:\/\/www.noticiasbrown.com\/index.php?rest_route=\/wp\/v2\/posts"}],"about":[{"href":"https:\/\/www.noticiasbrown.com\/index.php?rest_route=\/wp\/v2\/types\/post"}],"author":[{"embeddable":true,"href":"https:\/\/www.noticiasbrown.com\/index.php?rest_route=\/wp\/v2\/users\/1"}],"replies":[{"embeddable":true,"href":"https:\/\/www.noticiasbrown.com\/index.php?rest_route=%2Fwp%2Fv2%2Fcomments&post=5487"}],"version-history":[{"count":1,"href":"https:\/\/www.noticiasbrown.com\/index.php?rest_route=\/wp\/v2\/posts\/5487\/revisions"}],"predecessor-version":[{"id":5489,"href":"https:\/\/www.noticiasbrown.com\/index.php?rest_route=\/wp\/v2\/posts\/5487\/revisions\/5489"}],"wp:featuredmedia":[{"embeddable":true,"href":"https:\/\/www.noticiasbrown.com\/index.php?rest_route=\/wp\/v2\/media\/5488"}],"wp:attachment":[{"href":"https:\/\/www.noticiasbrown.com\/index.php?rest_route=%2Fwp%2Fv2%2Fmedia&parent=5487"}],"wp:term":[{"taxonomy":"category","embeddable":true,"href":"https:\/\/www.noticiasbrown.com\/index.php?rest_route=%2Fwp%2Fv2%2Fcategories&post=5487"},{"taxonomy":"post_tag","embeddable":true,"href":"https:\/\/www.noticiasbrown.com\/index.php?rest_route=%2Fwp%2Fv2%2Ftags&post=5487"}],"curies":[{"name":"wp","href":"https:\/\/api.w.org\/{rel}","templated":true}]}}