{"id":5436,"date":"2026-08-31T09:13:03","date_gmt":"2026-08-31T12:13:03","guid":{"rendered":"https:\/\/www.noticiasbrown.com\/?p=5436"},"modified":"2026-08-31T09:13:03","modified_gmt":"2026-08-31T12:13:03","slug":"asi-fue-el-momento-de-la-detencion-de-callejero-fino-en-tigre","status":"publish","type":"post","link":"https:\/\/www.noticiasbrown.com\/?p=5436","title":{"rendered":"As\u00ed fue el momento de la detenci\u00f3n de Callejero Fino en Tigre"},"content":{"rendered":"<div class=\"detail-header-wrapper\">\n<h3 id=\"p-1788131328805-10248\" class=\"ignore-parser\">Las c\u00e1maras de seguridad captaron el operativo en el que el cantante fue interceptado mientras circulaba junto a otro hombre.<\/h3>\n<section class=\"detail-body first-paragraph\">\n<section id=\"note-body\" class=\"body-content note-body content-protected-false\" data-twitter-link=\"https:\/\/twitter.com\/intent\/tweet?url=https:\/\/www.minutouno.com\/c6316467&amp;v\u00eda=Ambitocom&amp;related=MinutoUno&amp;text=\">\n<p id=\"p-1788131344014-18513\" class=\"\"><strong>Se conocieron las im\u00e1genes del momento en que Callejero Fino fue detenido en Tigre.<\/strong>\u00a0El cantante fue interceptado por efectivos de la Polic\u00eda Bonaerense cuando circulaba en una camioneta sin patente y el procedimiento qued\u00f3 registrado por c\u00e1maras de seguridad de la zona.<\/p>\n<\/section>\n<\/section>\n<section class=\"detail-body second-paragraph\">\n<section class=\"body-content note-body content-protected-false\">\n<p id=\"p-1788131344015-61418\" class=\"\">En el video se observa c\u00f3mo los efectivos detienen la Volkswagen Amarok y hacen descender a sus ocupantes. El m\u00fasico permanece frente al personal policial mientras los agentes llevan adelante el operativo y revisan el veh\u00edculo.<\/p>\n<section class=\"detail-body\">\n<section class=\"body-content note-body content-protected-false\">\n<p id=\"p-1788131344015-69947\" class=\"\"><strong>El procedimiento tuvo lugar en la zona de Italia y la ruta 27. Callejero Fino viajaba acompa\u00f1ado por un hombre identificado como S. J. R., de 27 a\u00f1os<\/strong>, y la falta de la patente fue el motivo que llev\u00f3 a los polic\u00edas a detener la camioneta para realizar la correspondiente identificaci\u00f3n.<\/p>\n<\/section>\n<\/section>\n<section class=\"detail-body\">\n<section class=\"body-content note-body content-protected-false\">\n<div id=\"8271542-359826055_wrap\" class=\"embed_cont type_video\" contenteditable=\"false\">\n<div id=\"8271542-359826055_content\" class=\"embed_content\">\n<div id=\"8271542-359826055_embed\">\n<div id=\"mediaPlayer_8271542-359826055\"><iframe loading=\"lazy\" src=\"https:\/\/www.minutouno.com\/services\/embed.php?idAdjunto=8271542&amp;idAdjuntoTamano=&amp;width=622&amp;height=351&amp;tipo=video\" width=\"622\" height=\"351\" frameborder=\"0\" scrolling=\"no\" allowfullscreen=\"allowfullscreen\" data-td-src-property=\"https:\/\/www.minutouno.com\/services\/embed.php?idAdjunto=8271542&amp;idAdjuntoTamano=&amp;width=622&amp;height=351&amp;tipo=video\" data-mce-fragment=\"1\"><\/iframe><\/div>\n<\/div>\n<\/div>\n<div id=\"p-1788131507781-65394\" class=\"embed_wrapper-cont\"><\/div>\n<\/div>\n<h2 id=\"p-1788131344015-14967\">Qu\u00e9 encontraron dentro de la camioneta de Callejero Fino<\/h2>\n<p id=\"p-1788131344015-45526\" class=\"\">Durante la requisa, los efectivos encontraron una pistola Glock calibre .40 con la numeraci\u00f3n suprimida. El arma fue secuestrada junto con la Volkswagen Amarok y, a partir de ese hallazgo, ambos ocupantes quedaron detenidos.<\/p>\n<\/section>\n<\/section>\n<section class=\"detail-body\">\n<section class=\"body-content note-body content-protected-false\">\n<p id=\"p-1788131344015-81152\" class=\"\">Callejero Fino y su acompa\u00f1ante fueron imputados por\u00a0<strong>tenencia ilegal de arma de guerra<\/strong>. La investigaci\u00f3n qued\u00f3 en manos de la Unidad Funcional de Instrucci\u00f3n de Benav\u00eddez, que deber\u00e1 determinar las circunstancias en las que el arma se encontraba dentro del veh\u00edculo.<\/p>\n<\/section>\n<\/section>\n<section class=\"detail-body\">\n<section class=\"body-content note-body content-protected-false\">\n<p id=\"p-1788131344015-39637\" class=\"\">En medio del procedimiento, el cantante explic\u00f3 a los polic\u00edas cu\u00e1l era el motivo por el que se encontraba en la zona. Seg\u00fan trascendi\u00f3, asegur\u00f3 que se dirig\u00eda a una quinta para participar del cumplea\u00f1os de\u00a0<strong>J Rei<\/strong>, pareja de Mar\u00eda Becerra.<\/p>\n<div id=\"8271519-Libre-1151461152_wrap\" class=\"embed_cont type_imagen\" contenteditable=\"false\">\n<div id=\"8271519-Libre-1151461152_content\" class=\"embed_content\"><img decoding=\"async\" id=\"8271519-Libre-1151461152_embed\" title=\"Qu\u00e9 tiene que ver J Rei en la detenci\u00f3n de Callejero Fino.\" src=\"https:\/\/media.minutouno.com\/p\/c0b3ab827d0bba3970ab8731fb0cb8df\/adjuntos\/150\/imagenes\/043\/612\/0043612707\/610x0\/smart\/que-tiene-que-ver-j-rei-la-detencion-callejero-fino.jpg\" alt=\"Qu\u00e9 tiene que ver J Rei en la detenci\u00f3n de Callejero Fino.\" width=\"610\" height=\"undefined\" \/><\/div>\n<div id=\"p-1788131616728-947\" class=\"embed_wrapper-cont\">\n<div id=\"8271519-Libre-1151461152_epigrafe\" class=\"embed_epigrafe\">\n<p id=\"p-1788131616728-78189\">Qu\u00e9 tiene que ver J Rei en la detenci\u00f3n de Callejero Fino.<\/p>\n<\/div>\n<\/div>\n<\/div>\n<p id=\"p-1788131344015-43012\" class=\"\">Sin embargo, el operativo termin\u00f3 modificando por completo sus planes. El m\u00fasico fue trasladado junto al otro ocupante del veh\u00edculo mientras avanza la investigaci\u00f3n judicial.<\/p>\n<p id=\"p-1788131344015-51202\">La detenci\u00f3n tambi\u00e9n gener\u00f3 incertidumbre alrededor de la agenda profesional de Callejero Fino, quien ten\u00eda compromisos laborales previstos para los pr\u00f3ximos d\u00edas.\u00a0<strong>Su situaci\u00f3n judicial podr\u00eda modificar sus presentaciones mientras la Justicia define los pasos a seguir.<\/strong><\/p>\n<\/section>\n<\/section>\n<\/section>\n<\/section>\n<h3 id=\"p-1788130211118-92107\" class=\"ignore-parser\"><\/h3>\n<\/div>\n","protected":false},"excerpt":{"rendered":"<p>Las c\u00e1maras de seguridad captaron el operativo en el que el cantante fue interceptado mientras&#8230;<\/p>\n","protected":false},"author":1,"featured_media":5437,"comment_status":"closed","ping_status":"closed","sticky":false,"template":"","format":"standard","meta":{"_jetpack_newsletter_access":"","_jetpack_dont_email_post_to_subs":false,"_jetpack_newsletter_tier_id":0,"_jetpack_memberships_contains_paywalled_content":false,"_jetpack_feature_clip_id":0,"_jetpack_memberships_contains_paid_content":false,"footnotes":"","jetpack_publicize_message":"","jetpack_publicize_feature_enabled":true,"jetpack_social_post_already_shared":true,"jetpack_social_options":{"image_generator_settings":{"template":"highway","default_image_id":0,"font":"","enabled":false},"version":2},"jetpack_post_was_ever_published":false},"categories":[6],"tags":[944,897,472,100],"class_list":["post-5436","post","type-post","status-publish","format-standard","has-post-thumbnail","hentry","category-espectaculos","tag-callejero-fino","tag-detenido","tag-tigre","tag-video"],"aioseo_notices":[],"jetpack_publicize_connections":[],"jetpack_sharing_enabled":true,"jetpack_featured_media_url":"https:\/\/www.noticiasbrown.com\/wp-content\/uploads\/2026\/08\/callejero-fino-detencion.webp","_links":{"self":[{"href":"https:\/\/www.noticiasbrown.com\/index.php?rest_route=\/wp\/v2\/posts\/5436","targetHints":{"allow":["GET"]}}],"collection":[{"href":"https:\/\/www.noticiasbrown.com\/index.php?rest_route=\/wp\/v2\/posts"}],"about":[{"href":"https:\/\/www.noticiasbrown.com\/index.php?rest_route=\/wp\/v2\/types\/post"}],"author":[{"embeddable":true,"href":"https:\/\/www.noticiasbrown.com\/index.php?rest_route=\/wp\/v2\/users\/1"}],"replies":[{"embeddable":true,"href":"https:\/\/www.noticiasbrown.com\/index.php?rest_route=%2Fwp%2Fv2%2Fcomments&post=5436"}],"version-history":[{"count":1,"href":"https:\/\/www.noticiasbrown.com\/index.php?rest_route=\/wp\/v2\/posts\/5436\/revisions"}],"predecessor-version":[{"id":5438,"href":"https:\/\/www.noticiasbrown.com\/index.php?rest_route=\/wp\/v2\/posts\/5436\/revisions\/5438"}],"wp:featuredmedia":[{"embeddable":true,"href":"https:\/\/www.noticiasbrown.com\/index.php?rest_route=\/wp\/v2\/media\/5437"}],"wp:attachment":[{"href":"https:\/\/www.noticiasbrown.com\/index.php?rest_route=%2Fwp%2Fv2%2Fmedia&parent=5436"}],"wp:term":[{"taxonomy":"category","embeddable":true,"href":"https:\/\/www.noticiasbrown.com\/index.php?rest_route=%2Fwp%2Fv2%2Fcategories&post=5436"},{"taxonomy":"post_tag","embeddable":true,"href":"https:\/\/www.noticiasbrown.com\/index.php?rest_route=%2Fwp%2Fv2%2Ftags&post=5436"}],"curies":[{"name":"wp","href":"https:\/\/api.w.org\/{rel}","templated":true}]}}