{"id":5433,"date":"2026-08-31T10:00:03","date_gmt":"2026-08-31T13:00:03","guid":{"rendered":"https:\/\/www.noticiasbrown.com\/?p=5433"},"modified":"2026-08-31T09:11:31","modified_gmt":"2026-08-31T12:11:31","slug":"el-abogado-de-callejero-fino-hablo-sobre-su-situacion-judicial-como-sigue-la-causa","status":"publish","type":"post","link":"https:\/\/www.noticiasbrown.com\/?p=5433","title":{"rendered":"El abogado de Callejero Fino habl\u00f3 sobre su situaci\u00f3n judicial: c\u00f3mo sigue la causa"},"content":{"rendered":"<div class=\"detail-header-wrapper\">\n<h3 id=\"p-1788140591150-46250\" class=\"ignore-parser\">El cantante fue detenido en Tigre junto a otro hombre y qued\u00f3 imputado por portaci\u00f3n ilegal de un arma de guerra.<\/h3>\n<section class=\"detail-body first-paragraph\">\n<section id=\"note-body\" class=\"body-content note-body content-protected-false\" data-twitter-link=\"https:\/\/twitter.com\/intent\/tweet?url=https:\/\/www.minutouno.com\/c6316510&amp;v\u00eda=Ambitocom&amp;related=MinutoUno&amp;text=\">\n<p id=\"p-1788141312576-8456\" class=\"\"><strong>Sim\u00f3n Natanael Alvarenga, conocido como\u00a0Callejero Fino, permanece detenido luego de ser interceptado en Tigre\u00a0mientras circulaba en una Volkswagen Amarok sin patente<\/strong>. Durante la requisa del veh\u00edculo, los efectivos encontraron una pistola Glock calibre .40 con la numeraci\u00f3n suprimida.<\/p>\n<\/section>\n<\/section>\n<section class=\"detail-body second-paragraph\">\n<section class=\"body-content note-body content-protected-false\">\n<p id=\"p-1788141312576-64722\" class=\"\">El cantante qued\u00f3 imputado junto al otro ocupante de la camioneta por\u00a0<strong>portaci\u00f3n ilegal de un arma de guerra<\/strong>. Seg\u00fan inform\u00f3 TN, el abogado del m\u00fasico confirm\u00f3 que\u00a0<strong>pasar\u00e1 la noche incomunicado en la comisar\u00eda cuarta de Benav\u00eddez, mientras su familia se acerc\u00f3 al lugar para llevarle alimentos.<\/strong><\/p>\n<section class=\"detail-body\">\n<section class=\"body-content note-body content-protected-false\">\n<p id=\"p-1788141312576-41382\" class=\"\">De acuerdo con lo se\u00f1alado por el letrado a ese medio, se espera que Callejero Fino declare este lunes ante la Justicia.\u00a0<strong>Su defensa tambi\u00e9n brind\u00f3 una explicaci\u00f3n sobre uno de los elementos que motivaron el procedimiento: la camioneta circulaba sin la patente colocada.<\/strong><\/p>\n<\/section>\n<\/section>\n<section class=\"detail-body\">\n<section class=\"body-content note-body content-protected-false\">\n<div id=\"7989141-Libre-744708672_wrap\" class=\"embed_cont type_imagen\" contenteditable=\"false\">\n<div id=\"7989141-Libre-744708672_content\" class=\"embed_content\"><img loading=\"lazy\" decoding=\"async\" id=\"7989141-Libre-744708672_embed\" title=\"\" src=\"https:\/\/media.minutouno.com\/p\/dfa0624cea702c92a23739b0c992bc0f\/adjuntos\/150\/imagenes\/041\/862\/0041862127\/callejero-fino.jpg?2024-10-04-11-05-55\" alt=\"\" width=\"610\" height=\"456\" \/><\/div>\n<div id=\"p-1788141558759-8785\" class=\"embed_wrapper-cont\"><\/div>\n<\/div>\n<h2 id=\"p-1788141312576-33208\">Por qu\u00e9 Callejero Fino circulaba sin patente<\/h2>\n<p id=\"p-1788141312576-85328\" class=\"\">Seg\u00fan explic\u00f3 el abogado del artista al medio antes mencionado, la Volkswagen Amarok no ten\u00eda la patente porque<strong>\u00a0Callejero Fino se encontraba grabando un videoclip y buscaba evitar que el n\u00famero identificatorio del veh\u00edculo apareciera en las im\u00e1genes.<\/strong><\/p>\n<\/section>\n<\/section>\n<section class=\"detail-body\">\n<section class=\"body-content note-body content-protected-false\">\n<p id=\"p-1788141312576-98983\" class=\"\">El faltante de la patente fue advertido por efectivos de la Polic\u00eda Bonaerense, quienes detuvieron el veh\u00edculo para identificar a sus ocupantes. Durante la inspecci\u00f3n posterior<strong>\u00a0encontraron el arma que deriv\u00f3 en la detenci\u00f3n de ambos hombres.<\/strong><\/p>\n<\/section>\n<\/section>\n<section class=\"detail-body\">\n<section class=\"body-content note-body content-protected-false\">\n<p id=\"p-1788141312576-450\" class=\"\">La situaci\u00f3n judicial del cantante podr\u00eda ser compleja. Seg\u00fan la informaci\u00f3n difundida, el delito que se le imputa contempla una pena m\u00ednima de\u00a0<strong>tres a\u00f1os y seis meses de prisi\u00f3n<\/strong>, por lo que se trata de un delito que no ser\u00eda excarcelable y, en caso de una eventual condena, implicar\u00eda cumplimiento efectivo.<\/p>\n<p id=\"p-1788141312576-89144\">Mientras permanece alojado en la comisar\u00eda, la defensa espera avanzar con su estrategia judicial y aguarda la declaraci\u00f3n prevista para este lunes. Por el momento, Callejero Fino contin\u00faa detenido a disposici\u00f3n de la Justicia de Benav\u00eddez.<\/p>\n<\/section>\n<\/section>\n<\/section>\n<\/section>\n<\/div>\n","protected":false},"excerpt":{"rendered":"<p>El cantante fue detenido en Tigre junto a otro hombre y qued\u00f3 imputado por portaci\u00f3n&#8230;<\/p>\n","protected":false},"author":1,"featured_media":5434,"comment_status":"closed","ping_status":"closed","sticky":false,"template":"","format":"standard","meta":{"_jetpack_newsletter_access":"","_jetpack_dont_email_post_to_subs":false,"_jetpack_newsletter_tier_id":0,"_jetpack_memberships_contains_paywalled_content":false,"_jetpack_feature_clip_id":0,"_jetpack_memberships_contains_paid_content":false,"footnotes":"","jetpack_publicize_message":"","jetpack_publicize_feature_enabled":true,"jetpack_social_post_already_shared":true,"jetpack_social_options":{"image_generator_settings":{"template":"highway","default_image_id":0,"font":"","enabled":false},"version":2},"jetpack_post_was_ever_published":false},"categories":[6],"tags":[944,897,472],"class_list":["post-5433","post","type-post","status-publish","format-standard","has-post-thumbnail","hentry","category-espectaculos","tag-callejero-fino","tag-detenido","tag-tigre"],"aioseo_notices":[],"jetpack_publicize_connections":[],"jetpack_sharing_enabled":true,"jetpack_featured_media_url":"https:\/\/www.noticiasbrown.com\/wp-content\/uploads\/2026\/08\/callejero-fino.webp","_links":{"self":[{"href":"https:\/\/www.noticiasbrown.com\/index.php?rest_route=\/wp\/v2\/posts\/5433","targetHints":{"allow":["GET"]}}],"collection":[{"href":"https:\/\/www.noticiasbrown.com\/index.php?rest_route=\/wp\/v2\/posts"}],"about":[{"href":"https:\/\/www.noticiasbrown.com\/index.php?rest_route=\/wp\/v2\/types\/post"}],"author":[{"embeddable":true,"href":"https:\/\/www.noticiasbrown.com\/index.php?rest_route=\/wp\/v2\/users\/1"}],"replies":[{"embeddable":true,"href":"https:\/\/www.noticiasbrown.com\/index.php?rest_route=%2Fwp%2Fv2%2Fcomments&post=5433"}],"version-history":[{"count":1,"href":"https:\/\/www.noticiasbrown.com\/index.php?rest_route=\/wp\/v2\/posts\/5433\/revisions"}],"predecessor-version":[{"id":5435,"href":"https:\/\/www.noticiasbrown.com\/index.php?rest_route=\/wp\/v2\/posts\/5433\/revisions\/5435"}],"wp:featuredmedia":[{"embeddable":true,"href":"https:\/\/www.noticiasbrown.com\/index.php?rest_route=\/wp\/v2\/media\/5434"}],"wp:attachment":[{"href":"https:\/\/www.noticiasbrown.com\/index.php?rest_route=%2Fwp%2Fv2%2Fmedia&parent=5433"}],"wp:term":[{"taxonomy":"category","embeddable":true,"href":"https:\/\/www.noticiasbrown.com\/index.php?rest_route=%2Fwp%2Fv2%2Fcategories&post=5433"},{"taxonomy":"post_tag","embeddable":true,"href":"https:\/\/www.noticiasbrown.com\/index.php?rest_route=%2Fwp%2Fv2%2Ftags&post=5433"}],"curies":[{"name":"wp","href":"https:\/\/api.w.org\/{rel}","templated":true}]}}