{"id":2697,"date":"2026-05-01T10:03:42","date_gmt":"2026-05-01T13:03:42","guid":{"rendered":"https:\/\/www.noticiasbrown.com\/?p=2697"},"modified":"2026-05-01T10:03:42","modified_gmt":"2026-05-01T13:03:42","slug":"el-mensaje-del-movimiento-derecho-al-futuro-por-el-dia-del-trabajador-milei-gobernar-es","status":"publish","type":"post","link":"https:\/\/www.noticiasbrown.com\/?p=2697","title":{"rendered":"El mensaje del Movimiento Derecho al Futuro por el D\u00eda del Trabajador: &#8220;Milei, gobernar es&#8230;&#8221;"},"content":{"rendered":"<div class=\"detail-header-wrapper\">\n<h3 id=\"p-1777633912813-844\" class=\"ignore-parser\">El espacio pol\u00edtico liderado por Axel Kicillof public\u00f3 en redes sociales un contundente mensaje dedicado al Presidente.<\/h3>\n<section class=\"detail-body first-paragraph\">\n<section id=\"note-body\" class=\"body-content note-body content-protected-false\" data-twitter-link=\"https:\/\/twitter.com\/intent\/tweet?url=https:\/\/www.minutouno.com\/c6272888&amp;v\u00eda=Ambitocom&amp;related=MinutoUno&amp;text=\">\n<p id=\"p-1777633917114-44143\">El espacio pol\u00edtico liderado por el gobernador bonaerense Axel Kicillof, Movimiento Derecho al Futuro (MDF), public\u00f3 este viernes en su cuenta oficial de X un contundente mensaje contra el presidente \u2013Javier Milei-, por el\u00a0<strong>D\u00eda del Trabajador.<\/strong><\/p>\n<\/section>\n<\/section>\n<section class=\"detail-body second-paragraph\">\n<section class=\"body-content note-body content-protected-false\">\n<p id=\"p-1777633917114-49335\"><span id=\"saysCMSEmphasis0v2relnjex1\" class=\"saysCMSEmphasis\">\u201cMilei, gobernar es crear trabajo\u201d,<\/span>\u00a0reza el posteo publicado este viernes en X por el MDF.<\/p>\n<section class=\"detail-body\">\n<section class=\"body-content note-body content-protected-false\">\n<h2 id=\"p-1777634056088-93281\">El posteo en X de MDF por el D\u00eda del Trabajador<\/h2>\n<p id=\"p-1777634058934-39797\">\n<\/section>\n<\/section>\n<section class=\"detail-body\">\n<section class=\"body-content note-body content-protected-false\">\n<div id=\"8218706-Libre-1146464057_wrap\" class=\"embed_cont type_imagen\" contenteditable=\"false\">\n<div id=\"8218706-Libre-1146464057_content\" class=\"embed_content\"><img decoding=\"async\" id=\"8218706-Libre-1146464057_embed\" title=\"\" src=\"https:\/\/media.minutouno.com\/p\/06cad113984f9248c54b186f1fbee939\/adjuntos\/150\/imagenes\/043\/340\/0043340913\/610x0\/smart\/posteo-mdf-trabajo.jpg\" alt=\"\" width=\"610\" height=\"undefined\" data-td-src-property=\"https:\/\/media.minutouno.com\/p\/06cad113984f9248c54b186f1fbee939\/adjuntos\/150\/imagenes\/043\/340\/0043340913\/610x0\/smart\/posteo-mdf-trabajo.jpg\" \/><\/div>\n<div id=\"p-1777634065406-10864\" class=\"embed_wrapper-cont\"><\/div>\n<\/div>\n<\/section>\n<\/section>\n<section class=\"detail-body\">\n<section class=\"body-content note-body content-protected-false\">\n<h2 id=\"p-1777634386566-81711\">Con un discurso repetido, Javier Milei neg\u00f3 la crisis del salario y el empleo: &#8220;Lo peor ya pas\u00f3&#8221;<\/h2>\n<p id=\"p-1777342328881-70332\" data-path-to-node=\"0\">Durante su\u00a0exposici\u00f3n en la\u00a0<strong>Fundaci\u00f3n Libertad<\/strong>, el presidente\u00a0<strong>Javier Milei<\/strong>\u00a0realiz\u00f3 un exhaustivo repaso de su gesti\u00f3n econ\u00f3mica, signado por una fuerte defensa de su programa y la ratificaci\u00f3n de un rumbo que calific\u00f3 como &#8220;ortodoxo&#8221;, negando varias de las cifras que exponen los problemas econ\u00f3micos del pa\u00eds.<\/p>\n<p id=\"p-1777342375289-81258\" data-path-to-node=\"0\">Con un discurso combativo, el mandatario apel\u00f3 a una frase que ya se ha vuelto recurrente en sus intervenciones:\u00a0<strong data-path-to-node=\"0\" data-index-in-node=\"348\">&#8220;Lo peor ya pas\u00f3&#8221;<\/strong>, asegurando que los \u00edndices negativos son un arrastre de la pol\u00edtica anterior y que la recuperaci\u00f3n ya es visible.<\/p>\n<p id=\"p-1777342762743-14045\" data-path-to-node=\"0\">El libertario hab\u00eda iniciado su disertaci\u00f3n repudiando el ataque a su par Donald Trump en Estados Unidos, adjudicando el presunto intento de magnicidio a &#8220;la izquierda&#8221;.<\/p>\n<p id=\"p-1777634448353-3713\" data-path-to-node=\"0\">\n<div id=\"8217110-894136926_wrap\" class=\"embed_cont type_video\" contenteditable=\"false\">\n<div id=\"8217110-894136926_content\" class=\"embed_content\">\n<div id=\"8217110-894136926_embed\">\n<div id=\"mediaPlayer_8217110-894136926\"><iframe loading=\"lazy\" src=\"https:\/\/www.minutouno.com\/services\/embed.php?idAdjunto=8217110&amp;idAdjuntoTamano=&amp;width=622&amp;height=351&amp;tipo=video\" width=\"622\" height=\"351\" frameborder=\"0\" scrolling=\"no\" allowfullscreen=\"allowfullscreen\" data-td-src-property=\"https:\/\/www.minutouno.com\/services\/embed.php?idAdjunto=8217110&amp;idAdjuntoTamano=&amp;width=622&amp;height=351&amp;tipo=video\" data-mce-fragment=\"1\"><\/iframe><\/div>\n<\/div>\n<\/div>\n<div id=\"p-1777634461553-93392\" class=\"embed_wrapper-cont\"><\/div>\n<\/div>\n<p>&nbsp;<\/p>\n<h2 id=\"p-1777342328881-28721\">&#8220;Lo peor ya pas\u00f3&#8221;: el diagn\u00f3stico de Javier Milei frente a la crisis<\/h2>\n<p id=\"p-1777342328881-80086\" data-path-to-node=\"2\">Milei sostuvo que, tras un freno en seco de la actividad durante los \u00faltimos seis meses, la econom\u00eda ha comenzado a &#8220;reconstituirse&#8221;. Seg\u00fan su visi\u00f3n, el mes de marzo habr\u00eda marcado el piso de la crisis para dar paso a un abril con signos de alivio.<\/p>\n<p id=\"p-1777342328881-99878\" data-path-to-node=\"3,0,0\">El Presidente insisti\u00f3 en que no se apartar\u00e1 de su plan econ\u00f3mico pese a lo que llam\u00f3 &#8220;ataques violentos de la pol\u00edtica&#8221;. Lleg\u00f3 a afirmar que, seg\u00fan su an\u00e1lisis, encabeza\u00a0<strong data-path-to-node=\"3,1,0\" data-index-in-node=\"73\">&#8220;el mejor gobierno de la historia&#8221;<\/strong>, bas\u00e1ndose en que el programa financiero no pudo ser derribado por la oposici\u00f3n.<\/p>\n<p id=\"p-1777634438342-91502\" data-path-to-node=\"3,0,0\">\n<h2 id=\"p-1777342328881-12766\">Negaci\u00f3n de la ca\u00edda del salario y el empleo<\/h2>\n<p id=\"p-1777342328881-3730\" data-path-to-node=\"6\">Uno de los puntos m\u00e1s controvertidos del discurso de Milei fue la negaci\u00f3n de la destrucci\u00f3n de puestos de trabajo y el desplome del poder adquisitivo, a pesar de que diversas mediciones privadas y oficiales muestran cifras en contra.<\/p>\n<p id=\"p-1777342328881-59617\" data-path-to-node=\"7,0,0\">De esta manera, el libertario argument\u00f3 que es &#8220;mentira&#8221; que se pierdan empleos, aunque reconoci\u00f3 que el crecimiento se da exclusivamente en el sector informal (no registrado). Adem\u00e1s, Afirm\u00f3 que los \u00fanicos salarios que caen en t\u00e9rminos reales son los del sector p\u00fablico, utiliz\u00e1ndose a s\u00ed mismo como ejemplo al decir que es el presidente que menos gana en Am\u00e9rica Latina.<\/p>\n<p id=\"p-1777342543856-3699\" data-path-to-node=\"7,0,0\">\u201c<strong>\u00bfSaben al que peor le fue con esta econom\u00eda en t\u00e9rminos reales? A mi, que fui el \u00fanico que no se subi\u00f3 el sueldo<\/strong>. De hecho, soy el presidente que menos gana en Am\u00e9rica&#8221;, argument\u00f3 el Presidente que pidi\u00f3 a sus seguidores &#8220;no dejarse psicopatear&#8221; por los discursos de la oposici\u00f3n, a los que tild\u00f3 de mentirosos.<\/p>\n<p id=\"p-1777634432684-24970\" data-path-to-node=\"0\">\n<h2 id=\"p-1777634509901-56784\">Consumo en &#8220;pico hist\u00f3rico&#8221; seg\u00fan Javier Milei<\/h2>\n<p id=\"p-1777634509901-35393\">En otro tramo de su discurso, el jefe de Estado desafi\u00f3 las estad\u00edsticas que muestran una fuerte baja en el consumo masivo. Sostuvo que el consumo est\u00e1 en un &#8220;pico hist\u00f3rico&#8221; pero que ha cambiado su fisonom\u00eda y sugiri\u00f3 mirar los balances de plataformas digitales como Mercado Libre para entender que la gente no ha dejado de comprar, sino que lo hace de otra manera.<\/p>\n<p id=\"p-1777634509901-75535\">En tanto, Milei tild\u00f3 de &#8220;otra mentira&#8221; la teor\u00eda del atraso del d\u00f3lar. Pronostic\u00f3 un &#8220;shock exportador&#8221; que har\u00e1 que los d\u00f3lares &#8220;salgan por las orejas&#8221;, provocando una apreciaci\u00f3n natural de la moneda por confianza y no por intervenci\u00f3n.<\/p>\n<p id=\"p-1777634509901-62375\">Finlamente, y fiel a su estilo directo, el mandatario volvi\u00f3 a cargar contra grandes empresarios industriales, mencionando t\u00e1citamente a referentes como Javier Madanes Quintanilla (FATE) y Paolo Rocca (Techint). Cuestion\u00f3 por qu\u00e9 los argentinos deber\u00edan pagar neum\u00e1ticos o tubos de acero m\u00e1s caros para beneficiar a &#8220;corruptos ineficientes&#8221;.<\/p>\n<\/section>\n<\/section>\n<\/section>\n<\/section>\n<\/div>\n","protected":false},"excerpt":{"rendered":"<p>El espacio pol\u00edtico liderado por Axel Kicillof public\u00f3 en redes sociales un contundente mensaje dedicado&#8230;<\/p>\n","protected":false},"author":1,"featured_media":2698,"comment_status":"closed","ping_status":"closed","sticky":false,"template":"","format":"standard","meta":{"_jetpack_memberships_contains_paid_content":false,"footnotes":"","jetpack_publicize_message":"","jetpack_publicize_feature_enabled":true,"jetpack_social_post_already_shared":true,"jetpack_social_options":{"image_generator_settings":{"template":"highway","default_image_id":0,"font":"","enabled":false},"version":2}},"categories":[3],"tags":[522,35],"class_list":["post-2697","post","type-post","status-publish","format-standard","has-post-thumbnail","hentry","category-politica","tag-dia-del-trabajador","tag-javier-milei"],"aioseo_notices":[],"jetpack_publicize_connections":[],"jetpack_featured_media_url":"https:\/\/www.noticiasbrown.com\/wp-content\/uploads\/2026\/05\/axel-kicillof.webp","jetpack_sharing_enabled":true,"_links":{"self":[{"href":"https:\/\/www.noticiasbrown.com\/index.php?rest_route=\/wp\/v2\/posts\/2697","targetHints":{"allow":["GET"]}}],"collection":[{"href":"https:\/\/www.noticiasbrown.com\/index.php?rest_route=\/wp\/v2\/posts"}],"about":[{"href":"https:\/\/www.noticiasbrown.com\/index.php?rest_route=\/wp\/v2\/types\/post"}],"author":[{"embeddable":true,"href":"https:\/\/www.noticiasbrown.com\/index.php?rest_route=\/wp\/v2\/users\/1"}],"replies":[{"embeddable":true,"href":"https:\/\/www.noticiasbrown.com\/index.php?rest_route=%2Fwp%2Fv2%2Fcomments&post=2697"}],"version-history":[{"count":2,"href":"https:\/\/www.noticiasbrown.com\/index.php?rest_route=\/wp\/v2\/posts\/2697\/revisions"}],"predecessor-version":[{"id":2700,"href":"https:\/\/www.noticiasbrown.com\/index.php?rest_route=\/wp\/v2\/posts\/2697\/revisions\/2700"}],"wp:featuredmedia":[{"embeddable":true,"href":"https:\/\/www.noticiasbrown.com\/index.php?rest_route=\/wp\/v2\/media\/2698"}],"wp:attachment":[{"href":"https:\/\/www.noticiasbrown.com\/index.php?rest_route=%2Fwp%2Fv2%2Fmedia&parent=2697"}],"wp:term":[{"taxonomy":"category","embeddable":true,"href":"https:\/\/www.noticiasbrown.com\/index.php?rest_route=%2Fwp%2Fv2%2Fcategories&post=2697"},{"taxonomy":"post_tag","embeddable":true,"href":"https:\/\/www.noticiasbrown.com\/index.php?rest_route=%2Fwp%2Fv2%2Ftags&post=2697"}],"curies":[{"name":"wp","href":"https:\/\/api.w.org\/{rel}","templated":true}]}}