{"id":2686,"date":"2026-05-01T09:53:36","date_gmt":"2026-05-01T12:53:36","guid":{"rendered":"https:\/\/www.noticiasbrown.com\/?p=2686"},"modified":"2026-05-01T09:53:36","modified_gmt":"2026-05-01T12:53:36","slug":"a-que-hora-cierran-y-cuando-vuelven-a-abrir-los-supermercados-de-argentina-por-el-feriado-del-1-de-mayo","status":"publish","type":"post","link":"https:\/\/www.noticiasbrown.com\/?p=2686","title":{"rendered":"A qu\u00e9 hora cierran y cu\u00e1ndo vuelven a abrir los supermercados de Argentina por el feriado del 1\u00b0 de mayo"},"content":{"rendered":"<div class=\"detail-header-wrapper\">\n<h3 id=\"p-1777579303312-57773\" class=\"ignore-parser\">Enterate c\u00f3mo ser\u00e1 el cronograma de los supermercados, qu\u00e9 pasa con los locales de cercan\u00eda y los que operan las 24 horas por el feriado del D\u00eda del Trabajador.<\/h3>\n<section class=\"detail-body first-paragraph\">\n<section id=\"note-body\" class=\"body-content note-body content-protected-false\" data-twitter-link=\"https:\/\/twitter.com\/intent\/tweet?url=https:\/\/www.minutouno.com\/c6272768&amp;v\u00eda=Ambitocom&amp;related=MinutoUno&amp;text=\">\n<p id=\"p-1777579338807-76251\" data-path-to-node=\"4\">El viernes 1\u00b0 de mayo de 2026 se conmemora el<strong>\u00a0D\u00eda del Trabajador,\u00a0<\/strong>un feriado inamovible a nivel nacional. Por este motivo, se aplicar\u00e1 un funcionamiento especial en distintos servicios del pa\u00eds, organizando la actividad general con una modalidad similar a la de los domingos. Aunque los\u00a0<strong>supermercados\u00a0<\/strong>tendr\u00e1n cronograma especial.<\/p>\n<\/section>\n<\/section>\n<section class=\"detail-body second-paragraph\">\n<section class=\"body-content note-body content-protected-false\">\n<p id=\"p-1777579338807-29444\" data-path-to-node=\"5\">Seg\u00fan la informaci\u00f3n oficial, el funcionamiento de los supermercados ser\u00e1 dispar. Mientras que las cadenas m\u00e1s grandes del pa\u00eds permanecer\u00e1n con sus persianas bajas para garantizar el descanso de los trabajadores, algunos comercios de cercan\u00eda podr\u00edan operar con horarios reducidos. Es importante recordar que, al estar cerrados los hipermercados, tambi\u00e9n se ver\u00e1n limitadas las opciones de extracci\u00f3n de efectivo en l\u00ednea de cajas.<\/p>\n<section class=\"detail-body\">\n<section class=\"body-content note-body content-protected-false\">\n<p id=\"p-1777579338807-49408\" data-path-to-node=\"6\">A continuaci\u00f3n, el detalle de c\u00f3mo funcionar\u00e1 cada cadena, a qu\u00e9 hora cierran en la v\u00edspera y cu\u00e1ndo vuelven a abrir sus puertas:<\/p>\n<\/section>\n<\/section>\n<section class=\"detail-body\">\n<section class=\"body-content note-body content-protected-false\">\n<div id=\"8158006-Libre-1002985166_wrap\" class=\"embed_cont type_imagen\" contenteditable=\"false\">\n<div id=\"8158006-Libre-1002985166_content\" class=\"embed_content\"><img loading=\"lazy\" decoding=\"async\" id=\"8158006-Libre-1002985166_embed\" title=\"\" src=\"https:\/\/media.minutouno.com\/p\/0bf07d5daa64f28398903a06b85973b3\/adjuntos\/150\/imagenes\/042\/981\/0042981881\/ventas-supermercados.jpg?2025-11-26-17-34-36\" alt=\"\" width=\"610\" height=\"435\" data-td-src-property=\"https:\/\/media.minutouno.com\/p\/0bf07d5daa64f28398903a06b85973b3\/adjuntos\/150\/imagenes\/042\/981\/0042981881\/ventas-supermercados.jpg?2025-11-26-17-34-36\" \/><\/div>\n<div id=\"p-1777580263683-45885\" class=\"embed_wrapper-cont\"><\/div>\n<\/div>\n<p id=\"p-1777580245470-89131\" data-path-to-node=\"6\">\n<\/section>\n<\/section>\n<section class=\"detail-body\">\n<section class=\"body-content note-body content-protected-false\">\n<h2 id=\"p-1777579338807-32909\" data-path-to-node=\"7\">Horarios de Supermercados Coto el 1\u00b0 de mayo<\/h2>\n<p id=\"p-1777579338807-61419\" data-path-to-node=\"8\">La cadena nacional cerrar\u00e1 todas sus sucursales el jueves 30 de abril en su horario de corte habitual (generalmente entre las 21:00 y las 22:00 horas, dependiendo de la ubicaci\u00f3n). Durante todo el viernes 1\u00b0 de mayo, los locales permanecer\u00e1n cerrados sin atenci\u00f3n al p\u00fablico ni entregas a domicilio. Volver\u00e1n a abrir sus puertas con total normalidad el s\u00e1bado 2 de mayo a partir de las 08:30 horas.<\/p>\n<h2 id=\"p-1777580166963-31288\" data-path-to-node=\"9\">Horarios de Supermercados Jumbo el 1\u00b0 de mayo<\/h2>\n<p id=\"p-1777579338807-62975\" data-path-to-node=\"10\">Las sucursales de Jumbo tambi\u00e9n se adhieren al cese total de actividades por el D\u00eda del Trabajador. El jueves previo finalizar\u00e1n su atenci\u00f3n en el horario regular de las 21:00 o 22:00 horas. El viernes no brindar\u00e1n servicio presencial y la actividad se retomar\u00e1 el s\u00e1bado 2 de mayo en su horario habitual de apertura, desde las 08:00 horas.<\/p>\n<h2 id=\"p-1777580172762-25362\" data-path-to-node=\"11\">Horarios de Supermercados Carrefour el 1\u00b0 de mayo<\/h2>\n<p id=\"p-1777579338807-1888\" data-path-to-node=\"12\">Los hipermercados y sucursales Market de Carrefour cerrar\u00e1n el jueves por la noche (21:30 horas) y no abrir\u00e1n el viernes. Sin embargo, la empresa tiene una fuerte apuesta por el formato\u00a0<strong data-path-to-node=\"12\" data-index-in-node=\"186\">24 horas<\/strong>\u00a0en Argentina. Si bien estos locales Express de atenci\u00f3n continua no suelen cerrar nunca, por tratarse del D\u00eda del Trabajador se recomienda verificar en los canales oficiales de la empresa, ya que la gran mayor\u00eda interrumpe su servicio a la medianoche del jueves y retoma la actividad reci\u00e9n a las 00:00 o a las 07:00 horas del s\u00e1bado 2 de mayo.<\/p>\n<h2 id=\"p-1777580178268-95853\" data-path-to-node=\"13\">Horarios de Supermercados Chango M\u00e1s el 1\u00b0 de mayo<\/h2>\n<p id=\"p-1777579338807-37128\" data-path-to-node=\"14\">La gran mayor\u00eda de los locales tradicionales de Chango M\u00e1s y sus formatos expr\u00e9s bajar\u00e1n sus persianas el jueves 30 de abril al finalizar la jornada (habitualmente entre las 21:00 y 22:00 horas). Sin embargo, la empresa cuenta con un importante n\u00famero de sucursales\u00a0<strong data-path-to-node=\"14\" data-index-in-node=\"266\">Hiper Chango M\u00e1s que operan las 24 horas<\/strong>\u00a0(de 00:00 a 23:59 h). Estas grandes superficies de atenci\u00f3n ininterrumpida est\u00e1n ubicadas en puntos estrat\u00e9gicos como Constituyentes (CABA), Avellaneda, La Plata, Corrientes, Santa Fe, C\u00f3rdoba Oeste, Neuqu\u00e9n y Guaymall\u00e9n (Mendoza). Al igual que el resto de las tiendas, estas sucursales 24 horas deber\u00e1n interrumpir su servicio a la medianoche del jueves por el feriado inamovible, retomando su actividad habitual reci\u00e9n el s\u00e1bado 2 de mayo a partir de las 00:00 horas.<\/p>\n<h2 id=\"p-1777579338807-32909\" data-path-to-node=\"7\">Supermercados D\u00eda a qu\u00e9 hora cierran<\/h2>\n<p id=\"p-1777579338807-16800\" data-path-to-node=\"16\">El funcionamiento en la cadena de supermercados D\u00eda ser\u00e1 el m\u00e1s dispar de todos. Las sucursales corporativas grandes permanecer\u00e1n cerradas desde el jueves a las 21:00 horas hasta el s\u00e1bado a las 08:00 horas. Sin embargo, al tratarse de una red con un fuerte modelo de franquicias,\u00a0<strong data-path-to-node=\"16\" data-index-in-node=\"281\">algunos comercios de cercan\u00eda podr\u00edan abrir con horarios reducidos<\/strong>\u00a0(por ejemplo, medio d\u00eda) al ser atendidos por sus propios due\u00f1os. Por este motivo, se recomienda verificar previamente en el local de cada barrio.<\/p>\n<\/section>\n<\/section>\n<\/section>\n<\/section>\n<\/div>\n","protected":false},"excerpt":{"rendered":"<p>Enterate c\u00f3mo ser\u00e1 el cronograma de los supermercados, qu\u00e9 pasa con los locales de cercan\u00eda&#8230;<\/p>\n","protected":false},"author":1,"featured_media":2687,"comment_status":"closed","ping_status":"closed","sticky":false,"template":"","format":"standard","meta":{"_jetpack_memberships_contains_paid_content":false,"footnotes":"","jetpack_publicize_message":"","jetpack_publicize_feature_enabled":true,"jetpack_social_post_already_shared":true,"jetpack_social_options":{"image_generator_settings":{"template":"highway","default_image_id":0,"font":"","enabled":false},"version":2}},"categories":[4],"tags":[62,522,167,521,319],"class_list":["post-2686","post","type-post","status-publish","format-standard","has-post-thumbnail","hentry","category-sociedad","tag-argentina","tag-dia-del-trabajador","tag-feriados","tag-supermercados","tag-trabajador"],"aioseo_notices":[],"jetpack_publicize_connections":[],"jetpack_featured_media_url":"https:\/\/www.noticiasbrown.com\/wp-content\/uploads\/2026\/05\/supermercados.avif","jetpack_sharing_enabled":true,"_links":{"self":[{"href":"https:\/\/www.noticiasbrown.com\/index.php?rest_route=\/wp\/v2\/posts\/2686","targetHints":{"allow":["GET"]}}],"collection":[{"href":"https:\/\/www.noticiasbrown.com\/index.php?rest_route=\/wp\/v2\/posts"}],"about":[{"href":"https:\/\/www.noticiasbrown.com\/index.php?rest_route=\/wp\/v2\/types\/post"}],"author":[{"embeddable":true,"href":"https:\/\/www.noticiasbrown.com\/index.php?rest_route=\/wp\/v2\/users\/1"}],"replies":[{"embeddable":true,"href":"https:\/\/www.noticiasbrown.com\/index.php?rest_route=%2Fwp%2Fv2%2Fcomments&post=2686"}],"version-history":[{"count":1,"href":"https:\/\/www.noticiasbrown.com\/index.php?rest_route=\/wp\/v2\/posts\/2686\/revisions"}],"predecessor-version":[{"id":2688,"href":"https:\/\/www.noticiasbrown.com\/index.php?rest_route=\/wp\/v2\/posts\/2686\/revisions\/2688"}],"wp:featuredmedia":[{"embeddable":true,"href":"https:\/\/www.noticiasbrown.com\/index.php?rest_route=\/wp\/v2\/media\/2687"}],"wp:attachment":[{"href":"https:\/\/www.noticiasbrown.com\/index.php?rest_route=%2Fwp%2Fv2%2Fmedia&parent=2686"}],"wp:term":[{"taxonomy":"category","embeddable":true,"href":"https:\/\/www.noticiasbrown.com\/index.php?rest_route=%2Fwp%2Fv2%2Fcategories&post=2686"},{"taxonomy":"post_tag","embeddable":true,"href":"https:\/\/www.noticiasbrown.com\/index.php?rest_route=%2Fwp%2Fv2%2Ftags&post=2686"}],"curies":[{"name":"wp","href":"https:\/\/api.w.org\/{rel}","templated":true}]}}