{"id":2678,"date":"2026-04-30T08:39:11","date_gmt":"2026-04-30T11:39:11","guid":{"rendered":"https:\/\/www.noticiasbrown.com\/?p=2678"},"modified":"2026-04-30T08:39:11","modified_gmt":"2026-04-30T11:39:11","slug":"manuel-adorni-descarto-su-renuncia-estoy-aca-dando-la-cara","status":"publish","type":"post","link":"https:\/\/www.noticiasbrown.com\/?p=2678","title":{"rendered":"Manuel Adorni descart\u00f3 su renuncia: &#8220;Estoy ac\u00e1 dando la cara&#8221;"},"content":{"rendered":"<div class=\"detail-header-wrapper\">\n<h3 id=\"p-1777488384910-19937\" class=\"ignore-parser\">Ante los fuertes reclamos de la oposici\u00f3n, Manuel Adorni asegur\u00f3 que no renunciar\u00e1 a su cargo y defendi\u00f3 el firme rumbo del Gobierno.<\/h3>\n<p>El actual jefe de Gabinete,\u00a0<strong data-path-to-node=\"4\" data-index-in-node=\"28\">Manuel Adorni<\/strong>, rechaz\u00f3 categ\u00f3ricamente los pedidos de la oposici\u00f3n para que d\u00e9 un paso al costado. Durante su presentaci\u00f3n institucional, el funcionario asegur\u00f3 que no presentar\u00e1 su renuncia frente a las recientes sospechas de corrupci\u00f3n que recaen sobre \u00e9l y prometi\u00f3 continuar trabajando intensamente.<\/p>\n<blockquote class=\"twitter-tweet\">\n<p dir=\"ltr\" lang=\"es\">Manuel Adorni &#8220;No voy a renunciar&#8221; C5N (<a href=\"https:\/\/twitter.com\/C5N?ref_src=twsrc%5Etfw\">@C5N<\/a>) <a href=\"https:\/\/t.co\/Pdhf5Zlud9\">pic.twitter.com\/Pdhf5Zlud9<\/a><\/p>\n<p>\u2014 minutouno (@minutounocom) <a href=\"https:\/\/twitter.com\/minutounocom\/status\/2049562318531420412?ref_src=twsrc%5Etfw\">April 29, 2026<\/a><\/p><\/blockquote>\n<p><script async src=\"https:\/\/platform.twitter.com\/widgets.js\" charset=\"utf-8\"><\/script><\/p>\n<h2 id=\"p-1777488391386-39538\" data-path-to-node=\"6\">El rechazo a la\u00a0<strong data-path-to-node=\"6\" data-index-in-node=\"16\">renuncia<\/strong>\u00a0y el fuerte mensaje de Adorni<\/h2>\n<p id=\"p-1777488391386-38063\" data-path-to-node=\"7\">Frente a los duros cuestionamientos legislativos, el vocero libertario dej\u00f3 en claro su postura:\u00a0<em data-path-to-node=\"7\" data-index-in-node=\"97\">&#8220;Respecto de la pregunta acerca de si voy a presentar la\u00a0<strong data-path-to-node=\"7\" data-index-in-node=\"154\">renuncia<\/strong>, quiero dejarles en claro a todos que no. Por el contrario: estoy ac\u00e1 dando la cara&#8221;<\/em>, sentenci\u00f3 ante la mirada atenta de la\u00a0<strong data-path-to-node=\"7\" data-index-in-node=\"287\">oposici\u00f3n<\/strong>. Adem\u00e1s, remarc\u00f3 que el Presidente le confi\u00f3 la inmensa responsabilidad de coordinar las acciones del\u00a0<em data-path-to-node=\"7\" data-index-in-node=\"399\">&#8220;gobierno m\u00e1s reformista de la historia&#8221;<\/em>.<\/p>\n<div id=\"8217878-Libre-353846861_wrap\" class=\"embed_cont type_imagen\" contenteditable=\"false\">\n<div id=\"8217878-Libre-353846861_content\" class=\"embed_content\"><img decoding=\"async\" id=\"8217878-Libre-353846861_embed\" title=\"Manuel Adorni EN VIVO en el Congreso: minuto a minuto del informe del jefe de Gabinete\" src=\"https:\/\/media.minutouno.com\/p\/560f13fbe231feaec1554a56daf303b2\/adjuntos\/150\/imagenes\/043\/336\/0043336485\/610x0\/smart\/manuel-adorni-vivo-el-congreso-minuto-minuto-del-informe-del-jefe-gabinete.jpg\" alt=\"Manuel Adorni EN VIVO en el Congreso: minuto a minuto del informe del jefe de Gabinete\" width=\"610\" height=\"undefined\" data-td-src-property=\"https:\/\/media.minutouno.com\/p\/560f13fbe231feaec1554a56daf303b2\/adjuntos\/150\/imagenes\/043\/336\/0043336485\/610x0\/smart\/manuel-adorni-vivo-el-congreso-minuto-minuto-del-informe-del-jefe-gabinete.jpg\" \/><\/div>\n<div id=\"p-1777488916247-60907\" class=\"embed_wrapper-cont\">\n<div id=\"8217878-Libre-353846861_epigrafe\" class=\"embed_epigrafe\">\n<p id=\"p-1777488916247-49138\">Manuel Adorni EN VIVO en el Congreso: minuto a minuto del informe del jefe de Gabinete<\/p>\n<\/div>\n<\/div>\n<\/div>\n<p id=\"p-1777488391386-37910\" data-path-to-node=\"8\">En el tramo final de su discurso oficial en el\u00a0<strong data-path-to-node=\"8\" data-index-in-node=\"47\">Congreso<\/strong>, sostuvo que los argentinos ven\u00edan esperando estos profundos cambios desde hac\u00eda d\u00e9cadas y que por su postergaci\u00f3n fueron empujados a una mayor pobreza.\u00a0<em data-path-to-node=\"8\" data-index-in-node=\"209\">&#8220;Voy y vamos a seguir trabajando para materializar el sue\u00f1o de una Argentina diferente&#8221;<\/em>, concluy\u00f3 el representante del\u00a0<strong data-path-to-node=\"8\" data-index-in-node=\"328\">Gobierno<\/strong>, garantizando que continuar\u00e1 rindiendo cuentas ante la C\u00e1mara tal como lo exige la Constituci\u00f3n Nacional.<\/p>\n<\/div>\n","protected":false},"excerpt":{"rendered":"<p>Ante los fuertes reclamos de la oposici\u00f3n, Manuel Adorni asegur\u00f3 que no renunciar\u00e1 a su&#8230;<\/p>\n","protected":false},"author":1,"featured_media":2679,"comment_status":"closed","ping_status":"closed","sticky":false,"template":"","format":"standard","meta":{"_jetpack_memberships_contains_paid_content":false,"footnotes":"","jetpack_publicize_message":"","jetpack_publicize_feature_enabled":true,"jetpack_social_post_already_shared":true,"jetpack_social_options":{"image_generator_settings":{"template":"highway","default_image_id":0,"font":"","enabled":false},"version":2}},"categories":[3],"tags":[520,102,156],"class_list":["post-2678","post","type-post","status-publish","format-standard","has-post-thumbnail","hentry","category-politica","tag-gabinete","tag-gobierno","tag-manuel-adorni"],"aioseo_notices":[],"jetpack_publicize_connections":[],"jetpack_featured_media_url":"https:\/\/www.noticiasbrown.com\/wp-content\/uploads\/2026\/04\/manuel-adorni-descarto-su-renuncia-estoy-aca-dando-la-cara.webp","jetpack_sharing_enabled":true,"_links":{"self":[{"href":"https:\/\/www.noticiasbrown.com\/index.php?rest_route=\/wp\/v2\/posts\/2678","targetHints":{"allow":["GET"]}}],"collection":[{"href":"https:\/\/www.noticiasbrown.com\/index.php?rest_route=\/wp\/v2\/posts"}],"about":[{"href":"https:\/\/www.noticiasbrown.com\/index.php?rest_route=\/wp\/v2\/types\/post"}],"author":[{"embeddable":true,"href":"https:\/\/www.noticiasbrown.com\/index.php?rest_route=\/wp\/v2\/users\/1"}],"replies":[{"embeddable":true,"href":"https:\/\/www.noticiasbrown.com\/index.php?rest_route=%2Fwp%2Fv2%2Fcomments&post=2678"}],"version-history":[{"count":1,"href":"https:\/\/www.noticiasbrown.com\/index.php?rest_route=\/wp\/v2\/posts\/2678\/revisions"}],"predecessor-version":[{"id":2680,"href":"https:\/\/www.noticiasbrown.com\/index.php?rest_route=\/wp\/v2\/posts\/2678\/revisions\/2680"}],"wp:featuredmedia":[{"embeddable":true,"href":"https:\/\/www.noticiasbrown.com\/index.php?rest_route=\/wp\/v2\/media\/2679"}],"wp:attachment":[{"href":"https:\/\/www.noticiasbrown.com\/index.php?rest_route=%2Fwp%2Fv2%2Fmedia&parent=2678"}],"wp:term":[{"taxonomy":"category","embeddable":true,"href":"https:\/\/www.noticiasbrown.com\/index.php?rest_route=%2Fwp%2Fv2%2Fcategories&post=2678"},{"taxonomy":"post_tag","embeddable":true,"href":"https:\/\/www.noticiasbrown.com\/index.php?rest_route=%2Fwp%2Fv2%2Ftags&post=2678"}],"curies":[{"name":"wp","href":"https:\/\/api.w.org\/{rel}","templated":true}]}}