{"id":2676,"date":"2026-04-30T08:18:27","date_gmt":"2026-04-30T11:18:27","guid":{"rendered":"https:\/\/www.noticiasbrown.com\/?p=2676"},"modified":"2026-04-30T08:18:27","modified_gmt":"2026-04-30T11:18:27","slug":"la-semana-corta-termina-con-frio-en-el-amba-de-cuanto-es-la-minima-prevista-para-este-jueves","status":"publish","type":"post","link":"https:\/\/www.noticiasbrown.com\/?p=2676","title":{"rendered":"La semana corta termina con fr\u00edo en el AMBA: de cu\u00e1nto es la m\u00ednima prevista para este jueves"},"content":{"rendered":"<div class=\"detail-header-wrapper\">\n<h3 id=\"p-1777520389242-55857\" class=\"ignore-parser\">El Servicio Meteorol\u00f3gico Nacional prev\u00e9 un cierre de mes con buen clima y amplitud t\u00e9rmica en el AMBA.<\/h3>\n<section class=\"detail-body first-paragraph\">\n<section id=\"note-body\" class=\"body-content note-body content-protected-false\" data-twitter-link=\"https:\/\/twitter.com\/intent\/tweet?url=https:\/\/www.minutouno.com\/c6272439&amp;v\u00eda=Ambitocom&amp;related=MinutoUno&amp;text=\">\n<p id=\"p-1777520391240-70424\">El cierre de la semana corta en el\u00a0<strong>\u00c1rea Metropolitana de Buenos Aires (AMBA)<\/strong>, a la espera del\u00a0<strong>feriado<\/strong>, se mantendr\u00eda con la\u00a0<strong>misma tendencia del clima que los d\u00edas previos, aunque con un leve ascenso de las temperaturas<\/strong>, de acuerdo con el\u00a0<strong>pron\u00f3stico del tiempo del Servicio Meteorol\u00f3gico Nacional (SMN)<\/strong>.<\/p>\n<\/section>\n<\/section>\n<section class=\"detail-body second-paragraph\">\n<section class=\"body-content note-body content-protected-false\">\n<p id=\"p-1777520551379-74409\">De esta manera, la semana sigue con cielo despejado y ligeramente nublado en las primeras horas del\u00a0<strong>jueves<\/strong>; pasando a parcialmente nublado en la tarde y noche, y con temperaturas de entre 9 y 22 grados.<\/p>\n<section class=\"detail-body\">\n<section class=\"body-content note-body content-protected-false\">\n<h2 id=\"p-1777520515647-63784\">Clima: el pron\u00f3stico del tiempo extendido en el AMBA<\/h2>\n<p id=\"p-1777520501806-23120\">\n<\/section>\n<\/section>\n<section class=\"detail-body\">\n<section class=\"body-content note-body content-protected-false\">\n<p id=\"p-1777503829616-6969\">El organismo nacional, en tanto, anticipa un\u00a0<strong>viernes feriado por el D\u00eda del Trabajador<\/strong>\u00a0con cielo mayormente nublado y marcas t\u00e9rmicas estimadas de 12 grados para la m\u00ednima y 24 para la m\u00e1xima.<\/p>\n<\/section>\n<\/section>\n<section class=\"detail-body\">\n<section class=\"body-content note-body content-protected-false\">\n<p id=\"p-1777503868807-64672\">Para el\u00a0<strong>s\u00e1bado<\/strong>, el SMN espera una jornada con buen clima: cielo parcialmente nublado, con una temperatura m\u00ednima de 11 grados y una m\u00e1xima que subir\u00e1 hasta 18.<\/p>\n<\/section>\n<\/section>\n<section class=\"detail-body\">\n<section class=\"body-content note-body content-protected-false\">\n<p id=\"p-1777503912455-35211\">Para cerrar el fin de semana largo, el\u00a0<strong>domingo otra vez ser\u00eda con fr\u00edo<\/strong>. Con cielo parcialmente nublado, la m\u00ednima comenzar\u00eda en los 7 grados, mientras que la m\u00e1xima ascender\u00eda hasta 18.<\/p>\n<p id=\"p-1777503947240-61068\">La nueva semana en el AMBA, en tanto, iniciar\u00e1 el lunes con cielo mayormente nublado y temperaturas de entre 10 y 22 grados, siempre seg\u00fan el organismo nacional.<\/p>\n<div id=\"embed47_wrap\" class=\"embed_cont type_freetext\" contenteditable=\"false\">\n<div id=\"embed47_content\" class=\"embed_content\"><\/div>\n<\/div>\n<\/section>\n<\/section>\n<\/section>\n<\/section>\n<\/div>\n","protected":false},"excerpt":{"rendered":"<p>El Servicio Meteorol\u00f3gico Nacional prev\u00e9 un cierre de mes con buen clima y amplitud t\u00e9rmica&#8230;<\/p>\n","protected":false},"author":1,"featured_media":2531,"comment_status":"closed","ping_status":"closed","sticky":false,"template":"","format":"standard","meta":{"_jetpack_memberships_contains_paid_content":false,"footnotes":"","jetpack_publicize_message":"","jetpack_publicize_feature_enabled":true,"jetpack_social_post_already_shared":true,"jetpack_social_options":{"image_generator_settings":{"template":"highway","default_image_id":0,"font":"","enabled":false},"version":2}},"categories":[4],"tags":[23,15,494,17,20],"class_list":["post-2676","post","type-post","status-publish","format-standard","has-post-thumbnail","hentry","category-sociedad","tag-buenos-aires","tag-clima","tag-frio","tag-pronostico-del-tiempo-2","tag-servicio-meteorologico-nacional"],"aioseo_notices":[],"jetpack_publicize_connections":[],"jetpack_featured_media_url":"https:\/\/www.noticiasbrown.com\/wp-content\/uploads\/2026\/04\/frio-extremo.webp","jetpack_sharing_enabled":true,"_links":{"self":[{"href":"https:\/\/www.noticiasbrown.com\/index.php?rest_route=\/wp\/v2\/posts\/2676","targetHints":{"allow":["GET"]}}],"collection":[{"href":"https:\/\/www.noticiasbrown.com\/index.php?rest_route=\/wp\/v2\/posts"}],"about":[{"href":"https:\/\/www.noticiasbrown.com\/index.php?rest_route=\/wp\/v2\/types\/post"}],"author":[{"embeddable":true,"href":"https:\/\/www.noticiasbrown.com\/index.php?rest_route=\/wp\/v2\/users\/1"}],"replies":[{"embeddable":true,"href":"https:\/\/www.noticiasbrown.com\/index.php?rest_route=%2Fwp%2Fv2%2Fcomments&post=2676"}],"version-history":[{"count":1,"href":"https:\/\/www.noticiasbrown.com\/index.php?rest_route=\/wp\/v2\/posts\/2676\/revisions"}],"predecessor-version":[{"id":2677,"href":"https:\/\/www.noticiasbrown.com\/index.php?rest_route=\/wp\/v2\/posts\/2676\/revisions\/2677"}],"wp:featuredmedia":[{"embeddable":true,"href":"https:\/\/www.noticiasbrown.com\/index.php?rest_route=\/wp\/v2\/media\/2531"}],"wp:attachment":[{"href":"https:\/\/www.noticiasbrown.com\/index.php?rest_route=%2Fwp%2Fv2%2Fmedia&parent=2676"}],"wp:term":[{"taxonomy":"category","embeddable":true,"href":"https:\/\/www.noticiasbrown.com\/index.php?rest_route=%2Fwp%2Fv2%2Fcategories&post=2676"},{"taxonomy":"post_tag","embeddable":true,"href":"https:\/\/www.noticiasbrown.com\/index.php?rest_route=%2Fwp%2Fv2%2Ftags&post=2676"}],"curies":[{"name":"wp","href":"https:\/\/api.w.org\/{rel}","templated":true}]}}