{"id":2674,"date":"2026-04-29T11:00:31","date_gmt":"2026-04-29T14:00:31","guid":{"rendered":"https:\/\/www.noticiasbrown.com\/?p=2674"},"modified":"2026-04-29T08:53:33","modified_gmt":"2026-04-29T11:53:33","slug":"anses-los-motivos-por-los-que-pueden-darte-de-baja-la-pension-por-invalidez","status":"publish","type":"post","link":"https:\/\/www.noticiasbrown.com\/?p=2674","title":{"rendered":"ANSES: los motivos por los que pueden darte de baja la Pensi\u00f3n por Invalidez"},"content":{"rendered":"<div class=\"detail-header-wrapper\">\n<h3 id=\"p-1777340910746-92821\" class=\"ignore-parser\">El organismo estatal brind\u00f3 detalles sobre estos montos destinados a distintos beneficiarios durante el quinto mes del a\u00f1o.<\/h3>\n<section class=\"detail-body first-paragraph\">\n<section id=\"note-body\" class=\"body-content note-body content-protected-false\" data-twitter-link=\"https:\/\/twitter.com\/intent\/tweet?url=https:\/\/www.minutouno.com\/c6271508&amp;v\u00eda=Ambitocom&amp;related=MinutoUno&amp;text=\">\n<p id=\"p-1777341212075-20473\">La\u00a0<strong>Administraci\u00f3n Nacional de la Seguridad Social\u00a0<\/strong>(ANSES) anunci\u00f3, durante los \u00faltimos d\u00edas, el\u00a0<strong>calendario de pagos<\/strong>\u00a0de cada una de sus prestaciones para\u00a0<strong>mayo<\/strong>, entre las que se encuentran las<strong>\u00a0jubilaciones y pensiones<\/strong>.<\/p>\n<\/section>\n<\/section>\n<section class=\"detail-body second-paragraph\">\n<section class=\"body-content note-body content-protected-false\">\n<p id=\"p-1777341212075-36951\">Como sucede en cada mes, el pago de cada prestaci\u00f3n que otorga el organismo est\u00e1 atada al\u00a0<strong>\u00faltimo d\u00edgito del Documento Nacional de Identidad<\/strong>\u00a0(DNI) de los beneficiarios. Adem\u00e1s, cada pago se deposita de manera autom\u00e1tica en la cuenta bancaria de cada usuario.<\/p>\n<section class=\"detail-body\">\n<section class=\"body-content note-body content-protected-false\">\n<h2 id=\"p-1777341020410-46096\">Trabajo formal: la incompatibilidad m\u00e1s directa<\/h2>\n<p id=\"p-1777341549508-39425\">La primera causal de p\u00e9rdida del beneficio es la m\u00e1s categ\u00f3rica.\u00a0<strong>La pensi\u00f3n por invalidez laboral ser\u00e1 incompatible con poseer un v\u00ednculo laboral formal<\/strong>.<\/p>\n<\/section>\n<\/section>\n<section class=\"detail-body\">\n<section class=\"body-content note-body content-protected-false\">\n<p id=\"p-1777341549508-59292\">Esta disposici\u00f3n elimina cualquier zona gris que exist\u00eda en la legislaci\u00f3n anterior.\u00a0<strong>La norma actual permit\u00eda ciertos m\u00e1rgenes para fomentar la inclusi\u00f3n laboral progresiva de las personas con discapacidad<\/strong>. El nuevo texto cierra esa ventana por completo y refuerza la idea de que la prestaci\u00f3n est\u00e1 destinada exclusivamente a quienes no pueden generar ingresos mediante una actividad formal.<\/p>\n<\/section>\n<\/section>\n<section class=\"detail-body\">\n<section class=\"body-content note-body content-protected-false\">\n<p id=\"p-1777341027560-23901\">\n<h2 id=\"p-1777341027775-30405\">Monotributo: el fin de la facturaci\u00f3n compatible<\/h2>\n<p id=\"p-1777341505023-15310\">La segunda gran causal de baja es la inscripci\u00f3n en el r\u00e9gimen general o simplificado de monotributo.\u00a0<strong>El proyecto proh\u00edbe de manera expl\u00edcita que un titular de pensi\u00f3n no contributiva figure en los registros tributarios como monotributista<\/strong>. La sola inscripci\u00f3n es suficiente para perder el beneficio.<\/p>\n<p id=\"p-1777341505023-78351\">Muchos beneficiarios recurr\u00edan al monotributo social o al r\u00e9gimen simplificado para facturar trabajos espor\u00e1dicos o changas que les permit\u00edan complementar el ingreso previsional. Esa posibilidad desaparece con la nueva redacci\u00f3n. La propuesta del Ejecutivo entiende que la pensi\u00f3n debe ser la \u00fanica fuente de sustento y que cualquier actividad econ\u00f3mica registrada resulta incompatible.<\/p>\n<p id=\"p-1777341041437-29713\">\n<h2 id=\"p-1777341053752-12681\">Ingresos extras detectados por cruce de datos<\/h2>\n<p id=\"p-1777341388916-8623\">El mecanismo para detectar estas incompatibilidades no depende de la declaraci\u00f3n voluntaria del beneficiario. El proyecto faculta a la Secretar\u00eda Nacional de Discapacidad a implementar auditor\u00edas peri\u00f3dicas con cruce masivo de informaci\u00f3n entre la ANSES, la ARCA, el Ministerio de Trabajo y el SINTyS.<\/p>\n<p id=\"p-1777341388917-85194\">El beneficiario tendr\u00e1 luego un plazo de 60 d\u00edas para demostrar que su situaci\u00f3n se ajusta a derecho. Caso contrario, la baja se vuelve definitiva mediante un acto administrativo.<\/p>\n<p id=\"p-1777341073448-78464\">\n<h2 id=\"p-1777341073629-47000\">Falta de reempadronamiento<\/h2>\n<p id=\"p-1777341108555-23258\">La tercera causal que puede costarte la pensi\u00f3n es el incumplimiento del reempadronamiento obligatorio. Todos los titulares deber\u00e1n actualizar sus datos personales, m\u00e9dicos y socioecon\u00f3micos en un plazo de 90 d\u00edas. Si no lo hac\u00e9s, el sistema suspende el cobro de manera autom\u00e1tica. Transcurridos 60 d\u00edas sin regularizar la situaci\u00f3n, la baja queda firme.<\/p>\n<h2 id=\"p-1777341108754-27795\">La prestaci\u00f3n sigue siendo inembargable pero condicionada<\/h2>\n<p id=\"p-1777341125818-11555\">El proyecto mantiene la protecci\u00f3n legal que impide que la pensi\u00f3n sea objeto de embargos por deudas. Esa garant\u00eda coexiste con el nuevo r\u00e9gimen de incompatibilidades absolutas. El debate en el Senado definir\u00e1 si estas causales de baja obtienen el respaldo necesario para convertirse en ley.<\/p>\n<\/section>\n<\/section>\n<\/section>\n<\/section>\n<\/div>\n","protected":false},"excerpt":{"rendered":"<p>El organismo estatal brind\u00f3 detalles sobre estos montos destinados a distintos beneficiarios durante el quinto&#8230;<\/p>\n","protected":false},"author":1,"featured_media":508,"comment_status":"closed","ping_status":"closed","sticky":false,"template":"","format":"standard","meta":{"_jetpack_memberships_contains_paid_content":false,"footnotes":"","jetpack_publicize_message":"","jetpack_publicize_feature_enabled":true,"jetpack_social_post_already_shared":true,"jetpack_social_options":{"image_generator_settings":{"template":"highway","default_image_id":0,"font":"","enabled":false},"version":2}},"categories":[4],"tags":[117,185],"class_list":["post-2674","post","type-post","status-publish","format-standard","has-post-thumbnail","hentry","category-sociedad","tag-anses","tag-pensiones"],"aioseo_notices":[],"jetpack_publicize_connections":[],"jetpack_featured_media_url":"https:\/\/www.noticiasbrown.com\/wp-content\/uploads\/2026\/02\/anses-1.webp","jetpack_sharing_enabled":true,"_links":{"self":[{"href":"https:\/\/www.noticiasbrown.com\/index.php?rest_route=\/wp\/v2\/posts\/2674","targetHints":{"allow":["GET"]}}],"collection":[{"href":"https:\/\/www.noticiasbrown.com\/index.php?rest_route=\/wp\/v2\/posts"}],"about":[{"href":"https:\/\/www.noticiasbrown.com\/index.php?rest_route=\/wp\/v2\/types\/post"}],"author":[{"embeddable":true,"href":"https:\/\/www.noticiasbrown.com\/index.php?rest_route=\/wp\/v2\/users\/1"}],"replies":[{"embeddable":true,"href":"https:\/\/www.noticiasbrown.com\/index.php?rest_route=%2Fwp%2Fv2%2Fcomments&post=2674"}],"version-history":[{"count":1,"href":"https:\/\/www.noticiasbrown.com\/index.php?rest_route=\/wp\/v2\/posts\/2674\/revisions"}],"predecessor-version":[{"id":2675,"href":"https:\/\/www.noticiasbrown.com\/index.php?rest_route=\/wp\/v2\/posts\/2674\/revisions\/2675"}],"wp:featuredmedia":[{"embeddable":true,"href":"https:\/\/www.noticiasbrown.com\/index.php?rest_route=\/wp\/v2\/media\/508"}],"wp:attachment":[{"href":"https:\/\/www.noticiasbrown.com\/index.php?rest_route=%2Fwp%2Fv2%2Fmedia&parent=2674"}],"wp:term":[{"taxonomy":"category","embeddable":true,"href":"https:\/\/www.noticiasbrown.com\/index.php?rest_route=%2Fwp%2Fv2%2Fcategories&post=2674"},{"taxonomy":"post_tag","embeddable":true,"href":"https:\/\/www.noticiasbrown.com\/index.php?rest_route=%2Fwp%2Fv2%2Ftags&post=2674"}],"curies":[{"name":"wp","href":"https:\/\/api.w.org\/{rel}","templated":true}]}}