{"id":2665,"date":"2026-04-29T08:45:49","date_gmt":"2026-04-29T11:45:49","guid":{"rendered":"https:\/\/www.noticiasbrown.com\/?p=2665"},"modified":"2026-04-29T08:45:49","modified_gmt":"2026-04-29T11:45:49","slug":"a-que-hora-habla-manuel-adorni-en-el-congreso","status":"publish","type":"post","link":"https:\/\/www.noticiasbrown.com\/?p=2665","title":{"rendered":"A qu\u00e9 hora habla Manuel Adorni en el Congreso"},"content":{"rendered":"<div class=\"detail-header-wrapper\">\n<h3 id=\"p-1777416627330-56447\" class=\"ignore-parser\">El jefe de Gabinete brinda su primer informe de gesti\u00f3n desde que se encuentra en el cargo, justo en su peor momento desde que arrib\u00f3 a la pol\u00edtica.<\/h3>\n<section class=\"detail-body first-paragraph\">\n<section id=\"note-body\" class=\"body-content note-body content-protected-false\" data-twitter-link=\"https:\/\/twitter.com\/intent\/tweet?url=https:\/\/www.minutouno.com\/c6271917&amp;v\u00eda=Ambitocom&amp;related=MinutoUno&amp;text=\">\n<p id=\"p-1777416653897-33241\" data-path-to-node=\"0\">Bajo un clima de fuerte tensi\u00f3n pol\u00edtica y judicial, con los focos puestos en las denuncias por enriquecimiento il\u00edcito, el jefe de Gabinete,\u00a0<strong data-path-to-node=\"0\" data-index-in-node=\"74\">Manuel Adorni<\/strong>, debuta este mi\u00e9rcoles desde las 10:30 en la\u00a0<strong>C\u00e1mara de Diputados<\/strong>\u00a0para brindar su primer\u00a0<strong>informe de gesti\u00f3n<\/strong>.<\/p>\n<\/section>\n<\/section>\n<section class=\"detail-body second-paragraph\">\n<section class=\"body-content note-body content-protected-false\">\n<p id=\"p-1777417200975-34375\" data-path-to-node=\"0\">La sesi\u00f3n no solo genera expectativa por el contenido t\u00e9cnico, sino tambi\u00e9n por el despliegue de seguridad y la posible presencia de la c\u00fapula del Ejecutivo en el recinto.<\/p>\n<section class=\"detail-body\">\n<section class=\"body-content note-body content-protected-false\">\n<p id=\"p-1777416653897-48947\" data-path-to-node=\"2\">Adorni tiene previsto arribar al Congreso alrededor de las 10:00. Seg\u00fan fuentes parlamentarias, el funcionario entregar\u00eda el documento escrito con las respuestas a las\u00a0<strong data-path-to-node=\"2\" data-index-in-node=\"168\">4.800 consultas<\/strong>\u00a0enviadas por los legisladores con apenas 24 horas de antelaci\u00f3n, lo que ya ha despertado quejas en los bloques opositores.<\/p>\n<\/section>\n<\/section>\n<section class=\"detail-body\">\n<section class=\"body-content note-body content-protected-false\">\n<div id=\"8201426-Libre-1324555196_wrap\" class=\"embed_cont type_imagen\" contenteditable=\"false\">\n<div id=\"8201426-Libre-1324555196_content\" class=\"embed_content\"><img loading=\"lazy\" decoding=\"async\" id=\"8201426-Libre-1324555196_embed\" title=\"Javier Milei acompa&amp;ntilde;ar&amp;aacute; a Manuel Adorni en su presentaci&amp;oacute;n en el Congreso.\" src=\"https:\/\/media.minutouno.com\/p\/88c4b962daa0a81c0887d96dcfcbe2ed\/adjuntos\/150\/imagenes\/043\/246\/0043246452\/adorni-milei.jpg?2026-03-19-14-36-19\" alt=\"Javier Milei acompa&amp;ntilde;ar&amp;aacute; a Manuel Adorni en su presentaci&amp;oacute;n en el Congreso.\" width=\"610\" height=\"457\" data-td-src-property=\"https:\/\/media.minutouno.com\/p\/88c4b962daa0a81c0887d96dcfcbe2ed\/adjuntos\/150\/imagenes\/043\/246\/0043246452\/adorni-milei.jpg?2026-03-19-14-36-19\" \/><\/div>\n<div id=\"p-1777417609011-60867\" class=\"embed_wrapper-cont\">\n<div id=\"8201426-Libre-1324555196_epigrafe\" class=\"embed_epigrafe\">\n<p>Javier Milei acompa\u00f1ar\u00e1 a Manuel Adorni en su presentaci\u00f3n en el Congreso.<\/p>\n<\/div>\n<\/div>\n<\/div>\n<\/section>\n<\/section>\n<section class=\"detail-body\">\n<section class=\"body-content note-body content-protected-false\">\n<h2 id=\"p-1777417378264-50805\" data-path-to-node=\"2\">C\u00f3mo ser\u00e1 la presentaci\u00f3n de Manuel Adorni en el Congreso<\/h2>\n<p id=\"p-1777416653897-91644\" data-path-to-node=\"3,0,0\">Se estima una exposici\u00f3n inicial de car\u00e1cter t\u00e9cnico que durar\u00e1 aproximadamente una hora. Los bloques tendr\u00e1n un m\u00ednimo de cinco minutos para intervenir, con un tiempo total proporcional a su representaci\u00f3n, y el esquema prev\u00e9 rondas de preguntas de bloques minoritarios seguidas por las respuestas del ministro.<\/p>\n<p id=\"p-1777416653897-25239\" data-path-to-node=\"6\">Seg\u00fan trascendi\u00f3, la Casa Rosada busca blindar al funcionario en un momento delicado, marcado por una investigaci\u00f3n por\u00a0<strong data-path-to-node=\"6\" data-index-in-node=\"102\">presunto enriquecimiento il\u00edcito<\/strong>.<\/p>\n<p id=\"p-1777417422102-83318\" data-path-to-node=\"6\">De esta manera, se espera una asistencia at\u00edpica en los palcos del primer piso: podr\u00edan estar presentes el presidente\u00a0<strong data-path-to-node=\"7,0,0\" data-index-in-node=\"54\">Javier Milei<\/strong>, la secretaria general\u00a0<strong data-path-to-node=\"7,0,0\" data-index-in-node=\"90\">Karina Milei<\/strong>\u00a0y ministros como\u00a0<strong data-path-to-node=\"7,0,0\" data-index-in-node=\"120\">Luis Caputo<\/strong>\u00a0y\u00a0<strong data-path-to-node=\"7,0,0\" data-index-in-node=\"134\">Sandra Pettovello<\/strong>.<\/p>\n<p id=\"p-1777416653897-12424\" data-path-to-node=\"7,1,0\">Existe un fuerte rumor sobre el ingreso de militantes libertarios para vitorear a Adorni. Ante esto, el diputado\u00a0<strong data-path-to-node=\"7,1,0\" data-index-in-node=\"141\">Esteban Paul\u00f3n<\/strong>\u00a0present\u00f3 una nota formal para prohibir el acceso de barras o grupos externos, recordando los incidentes y gritos ocurridos durante la apertura de sesiones del 1 de marzo.<\/p>\n<h2 id=\"p-1777416653897-93793\">Un escenario de confrontaci\u00f3n en el Congreso<\/h2>\n<p id=\"p-1777416653897-12979\" data-path-to-node=\"10\">La jornada promete ser caliente. La presencia de ministros que sistem\u00e1ticamente han evitado asistir a las comisiones de trabajo del Congreso (como Caputo o Pettovello) podr\u00eda desviar el foco de la sesi\u00f3n. Muchos legisladores planean dirigir sus cr\u00edticas directamente hacia los palcos, convirtiendo el informe de gesti\u00f3n en un cara a cara de alto voltaje entre el Gabinete y la oposici\u00f3n.<\/p>\n<p id=\"p-1777416653897-10288\" data-path-to-node=\"11\">Desde el entorno de Adorni, sin embargo, aseguran que el ministro est\u00e1 &#8220;preparado&#8221; y que mantendr\u00e1 un tono sobrio para evitar que las provocaciones empa\u00f1en la defensa de la gesti\u00f3n libertaria.<\/p>\n<\/section>\n<\/section>\n<\/section>\n<\/section>\n<\/div>\n","protected":false},"excerpt":{"rendered":"<p>El jefe de Gabinete brinda su primer informe de gesti\u00f3n desde que se encuentra en&#8230;<\/p>\n","protected":false},"author":1,"featured_media":2666,"comment_status":"closed","ping_status":"closed","sticky":false,"template":"","format":"standard","meta":{"_jetpack_memberships_contains_paid_content":false,"footnotes":"","jetpack_publicize_message":"","jetpack_publicize_feature_enabled":true,"jetpack_social_post_already_shared":true,"jetpack_social_options":{"image_generator_settings":{"template":"highway","default_image_id":0,"font":"","enabled":false},"version":2}},"categories":[3],"tags":[61,517,35,156],"class_list":["post-2665","post","type-post","status-publish","format-standard","has-post-thumbnail","hentry","category-politica","tag-congreso","tag-informe","tag-javier-milei","tag-manuel-adorni"],"aioseo_notices":[],"jetpack_publicize_connections":[],"jetpack_featured_media_url":"https:\/\/www.noticiasbrown.com\/wp-content\/uploads\/2026\/04\/manuel-adorni-7-2.webp","jetpack_sharing_enabled":true,"_links":{"self":[{"href":"https:\/\/www.noticiasbrown.com\/index.php?rest_route=\/wp\/v2\/posts\/2665","targetHints":{"allow":["GET"]}}],"collection":[{"href":"https:\/\/www.noticiasbrown.com\/index.php?rest_route=\/wp\/v2\/posts"}],"about":[{"href":"https:\/\/www.noticiasbrown.com\/index.php?rest_route=\/wp\/v2\/types\/post"}],"author":[{"embeddable":true,"href":"https:\/\/www.noticiasbrown.com\/index.php?rest_route=\/wp\/v2\/users\/1"}],"replies":[{"embeddable":true,"href":"https:\/\/www.noticiasbrown.com\/index.php?rest_route=%2Fwp%2Fv2%2Fcomments&post=2665"}],"version-history":[{"count":1,"href":"https:\/\/www.noticiasbrown.com\/index.php?rest_route=\/wp\/v2\/posts\/2665\/revisions"}],"predecessor-version":[{"id":2667,"href":"https:\/\/www.noticiasbrown.com\/index.php?rest_route=\/wp\/v2\/posts\/2665\/revisions\/2667"}],"wp:featuredmedia":[{"embeddable":true,"href":"https:\/\/www.noticiasbrown.com\/index.php?rest_route=\/wp\/v2\/media\/2666"}],"wp:attachment":[{"href":"https:\/\/www.noticiasbrown.com\/index.php?rest_route=%2Fwp%2Fv2%2Fmedia&parent=2665"}],"wp:term":[{"taxonomy":"category","embeddable":true,"href":"https:\/\/www.noticiasbrown.com\/index.php?rest_route=%2Fwp%2Fv2%2Fcategories&post=2665"},{"taxonomy":"post_tag","embeddable":true,"href":"https:\/\/www.noticiasbrown.com\/index.php?rest_route=%2Fwp%2Fv2%2Ftags&post=2665"}],"curies":[{"name":"wp","href":"https:\/\/api.w.org\/{rel}","templated":true}]}}