{"id":2662,"date":"2026-04-29T10:00:51","date_gmt":"2026-04-29T13:00:51","guid":{"rendered":"https:\/\/www.noticiasbrown.com\/?p=2662"},"modified":"2026-04-29T08:44:09","modified_gmt":"2026-04-29T11:44:09","slug":"diputados-de-la-oposicion-buscan-frenar-el-desmantelamiento-del-servicio-meteorologico-nacional","status":"publish","type":"post","link":"https:\/\/www.noticiasbrown.com\/?p=2662","title":{"rendered":"Diputados de la oposici\u00f3n buscan frenar el desmantelamiento del Servicio Meteorol\u00f3gico Nacional"},"content":{"rendered":"<div class=\"detail-header-wrapper\">\n<h3 id=\"p-1777411403698-34685\" class=\"ignore-parser\">La iniciativa propone derogar el DNU que modific\u00f3 la estructura del organismo, restituir fondos y reincorporar personal t\u00e9cnico para garantizar el funcionamiento del organismo.<\/h3>\n<section class=\"detail-body first-paragraph\">\n<section id=\"note-body\" class=\"body-content note-body content-protected-false\" data-twitter-link=\"https:\/\/twitter.com\/intent\/tweet?url=https:\/\/www.minutouno.com\/c6271896&amp;v\u00eda=Ambitocom&amp;related=MinutoUno&amp;text=\">\n<p id=\"p-1777412666007-96195\">Diputados de la oposici\u00f3n presentaron un proyecto de ley para dejar sin efecto el DNU 274\/26, mediante el cual el Gobierno modific\u00f3 la estructura del Servicio Meteorol\u00f3gico Nacional (SMN).<\/p>\n<\/section>\n<\/section>\n<section class=\"detail-body second-paragraph\">\n<section class=\"body-content note-body content-protected-false\">\n<p id=\"p-1777412666007-58870\" data-start=\"317\" data-end=\"493\"><span id=\"saysCMSEmphasisqxvcaobp9p8\">Adem\u00e1s de la derogaci\u00f3n del decreto,\u00a0<strong>el texto plantea que el Poder Ejecutivo restituya los fondos recortados y reincorpore al personal t\u00e9cnico afectado por la reestructuraci\u00f3n.<\/strong><\/span><\/p>\n<section class=\"detail-body\">\n<section class=\"body-content note-body content-protected-false\">\n<p id=\"p-1777412666007-41431\" data-start=\"495\" data-end=\"834\"><span id=\"saysCMSEmphasis9zujvd36urh\" class=\"saysCMSEmphasis\">En ese sentido, el proyecto exige la devoluci\u00f3n inmediata de los recursos financieros reasignados, la recomposici\u00f3n de la planta de trabajadores, con especial \u00e9nfasis en los equipos t\u00e9cnicos y profesionales, la recuperaci\u00f3n de infraestructura y equipamiento, y la normalizaci\u00f3n de las funciones estrat\u00e9gicas del organismo en todo el pa\u00eds.<\/span><\/p>\n<\/section>\n<\/section>\n<section class=\"detail-body\">\n<section class=\"body-content note-body content-protected-false\">\n<p id=\"p-1777412666007-92375\" data-start=\"836\" data-end=\"1027\">La medida busca\u00a0<strong>garantizar la soberan\u00eda cient\u00edfica y tecnol\u00f3gica<\/strong>, as\u00ed como asegurar el funcionamiento pleno de un \u00e1rea clave para la prevenci\u00f3n y el monitoreo clim\u00e1tico.<\/p>\n<\/section>\n<\/section>\n<section class=\"detail-body\">\n<section class=\"body-content note-body content-protected-false\">\n<p id=\"p-1777412666007-98749\" data-start=\"1029\" data-end=\"1329\" data-is-last-node=\"\" data-is-only-node=\"\">La iniciativa lleva las firmas de los diputados\u00a0<strong>Esteban Paul\u00f3n<\/strong>,\u00a0<strong>Mariana Coletta,<\/strong>\u00a0<strong>Maximiliano Ferraro\u00a0<\/strong>y\u00a0<strong>M\u00f3nica Frade<\/strong>, entre otros, y pone el foco en sostener la continuidad operativa e institucional del organismo.<\/p>\n<\/section>\n<\/section>\n<section class=\"detail-body\">\n<section class=\"body-content note-body content-protected-false\">\n<div id=\"8208656-Libre-1109854734_wrap\" class=\"embed_cont type_imagen\" contenteditable=\"false\">\n<div id=\"8208656-Libre-1109854734_content\" class=\"embed_content\"><img loading=\"lazy\" decoding=\"async\" id=\"8208656-Libre-1109854734_embed\" title=\"\" src=\"https:\/\/media.minutouno.com\/p\/fc01923fef943f9f07bc1221c046c21b\/adjuntos\/150\/imagenes\/043\/285\/0043285587\/servicio-meteorologico-nacional-smn.jpg?2026-04-08-08-47-54\" alt=\"\" width=\"610\" height=\"290\" data-td-src-property=\"https:\/\/media.minutouno.com\/p\/fc01923fef943f9f07bc1221c046c21b\/adjuntos\/150\/imagenes\/043\/285\/0043285587\/servicio-meteorologico-nacional-smn.jpg?2026-04-08-08-47-54\" \/><\/div>\n<div class=\"embed_wrapper-cont\"><\/div>\n<\/div>\n<p>&nbsp;<\/p>\n<h2 id=\"p-1777412883402-70832\" data-start=\"1029\" data-end=\"1329\">Paro nacional en el Servicio Meteorol\u00f3gico Nacional: ATE convoc\u00f3 a una medida de fuerza contra los despidos<\/h2>\n<p id=\"p-1777320848804-96516\" data-start=\"0\" data-end=\"435\">La\u00a0<strong>Asociaci\u00f3n Trabajadores del Estado (ATE)<\/strong>\u00a0convoc\u00f3 a un\u00a0<strong>paro nacional de 24 horas<\/strong>\u00a0en el\u00a0<strong>Servicio Meteorol\u00f3gico Nacional (SMN)<\/strong>\u00a0para el jueves 30 de abril, en rechazo a los despidos y al recorte de funciones en el organismo.<\/p>\n<p id=\"p-1777320884900-71967\" data-start=\"0\" data-end=\"435\">La medida se anunci\u00f3 luego de que el ministro de Desregulaci\u00f3n y Transformaci\u00f3n del Estado,\u00a0<strong>Federico Sturzenegger<\/strong>, defendiera en redes sociales la pol\u00edtica de ajuste aplicada en el \u00e1rea, al sostener que\u00a0<strong>el sistema del Servicio Meteorol\u00f3gico Nacional es &#8220;obsoleto&#8221;, que cuenta con una estructura sobredimensionada y que el n\u00famero de estaciones y de personal no se corresponde con las necesidades actuales del organismo.<\/strong><\/p>\n<p id=\"p-1777320848804-34865\" data-start=\"437\" data-end=\"788\">Ante esto, el secretario general de ATE,\u00a0<strong>Rodolfo Aguiar<\/strong>, acus\u00f3 al ministro de difundir informaci\u00f3n incorrecta para justificar el\u00a0<strong>&#8220;vaciamiento&#8221;\u00a0<\/strong>del organismo y advirti\u00f3 que las cesant\u00edas proyectadas afectar\u00edan tanto a los trabajadores como al funcionamiento de servicios clave.<\/p>\n<p id=\"p-1777320848804-35942\" data-start=\"790\" data-end=\"1220\"><span id=\"saysCMSEmphasis0fxam6cega1o\" class=\"saysCMSEmphasis\">Seg\u00fan el gremio, el recorte impacta directamente en tareas esenciales como la emisi\u00f3n de alertas tempranas, la seguridad de los vuelos, la navegaci\u00f3n mar\u00edtima y fluvial, y el acompa\u00f1amiento a la producci\u00f3n agropecuaria. Adem\u00e1s, alert\u00f3 que la reducci\u00f3n de personal y la falta de inversi\u00f3n ya generan limitaciones operativas, como la imposibilidad de realizar observaciones nocturnas en varias estaciones meteorol\u00f3gicas.<\/span><\/p>\n<p id=\"p-1777412830867-8297\" data-start=\"1029\" data-end=\"1329\" data-is-last-node=\"\" data-is-only-node=\"\">\n<p id=\"p-1777320848804-19052\" data-start=\"1222\" data-end=\"1692\">Aguiar tambi\u00e9n rechaz\u00f3 las declaraciones del funcionario sobre la estructura del organismo y se\u00f1al\u00f3 que\u00a0<strong>el SMN no est\u00e1 compuesto \u00fanicamente por meteor\u00f3logos, sino por un entramado t\u00e9cnico que incluye observadores, especialistas en instrumental, inform\u00e1tica y procesamiento de datos, entre otros perfiles.<\/strong>\u00a0Y subray\u00f3 que el sistema combina tecnolog\u00eda automatizada con observaci\u00f3n humana, un esquema que sigue siendo indispensable a nivel internacional.<\/p>\n<p id=\"p-1777320848804-29543\" data-start=\"1694\" data-end=\"1974\">En esa l\u00ednea, el dirigente sindical cuestion\u00f3 que, mientras se califica al sistema como obsoleto, no se presenten propuestas de modernizaci\u00f3n ni planes de inversi\u00f3n. Por el contrario, sostuvo que las medidas oficiales se limitan a recortes presupuestarios y reducci\u00f3n de personal.<\/p>\n<p id=\"p-1777320848804-19157\" data-start=\"1976\" data-end=\"2238\"><span id=\"saysCMSEmphasisq5ovr1djhx8\" class=\"saysCMSEmphasis\">El conflicto se da en el marco de un plan de ajuste que, seg\u00fan ATE, contempla el despido de 240 trabajadores del SMN, 130 en estaciones meteorol\u00f3gicas de todo el pa\u00eds y 110 en la sede central, lo que representar\u00eda cerca del 30% del personal civil.<\/span><\/p>\n<p id=\"p-1777320848804-19552\" data-start=\"2240\" data-end=\"2612\" data-is-last-node=\"\" data-is-only-node=\"\">Frente a este escenario,\u00a0<strong>el sindicato exige la reincorporaci\u00f3n de los trabajadores afectados y reclama una pol\u00edtica de fortalecimiento del servicio.<\/strong>\u00a0Plantea que cualquier proceso de modernizaci\u00f3n debe incluir inversi\u00f3n en equipamiento, mejoras salariales y ampliaci\u00f3n de capacidades, con el objetivo de garantizar el funcionamiento de un organismo considerado estrat\u00e9gico.<\/p>\n<\/section>\n<\/section>\n<\/section>\n<\/section>\n<\/div>\n","protected":false},"excerpt":{"rendered":"<p>La iniciativa propone derogar el DNU que modific\u00f3 la estructura del organismo, restituir fondos y&#8230;<\/p>\n","protected":false},"author":1,"featured_media":2663,"comment_status":"closed","ping_status":"closed","sticky":false,"template":"","format":"standard","meta":{"_jetpack_memberships_contains_paid_content":false,"footnotes":"","jetpack_publicize_message":"","jetpack_publicize_feature_enabled":true,"jetpack_social_post_already_shared":true,"jetpack_social_options":{"image_generator_settings":{"template":"highway","default_image_id":0,"font":"","enabled":false},"version":2}},"categories":[3],"tags":[98,102,20],"class_list":["post-2662","post","type-post","status-publish","format-standard","has-post-thumbnail","hentry","category-politica","tag-diputados","tag-gobierno","tag-servicio-meteorologico-nacional"],"aioseo_notices":[],"jetpack_publicize_connections":[],"jetpack_featured_media_url":"https:\/\/www.noticiasbrown.com\/wp-content\/uploads\/2026\/04\/servicio-meteorologico-nacional.webp","jetpack_sharing_enabled":true,"_links":{"self":[{"href":"https:\/\/www.noticiasbrown.com\/index.php?rest_route=\/wp\/v2\/posts\/2662","targetHints":{"allow":["GET"]}}],"collection":[{"href":"https:\/\/www.noticiasbrown.com\/index.php?rest_route=\/wp\/v2\/posts"}],"about":[{"href":"https:\/\/www.noticiasbrown.com\/index.php?rest_route=\/wp\/v2\/types\/post"}],"author":[{"embeddable":true,"href":"https:\/\/www.noticiasbrown.com\/index.php?rest_route=\/wp\/v2\/users\/1"}],"replies":[{"embeddable":true,"href":"https:\/\/www.noticiasbrown.com\/index.php?rest_route=%2Fwp%2Fv2%2Fcomments&post=2662"}],"version-history":[{"count":1,"href":"https:\/\/www.noticiasbrown.com\/index.php?rest_route=\/wp\/v2\/posts\/2662\/revisions"}],"predecessor-version":[{"id":2664,"href":"https:\/\/www.noticiasbrown.com\/index.php?rest_route=\/wp\/v2\/posts\/2662\/revisions\/2664"}],"wp:featuredmedia":[{"embeddable":true,"href":"https:\/\/www.noticiasbrown.com\/index.php?rest_route=\/wp\/v2\/media\/2663"}],"wp:attachment":[{"href":"https:\/\/www.noticiasbrown.com\/index.php?rest_route=%2Fwp%2Fv2%2Fmedia&parent=2662"}],"wp:term":[{"taxonomy":"category","embeddable":true,"href":"https:\/\/www.noticiasbrown.com\/index.php?rest_route=%2Fwp%2Fv2%2Fcategories&post=2662"},{"taxonomy":"post_tag","embeddable":true,"href":"https:\/\/www.noticiasbrown.com\/index.php?rest_route=%2Fwp%2Fv2%2Ftags&post=2662"}],"curies":[{"name":"wp","href":"https:\/\/api.w.org\/{rel}","templated":true}]}}