{"id":2659,"date":"2026-04-29T09:40:19","date_gmt":"2026-04-29T12:40:19","guid":{"rendered":"https:\/\/www.noticiasbrown.com\/?p=2659"},"modified":"2026-04-29T08:42:05","modified_gmt":"2026-04-29T11:42:05","slug":"detuvieron-en-brasil-a-un-hincha-de-boca-por-presuntos-gestos-racistas","status":"publish","type":"post","link":"https:\/\/www.noticiasbrown.com\/?p=2659","title":{"rendered":"Detuvieron en Brasil a un hincha de Boca por presuntos gestos racistas"},"content":{"rendered":"<div class=\"detail-header-wrapper\">\n<h3 id=\"p-1777434247701-97793\" class=\"ignore-parser\">Tras la derrota ante Cruzeiro por la Copa Libertadores, un hincha argentino qued\u00f3 demorado en Belo Horizonte.<\/h3>\n<section class=\"detail-body first-paragraph\">\n<section id=\"note-body\" class=\"body-content note-body content-protected-false\" data-twitter-link=\"https:\/\/twitter.com\/intent\/tweet?url=https:\/\/www.minutouno.com\/c6271980&amp;v\u00eda=Ambitocom&amp;related=MinutoUno&amp;text=\">\n<p id=\"p-1777434440593-35331\" data-path-to-node=\"0\">La tensi\u00f3n en el duelo entre\u00a0<strong>Cruzeiro<\/strong>\u00a0y\u00a0<strong>Boca<\/strong>\u00a0por la\u00a0<strong>Copa Libertadores<\/strong>\u00a0no se limit\u00f3 al campo de juego, y durante el entretiempo, y en un clima ya caldeado por la expulsi\u00f3n de\u00a0<strong data-path-to-node=\"0\" data-index-in-node=\"172\">Adam Bareiro<\/strong>, las tribunas del Mineir\u00e3o fueron escenario de provocaciones cruzadas que terminaron con intervenciones policiales y un detenido acusado de\u00a0<strong>racismo<\/strong>.<\/p>\n<\/section>\n<\/section>\n<section class=\"detail-body second-paragraph\">\n<section class=\"body-content note-body content-protected-false\">\n<p id=\"p-1777434440593-52605\" data-path-to-node=\"2\">El conflicto estall\u00f3 apenas finaliz\u00f3 la primera etapa. Seg\u00fan los reportes, la secuencia de incidentes incluy\u00f3 burlas locales con billetes y la detenci\u00f3n de un hincha argentino.<\/p>\n<section class=\"detail-body\">\n<section class=\"body-content note-body content-protected-false\">\n<p id=\"p-1777434440593-38341\" data-path-to-node=\"3,0,0\">De acuerdo con testigos, tras las provocaciones de la parcialidad local, un simpatizante &#8220;xeneize&#8221; reaccion\u00f3 con gestos que la seguridad brasile\u00f1a interpret\u00f3 como\u00a0<strong data-path-to-node=\"3,0,0\" data-index-in-node=\"170\">racistas<\/strong>. Aunque intent\u00f3 escapar inicialmente, la polic\u00eda logr\u00f3 capturarlo y trasladarlo a la comisar\u00eda.<\/p>\n<\/section>\n<\/section>\n<section class=\"detail-body\">\n<section class=\"body-content note-body content-protected-false\">\n<p id=\"p-1777434440593-81181\" data-path-to-node=\"3,1,0\">Del lado brasile\u00f1o, un hincha de Cruzeiro exhibi\u00f3 billetes de forma provocativa hacia los argentinos, haciendo alusi\u00f3n a la situaci\u00f3n econ\u00f3mica. En este caso, el agresor logr\u00f3 escabullirse antes de que las fuerzas de seguridad pudieran identificarlo, aunque hay videos en redes sociales.<\/p>\n<\/section>\n<\/section>\n<section class=\"detail-body\">\n<section class=\"body-content note-body content-protected-false\">\n<div id=\"8217613-359639388_wrap\" class=\"embed_cont type_video\" contenteditable=\"false\">\n<div id=\"8217613-359639388_content\" class=\"embed_content\">\n<div id=\"8217613-359639388_embed\">\n<div id=\"mediaPlayer_8217613-359639388\"><iframe loading=\"lazy\" src=\"https:\/\/www.minutouno.com\/services\/embed.php?idAdjunto=8217613&amp;idAdjuntoTamano=&amp;width=622&amp;height=351&amp;tipo=video\" width=\"622\" height=\"351\" frameborder=\"0\" scrolling=\"no\" allowfullscreen=\"allowfullscreen\" data-td-src-property=\"https:\/\/www.minutouno.com\/services\/embed.php?idAdjunto=8217613&amp;idAdjuntoTamano=&amp;width=622&amp;height=351&amp;tipo=video\" data-mce-fragment=\"1\"><\/iframe><\/div>\n<\/div>\n<\/div>\n<div class=\"embed_wrapper-cont\"><\/div>\n<\/div>\n<\/section>\n<\/section>\n<section class=\"detail-body\">\n<section class=\"body-content note-body content-protected-false\">\n<h2 id=\"p-1777434440593-92084\">El racismo, un problema recurrente en la Copa Libertadores<\/h2>\n<p id=\"p-1777434440593-8243\" data-path-to-node=\"6\">Este episodio no fue un hecho aislado en la jornada de Copa. El martes, en el cruce entre\u00a0<strong data-path-to-node=\"6\" data-index-in-node=\"90\">San Lorenzo y Santos<\/strong>\u00a0en el Nuevo Gas\u00f3metro, se registr\u00f3 una situaci\u00f3n similar: un plate\u00edsta del &#8220;Cicl\u00f3n&#8221; fue filmado imitando a un mono frente a la hinchada paulista.<\/p>\n<p id=\"p-1777434440593-36857\" data-path-to-node=\"9\">Ante estos hechos, el organismo rector del f\u00fatbol sudamericano ya se encuentra analizando los videos de ambos estadios. Los clubes involucrados se enfrentan a graves consecuencias que podr\u00edan incluir:<\/p>\n<ul id=\"p-1777434440593-1592\" data-path-to-node=\"10\">\n<li id=\"p-1777434440593-2159\">\n<p id=\"p-1777434440593-37877\" data-path-to-node=\"10,0,0\"><strong data-path-to-node=\"10,0,0\" data-index-in-node=\"0\">Fuertes multas econ\u00f3micas.<\/strong><\/p>\n<\/li>\n<li id=\"p-1777434440593-96728\">\n<p id=\"p-1777434440593-94930\" data-path-to-node=\"10,1,0\"><strong data-path-to-node=\"10,1,0\" data-index-in-node=\"0\">Clausuras parciales de sus estadios<\/strong>, oblig\u00e1ndolos a jugar con aforo reducido en sus pr\u00f3ximos compromisos como locales.<\/p>\n<\/li>\n<\/ul>\n<p id=\"p-1777434440593-8617\" data-path-to-node=\"11\">Estos incidentes empa\u00f1an una semana de competencia continental marcada por la hostilidad y vuelven a poner el foco sobre la efectividad de los controles de seguridad y los protocolos contra la discriminaci\u00f3n en los estadios.<\/p>\n<\/section>\n<\/section>\n<\/section>\n<\/section>\n<\/div>\n<div class=\"socials-share\"><\/div>\n","protected":false},"excerpt":{"rendered":"<p>Tras la derrota ante Cruzeiro por la Copa Libertadores, un hincha argentino qued\u00f3 demorado en&#8230;<\/p>\n","protected":false},"author":1,"featured_media":2660,"comment_status":"closed","ping_status":"closed","sticky":false,"template":"","format":"standard","meta":{"_jetpack_memberships_contains_paid_content":false,"footnotes":"","jetpack_publicize_message":"","jetpack_publicize_feature_enabled":true,"jetpack_social_post_already_shared":true,"jetpack_social_options":{"image_generator_settings":{"template":"highway","default_image_id":0,"font":"","enabled":false},"version":2}},"categories":[5],"tags":[341,57,516,293,58],"class_list":["post-2659","post","type-post","status-publish","format-standard","has-post-thumbnail","hentry","category-deporte","tag-boca","tag-brasil","tag-copa-libertadores","tag-cruzeiro","tag-racismo"],"aioseo_notices":[],"jetpack_publicize_connections":[],"jetpack_featured_media_url":"https:\/\/www.noticiasbrown.com\/wp-content\/uploads\/2026\/04\/brasil-hincha-boca.webp","jetpack_sharing_enabled":true,"_links":{"self":[{"href":"https:\/\/www.noticiasbrown.com\/index.php?rest_route=\/wp\/v2\/posts\/2659","targetHints":{"allow":["GET"]}}],"collection":[{"href":"https:\/\/www.noticiasbrown.com\/index.php?rest_route=\/wp\/v2\/posts"}],"about":[{"href":"https:\/\/www.noticiasbrown.com\/index.php?rest_route=\/wp\/v2\/types\/post"}],"author":[{"embeddable":true,"href":"https:\/\/www.noticiasbrown.com\/index.php?rest_route=\/wp\/v2\/users\/1"}],"replies":[{"embeddable":true,"href":"https:\/\/www.noticiasbrown.com\/index.php?rest_route=%2Fwp%2Fv2%2Fcomments&post=2659"}],"version-history":[{"count":1,"href":"https:\/\/www.noticiasbrown.com\/index.php?rest_route=\/wp\/v2\/posts\/2659\/revisions"}],"predecessor-version":[{"id":2661,"href":"https:\/\/www.noticiasbrown.com\/index.php?rest_route=\/wp\/v2\/posts\/2659\/revisions\/2661"}],"wp:featuredmedia":[{"embeddable":true,"href":"https:\/\/www.noticiasbrown.com\/index.php?rest_route=\/wp\/v2\/media\/2660"}],"wp:attachment":[{"href":"https:\/\/www.noticiasbrown.com\/index.php?rest_route=%2Fwp%2Fv2%2Fmedia&parent=2659"}],"wp:term":[{"taxonomy":"category","embeddable":true,"href":"https:\/\/www.noticiasbrown.com\/index.php?rest_route=%2Fwp%2Fv2%2Fcategories&post=2659"},{"taxonomy":"post_tag","embeddable":true,"href":"https:\/\/www.noticiasbrown.com\/index.php?rest_route=%2Fwp%2Fv2%2Ftags&post=2659"}],"curies":[{"name":"wp","href":"https:\/\/api.w.org\/{rel}","templated":true}]}}