{"id":2653,"date":"2026-04-29T09:00:14","date_gmt":"2026-04-29T12:00:14","guid":{"rendered":"https:\/\/www.noticiasbrown.com\/?p=2653"},"modified":"2026-04-29T08:29:40","modified_gmt":"2026-04-29T11:29:40","slug":"paro-docente-este-miercoles-a-que-hora-empieza-y-quienes-se-adhieren","status":"publish","type":"post","link":"https:\/\/www.noticiasbrown.com\/?p=2653","title":{"rendered":"Paro docente este mi\u00e9rcoles: a qu\u00e9 hora empieza y qui\u00e9nes se adhieren"},"content":{"rendered":"<div class=\"detail-header-wrapper\">\n<h3 id=\"p-1777426280953-78864\" class=\"ignore-parser\">Desde el Ministerio de Capital Humano hab\u00edan apuntado contra los docentes por no asegurar el derecho a la educaci\u00f3n.<\/h3>\n<section class=\"detail-body first-paragraph\">\n<section id=\"note-body\" class=\"body-content note-body content-protected-false\" data-twitter-link=\"https:\/\/twitter.com\/intent\/tweet?url=https:\/\/www.minutouno.com\/c6271964&amp;v\u00eda=Ambitocom&amp;related=MinutoUno&amp;text=\">\n<p id=\"p-1777427387982-56153\" data-start=\"0\" data-end=\"244\"><strong>La Universidad de Buenos Aires (UBA)\u00a0<\/strong>tiene este mi\u00e9rcoles un\u00a0<strong>paro docente y no docente<\/strong>\u00a0total luego de que los gremios docentes y no docentes resolvieran avanzar con una medida de fuerza en rechazo a un reciente comunicado del\u00a0<strong>Ministerio de Capital Humano.<\/strong><\/p>\n<\/section>\n<\/section>\n<section class=\"detail-body second-paragraph\">\n<section class=\"body-content note-body content-protected-false\">\n<p id=\"p-1777427387982-35902\" data-start=\"246\" data-end=\"490\">La decisi\u00f3n fue tomada por la\u00a0<strong>Asociaci\u00f3n de Docentes de la UBA (ADUBA)\u00a0<\/strong>y la\u00a0<strong>Asociaci\u00f3n del Personal de la UBA (APUBA)<\/strong>, que cuestionaron con dureza el mensaje difundido por la cartera nacional, al que calificaron como un \u201cprovocador comunicado\u201d.<\/p>\n<section class=\"detail-body\">\n<section class=\"body-content note-body content-protected-false\">\n<p id=\"p-1777427387982-62036\" data-start=\"492\" data-end=\"705\">Desde el Ministerio hab\u00edan responsabilizado a los docentes por no garantizar el derecho a la educaci\u00f3n debido a las reiteradas huelgas, algo que gener\u00f3 un fuerte rechazo por parte de los sindicatos universitarios.<\/p>\n<\/section>\n<\/section>\n<section class=\"detail-body\">\n<section class=\"body-content note-body content-protected-false\">\n<p id=\"p-1777427387982-69695\" data-start=\"707\" data-end=\"992\">Adem\u00e1s de confirmar el paro, ambas organizaciones ratificaron su participaci\u00f3n en la Cuarta Marcha Federal Universitaria, convocada para el pr\u00f3ximo 12 de mayo, e invitaron a toda la comunidad educativa a sumarse en defensa de la universidad p\u00fablica y del sistema de educaci\u00f3n superior.<\/p>\n<\/section>\n<\/section>\n<section class=\"detail-body\">\n<section class=\"body-content note-body content-protected-false\">\n<div id=\"8151525-Libre-214187812_wrap\" class=\"embed_cont type_imagen\" contenteditable=\"false\">\n<div id=\"8151525-Libre-214187812_content\" class=\"embed_content\"><img decoding=\"async\" id=\"8151525-Libre-214187812_embed\" title=\"Paro docente en la UBA. \" src=\"https:\/\/media.minutouno.com\/p\/ebed97f2cd45ca89b6dc3962bfb0d3e2\/adjuntos\/150\/imagenes\/042\/936\/0042936553\/610x0\/smart\/uba-cbc.jpg\" alt=\"Paro docente en la UBA. \" width=\"610\" height=\"undefined\" data-td-src-property=\"https:\/\/media.minutouno.com\/p\/ebed97f2cd45ca89b6dc3962bfb0d3e2\/adjuntos\/150\/imagenes\/042\/936\/0042936553\/610x0\/smart\/uba-cbc.jpg\" \/><\/div>\n<div id=\"p-1777428255414-679\" class=\"embed_wrapper-cont\">\n<div id=\"8151525-Libre-214187812_epigrafe\" class=\"embed_epigrafe\">\n<p>Paro docente en la UBA.<\/p>\n<\/div>\n<\/div>\n<\/div>\n<\/section>\n<\/section>\n<section class=\"detail-body\">\n<section class=\"body-content note-body content-protected-false\">\n<h2 id=\"p-1777428162293-44428\" data-start=\"707\" data-end=\"992\">Paro docente en la UBA: el comunicado<\/h2>\n<p id=\"p-1777427387982-57367\" data-start=\"994\" data-end=\"1184\">A trav\u00e9s de un comunicado conjunto, ADUBA y APUBA expresaron su malestar por la situaci\u00f3n que atraviesan las universidades nacionales y apuntaron directamente contra la gesti\u00f3n del Gobierno.<\/p>\n<p id=\"p-1777427387982-67216\" data-start=\"1186\" data-end=\"1540\"><strong>\u201cDesde el primer d\u00eda de su mandato, el Gobierno inici\u00f3 el desarrollo de una pol\u00edtica de pauperizaci\u00f3n de los salarios y de asfixia del funcionamiento de las universidades p\u00fablicas. En esa l\u00ednea y con su acostumbrada dosis de cinismo solicita &#8216;un plan de contingencia para asegurar el derecho a la educaci\u00f3n de los estudiantes universitarios&#8217;\u201d<\/strong>, se\u00f1alaron.<\/p>\n<p id=\"p-1777427387982-84874\" data-start=\"1542\" data-end=\"1849\">En el mismo texto, agregaron:<strong>\u00a0\u201cAl mismo tiempo, profundiza la crisis de la educaci\u00f3n superior, con la definici\u00f3n unilateral de salarios que pierden mes a mes con la inflaci\u00f3n y con el incumplimiento absoluto de la Ley de financiamiento Universitario, ordenada ya en dos oportunidades por el poder judicial\u201d.<\/strong><\/p>\n<p id=\"p-1777427387982-47472\" data-start=\"1851\" data-end=\"2033\">Por su parte, el secretario general de ADUBA,\u00a0<strong>Emiliano Cagnacci<\/strong>, tambi\u00e9n cuestion\u00f3 el accionar del Ministerio de Capital Humano y apunt\u00f3 directamente a la ministra<strong>\u00a0Sandra Pettovello.<\/strong><\/p>\n<p id=\"p-1777427387982-31014\" data-start=\"2035\" data-end=\"2321\"><strong>\u201cDesde nuestro gremio docente repudiamos y rechazamos el comunicado del Ministerio de Capital Humano, donde se nos responsabiliza de no garantizar el derecho a la educaci\u00f3n. Quien debe hacerlo es el Gobierno Nacional a trav\u00e9s de la ministra de Capital Humano Sandra Petovello\u201d<\/strong>, sostuvo.<\/p>\n<p id=\"p-1777427387982-95151\" data-start=\"2323\" data-end=\"2567\" data-is-last-node=\"\" data-is-only-node=\"\">Luego, redobl\u00f3 la cr\u00edtica:<strong>\u00a0\u201cEn vez de sacar comunicados a trav\u00e9s de las redes sociales, debe ponerse a trabajar exigi\u00e9ndole a su gobierno que cumpla con la Ley de Financiamiento Universitario, que ya tiene dos fallos judiciales en ese sentido\u201d.<\/strong><\/p>\n<\/section>\n<\/section>\n<\/section>\n<\/section>\n<\/div>\n","protected":false},"excerpt":{"rendered":"<p>Desde el Ministerio de Capital Humano hab\u00edan apuntado contra los docentes por no asegurar el&#8230;<\/p>\n","protected":false},"author":1,"featured_media":2654,"comment_status":"closed","ping_status":"closed","sticky":false,"template":"","format":"standard","meta":{"_jetpack_memberships_contains_paid_content":false,"footnotes":"","jetpack_publicize_message":"","jetpack_publicize_feature_enabled":true,"jetpack_social_post_already_shared":true,"jetpack_social_options":{"image_generator_settings":{"template":"highway","default_image_id":0,"font":"","enabled":false},"version":2}},"categories":[4],"tags":[128,44,513,403,514],"class_list":["post-2653","post","type-post","status-publish","format-standard","has-post-thumbnail","hentry","category-sociedad","tag-educacion","tag-ministerio-de-capital-humano","tag-paro-docente","tag-uba","tag-universidades"],"aioseo_notices":[],"jetpack_publicize_connections":[],"jetpack_featured_media_url":"https:\/\/www.noticiasbrown.com\/wp-content\/uploads\/2026\/04\/uba-2jpg.webp","jetpack_sharing_enabled":true,"_links":{"self":[{"href":"https:\/\/www.noticiasbrown.com\/index.php?rest_route=\/wp\/v2\/posts\/2653","targetHints":{"allow":["GET"]}}],"collection":[{"href":"https:\/\/www.noticiasbrown.com\/index.php?rest_route=\/wp\/v2\/posts"}],"about":[{"href":"https:\/\/www.noticiasbrown.com\/index.php?rest_route=\/wp\/v2\/types\/post"}],"author":[{"embeddable":true,"href":"https:\/\/www.noticiasbrown.com\/index.php?rest_route=\/wp\/v2\/users\/1"}],"replies":[{"embeddable":true,"href":"https:\/\/www.noticiasbrown.com\/index.php?rest_route=%2Fwp%2Fv2%2Fcomments&post=2653"}],"version-history":[{"count":1,"href":"https:\/\/www.noticiasbrown.com\/index.php?rest_route=\/wp\/v2\/posts\/2653\/revisions"}],"predecessor-version":[{"id":2655,"href":"https:\/\/www.noticiasbrown.com\/index.php?rest_route=\/wp\/v2\/posts\/2653\/revisions\/2655"}],"wp:featuredmedia":[{"embeddable":true,"href":"https:\/\/www.noticiasbrown.com\/index.php?rest_route=\/wp\/v2\/media\/2654"}],"wp:attachment":[{"href":"https:\/\/www.noticiasbrown.com\/index.php?rest_route=%2Fwp%2Fv2%2Fmedia&parent=2653"}],"wp:term":[{"taxonomy":"category","embeddable":true,"href":"https:\/\/www.noticiasbrown.com\/index.php?rest_route=%2Fwp%2Fv2%2Fcategories&post=2653"},{"taxonomy":"post_tag","embeddable":true,"href":"https:\/\/www.noticiasbrown.com\/index.php?rest_route=%2Fwp%2Fv2%2Ftags&post=2653"}],"curies":[{"name":"wp","href":"https:\/\/api.w.org\/{rel}","templated":true}]}}