{"id":2650,"date":"2026-04-29T08:40:56","date_gmt":"2026-04-29T11:40:56","guid":{"rendered":"https:\/\/www.noticiasbrown.com\/?p=2650"},"modified":"2026-04-29T08:27:56","modified_gmt":"2026-04-29T11:27:56","slug":"la-furia-de-javier-milei-cuando-un-libertario-pregunto-por-la-suba-de-la-inflacion-no-es-el-lugar","status":"publish","type":"post","link":"https:\/\/www.noticiasbrown.com\/?p=2650","title":{"rendered":"La furia de Javier Milei cuando un libertario pregunt\u00f3 por la suba de la inflaci\u00f3n: &#8220;No es el lugar&#8230;&#8221;"},"content":{"rendered":"<div class=\"detail-header-wrapper\">\n<h3 id=\"p-1777419001110-99142\" class=\"ignore-parser\">En un evento libertario en el Palacio Libertad, el Presidente se irrit\u00f3 por la genunia consulta de un seguidor.<\/h3>\n<section class=\"detail-body first-paragraph\">\n<section id=\"note-body\" class=\"body-content note-body content-protected-false\" data-twitter-link=\"https:\/\/twitter.com\/intent\/tweet?url=https:\/\/www.minutouno.com\/c6271933&amp;v\u00eda=Ambitocom&amp;related=MinutoUno&amp;text=\">\n<p id=\"p-1777419597136-76540\" data-path-to-node=\"0\">En un marco at\u00edpico para la agenda pol\u00edtica actual, el presidente\u00a0<strong data-path-to-node=\"0\" data-index-in-node=\"66\">Javier Milei<\/strong>\u00a0encabez\u00f3 este martes una jornada acad\u00e9mica en el\u00a0<strong data-path-to-node=\"0\" data-index-in-node=\"128\">Palacio Libertad<\/strong>\u00a0centrada en la figura y el legado de John Maynard Keynes, y en la que casi pierde los estribos ante la pregunta de un libertario sobre la suba de la\u00a0<strong>inflaci\u00f3n<\/strong>.<\/p>\n<\/section>\n<\/section>\n<section class=\"detail-body second-paragraph\">\n<section class=\"body-content note-body content-protected-false\">\n<p id=\"p-1777419623255-74082\" data-path-to-node=\"0\">El mandatario comparti\u00f3 el estrado con el diputado nacional\u00a0<strong data-path-to-node=\"0\" data-index-in-node=\"263\">Adri\u00e1n Ravier<\/strong>\u00a0y el economista\u00a0<strong data-path-to-node=\"0\" data-index-in-node=\"293\">Juan Carlos de Pablo<\/strong>, en un debate que oscil\u00f3 entre la teor\u00eda econ\u00f3mica y la cr\u00edtica a la intervenci\u00f3n estatal.<\/p>\n<section class=\"detail-body\">\n<section class=\"body-content note-body content-protected-false\">\n<p id=\"p-1777419597136-72075\" data-path-to-node=\"2\">La jornada fue presentada como un espacio de reflexi\u00f3n te\u00f3rica, donde Milei volvi\u00f3 a exponer sus fundamentos contra el modelo keynesiano, secundado por Ravier y De Pablo. Sin embargo, el clima de intelectualidad se rompi\u00f3 abruptamente cuando la actualidad econ\u00f3mica se filtr\u00f3 en el recinto.<\/p>\n<\/section>\n<\/section>\n<section class=\"detail-body\">\n<section class=\"body-content note-body content-protected-false\">\n<p id=\"p-1777419597136-24967\" data-path-to-node=\"5\">A pesar de ser un evento rodeado mayoritariamente por seguidores y figuras afines a las ideas libertarias, el Presidente protagoniz\u00f3 un cruce inc\u00f3modo con uno de los presentes. Un joven identificado con el movimiento libertario consult\u00f3 al mandatario sobre las preocupaciones actuales respecto al\u00a0<strong data-path-to-node=\"5\" data-index-in-node=\"317\">aumento de la inflaci\u00f3n<\/strong>.<\/p>\n<\/section>\n<\/section>\n<section class=\"detail-body\">\n<section class=\"body-content note-body content-protected-false\">\n<p id=\"p-1777419597136-67357\" data-path-to-node=\"6\">La reacci\u00f3n de Milei fue inmediata y denot\u00f3 una profunda molestia por el cambio de eje de la charla.\u00a0<strong data-path-to-node=\"7,0\" data-index-in-node=\"0\">&#8220;No es el lugar, maestro, no es el momento ni el lugar&#8221;<\/strong>, repiti\u00f3 el Presidente en varias ocasiones, cortando en seco la intervenci\u00f3n del seguidor.<\/p>\n<\/section>\n<\/section>\n<section class=\"detail-body\">\n<section class=\"body-content note-body content-protected-false\">\n<p id=\"p-1777419597136-42254\" data-path-to-node=\"8\">Visiblemente irritado, el jefe de Estado inst\u00f3 a mantener la discusi\u00f3n dentro de los carriles acad\u00e9micos previstos para la tarde, evitando dar precisiones sobre los \u00edndices de precios en ese contexto.<\/p>\n<p id=\"p-1777419002112-13872\">\n<div id=\"8217567-1082739297_wrap\" class=\"embed_cont type_video\" contenteditable=\"false\">\n<div id=\"8217567-1082739297_content\" class=\"embed_content\">\n<div id=\"8217567-1082739297_embed\">\n<div id=\"mediaPlayer_8217567-1082739297\"><iframe loading=\"lazy\" src=\"https:\/\/www.minutouno.com\/services\/embed.php?idAdjunto=8217567&amp;idAdjuntoTamano=&amp;width=622&amp;height=351&amp;tipo=video\" width=\"622\" height=\"351\" frameborder=\"0\" scrolling=\"no\" allowfullscreen=\"allowfullscreen\" data-td-src-property=\"https:\/\/www.minutouno.com\/services\/embed.php?idAdjunto=8217567&amp;idAdjuntoTamano=&amp;width=622&amp;height=351&amp;tipo=video\" data-mce-fragment=\"1\"><\/iframe><\/div>\n<\/div>\n<\/div>\n<div id=\"p-1777419763271-38594\" class=\"embed_wrapper-cont\"><\/div>\n<\/div>\n<h2 id=\"p-1777431183077-85722\">Javier Milei volvi\u00f3 a defender su programa econ\u00f3mico<\/h2>\n<p id=\"p-1777431151885-23012\">A lo largo de la charla, Javier Milei volvi\u00f3 a defender su programa econ\u00f3mico y apunt\u00f3 contra &#8220;el entramado corrupto en Argentina&#8221;.<\/p>\n<p id=\"p-1777421661846-30362\" data-mrf-recirculation=\"Article - Paragraph Links\">En su intervenci\u00f3n ante funcionarios del Gobierno y militantes de La Libertad Avanza, el mandatario justific\u00f3 los m\u00faltiples frentes de conflicto abiertos por su administraci\u00f3n desde el inicio de la gesti\u00f3n.\u00a0<strong>&#8220;Meterse con los empresarios corruptos, los medios corruptos y los periodistas corruptos, es decir, con todo el entramado de corrupci\u00f3n en Argentina, no es gratis&#8221;<\/strong>, asegur\u00f3.<\/p>\n<\/section>\n<\/section>\n<\/section>\n<\/section>\n<\/div>\n","protected":false},"excerpt":{"rendered":"<p>En un evento libertario en el Palacio Libertad, el Presidente se irrit\u00f3 por la genunia&#8230;<\/p>\n","protected":false},"author":1,"featured_media":2651,"comment_status":"closed","ping_status":"closed","sticky":false,"template":"","format":"standard","meta":{"_jetpack_memberships_contains_paid_content":false,"footnotes":"","jetpack_publicize_message":"","jetpack_publicize_feature_enabled":true,"jetpack_social_post_already_shared":true,"jetpack_social_options":{"image_generator_settings":{"template":"highway","default_image_id":0,"font":"","enabled":false},"version":2}},"categories":[3],"tags":[26,35],"class_list":["post-2650","post","type-post","status-publish","format-standard","has-post-thumbnail","hentry","category-politica","tag-inflacion","tag-javier-milei"],"aioseo_notices":[],"jetpack_publicize_connections":[],"jetpack_featured_media_url":"https:\/\/www.noticiasbrown.com\/wp-content\/uploads\/2026\/04\/javier-milei.webp","jetpack_sharing_enabled":true,"_links":{"self":[{"href":"https:\/\/www.noticiasbrown.com\/index.php?rest_route=\/wp\/v2\/posts\/2650","targetHints":{"allow":["GET"]}}],"collection":[{"href":"https:\/\/www.noticiasbrown.com\/index.php?rest_route=\/wp\/v2\/posts"}],"about":[{"href":"https:\/\/www.noticiasbrown.com\/index.php?rest_route=\/wp\/v2\/types\/post"}],"author":[{"embeddable":true,"href":"https:\/\/www.noticiasbrown.com\/index.php?rest_route=\/wp\/v2\/users\/1"}],"replies":[{"embeddable":true,"href":"https:\/\/www.noticiasbrown.com\/index.php?rest_route=%2Fwp%2Fv2%2Fcomments&post=2650"}],"version-history":[{"count":1,"href":"https:\/\/www.noticiasbrown.com\/index.php?rest_route=\/wp\/v2\/posts\/2650\/revisions"}],"predecessor-version":[{"id":2652,"href":"https:\/\/www.noticiasbrown.com\/index.php?rest_route=\/wp\/v2\/posts\/2650\/revisions\/2652"}],"wp:featuredmedia":[{"embeddable":true,"href":"https:\/\/www.noticiasbrown.com\/index.php?rest_route=\/wp\/v2\/media\/2651"}],"wp:attachment":[{"href":"https:\/\/www.noticiasbrown.com\/index.php?rest_route=%2Fwp%2Fv2%2Fmedia&parent=2650"}],"wp:term":[{"taxonomy":"category","embeddable":true,"href":"https:\/\/www.noticiasbrown.com\/index.php?rest_route=%2Fwp%2Fv2%2Fcategories&post=2650"},{"taxonomy":"post_tag","embeddable":true,"href":"https:\/\/www.noticiasbrown.com\/index.php?rest_route=%2Fwp%2Fv2%2Ftags&post=2650"}],"curies":[{"name":"wp","href":"https:\/\/api.w.org\/{rel}","templated":true}]}}