{"id":2647,"date":"2026-04-29T08:25:49","date_gmt":"2026-04-29T11:25:49","guid":{"rendered":"https:\/\/www.noticiasbrown.com\/?p=2647"},"modified":"2026-04-29T08:25:49","modified_gmt":"2026-04-29T11:25:49","slug":"panico-en-la-estacion-claypole-del-tren-roca-por-un-hombre-que-aseguraba-tener-explosivos-en-su-mochila","status":"publish","type":"post","link":"https:\/\/www.noticiasbrown.com\/?p=2647","title":{"rendered":"P\u00e1nico en la estaci\u00f3n Claypole del Tren Roca por un hombre que aseguraba tener explosivos en su mochila"},"content":{"rendered":"<div class=\"detail-header-wrapper\">\n<h3 id=\"p-1777459633046-10562\" class=\"ignore-parser\">Las autoridades inspeccionaron la zona, aunque no encontraron bombas en su bolso<\/h3>\n<p>Un hombre fue detenido este martes por la tarde en la estaci\u00f3n\u00a0<strong>Claypole<\/strong>, luego de\u00a0<strong>manifestar que ten\u00eda una bomba en su mochila.\u00a0<\/strong>El hecho gener\u00f3 la interrupci\u00f3n total del servicio ferroviario y un importante operativo de seguridad en el lugar, tras el cual comprobaron que el sujeto ten\u00eda varias granadas dentro de su bolso.<\/p>\n<section class=\"detail-body\">\n<section class=\"body-content note-body content-protected-false\">\n<div id=\"8217636-Libre-1361287445_wrap\" class=\"embed_cont type_imagen\" contenteditable=\"false\">\n<div id=\"8217636-Libre-1361287445_content\" class=\"embed_content\"><img decoding=\"async\" id=\"8217636-Libre-1361287445_embed\" title=\"\" src=\"https:\/\/media.minutouno.com\/p\/14cbf1e895fa2fb8d9bab9a210e7b69d\/adjuntos\/150\/imagenes\/043\/335\/0043335164\/610x0\/830x535:850x555\/detenido-granada-estacion-claypole.jpg\" alt=\"\" width=\"610\" height=\"undefined\" data-td-src-property=\"https:\/\/media.minutouno.com\/p\/14cbf1e895fa2fb8d9bab9a210e7b69d\/adjuntos\/150\/imagenes\/043\/335\/0043335164\/610x0\/830x535:850x555\/detenido-granada-estacion-claypole.jpg\" \/><\/div>\n<div id=\"p-1777459843373-17246\" class=\"embed_wrapper-cont\"><\/div>\n<\/div>\n<p id=\"p-1777459830889-14543\">\n<\/section>\n<\/section>\n<section class=\"detail-body\">\n<section class=\"body-content note-body content-protected-false\">\n<p id=\"p-1777458441755-94067\">Seg\u00fan se inform\u00f3, el hecho se registr\u00f3 por la tarde, mientras el hombre circulaba sobre un tren. &#8220;A las 18:20,<strong>\u00a0un hombre que aparentemente tiene las facultades mentales adulteradas dijo arriba del tren que ten\u00eda explosivos en su mochila.\u00a0<\/strong>A ra\u00edz de esto, se lo baj\u00f3 de la formaci\u00f3n. Esto fue en la estaci\u00f3n Claypole&#8221;, expresaron.<\/p>\n<\/section>\n<\/section>\n<section class=\"detail-body\">\n<section class=\"body-content note-body content-protected-false\">\n<p id=\"p-1777413064837-89255\" data-start=\"653\" data-end=\"871\">El hombre fue reducido y aprehendido en el lugar, mientras continuaban las tareas de inspecci\u00f3n sobre el contenido de su mochila.&#8221;<strong>Se<\/strong>\u00a0<strong>descart\u00f3 que el hombre tenga explosivos.\u00a0<\/strong>Es decir que el resultado dio negativo&#8221;, informaron desde\u00a0<em>Trenes Argentinos.<\/em><\/p>\n<\/section>\n<\/section>\n<section class=\"detail-body\">\n<section class=\"body-content note-body content-protected-false\">\n<p id=\"p-1777459809854-57435\" data-start=\"653\" data-end=\"871\">\n<div id=\"8217637-Libre-263451943_wrap\" class=\"embed_cont type_imagen\" contenteditable=\"false\">\n<div id=\"8217637-Libre-263451943_content\" class=\"embed_content\"><img decoding=\"async\" id=\"8217637-Libre-263451943_embed\" title=\"\" src=\"https:\/\/media.minutouno.com\/p\/2642e77f47856c9df16679cc05000538\/adjuntos\/150\/imagenes\/043\/335\/0043335165\/610x0\/844x493:864x513\/detenido-granada-estacion-claypole.jpg\" alt=\"\" width=\"610\" height=\"undefined\" data-td-src-property=\"https:\/\/media.minutouno.com\/p\/2642e77f47856c9df16679cc05000538\/adjuntos\/150\/imagenes\/043\/335\/0043335165\/610x0\/844x493:864x513\/detenido-granada-estacion-claypole.jpg\" \/><\/div>\n<div id=\"p-1777459827077-78691\" class=\"embed_wrapper-cont\"><\/div>\n<\/div>\n<p id=\"p-1777414863523-89423\" data-start=\"653\" data-end=\"871\">Del mismo modo, los efectivos de la Polic\u00eda Federal revisaron las v\u00edas del Ferrocarril Roca en las inmediaciones de la estaci\u00f3n con el objetivo de descartar cualquier otro elemento de tipo explosivo que pudiera haber en el lugar.<\/p>\n<p id=\"p-1777459869365-36738\" data-start=\"653\" data-end=\"871\">\n<div id=\"8217635-Libre-1937515182_wrap\" class=\"embed_cont type_imagen\" contenteditable=\"false\">\n<div id=\"8217635-Libre-1937515182_content\" class=\"embed_content\"><img decoding=\"async\" id=\"8217635-Libre-1937515182_embed\" title=\"\" src=\"https:\/\/media.minutouno.com\/p\/85df30813c9d14b5e5985b8313d49058\/adjuntos\/150\/imagenes\/043\/335\/0043335163\/610x0\/1282x551:1302x571\/detenido-granada-estacion-claypole.jpg\" alt=\"\" width=\"610\" height=\"undefined\" data-td-src-property=\"https:\/\/media.minutouno.com\/p\/85df30813c9d14b5e5985b8313d49058\/adjuntos\/150\/imagenes\/043\/335\/0043335163\/610x0\/1282x551:1302x571\/detenido-granada-estacion-claypole.jpg\" \/><\/div>\n<div id=\"p-1777459725413-8855\" class=\"embed_wrapper-cont\"><\/div>\n<\/div>\n<p id=\"p-1777458854539-4394\" data-start=\"653\" data-end=\"871\">En este marco,\u00a0<strong>los pasajeros fueron evacuados debido al amplio operativo en la zona<\/strong>, mientras que despu\u00e9s el hombre fue trasladado por un grupo de polic\u00edas para que est\u00e9 a disposici\u00f3n de la Justicia. Luego, el paso de las formaciones fue habilitado para que circulen normalmente.<\/p>\n<p id=\"p-1777459847639-83792\" data-start=\"653\" data-end=\"871\">\n<div id=\"8217634-Libre-1014677549_wrap\" class=\"embed_cont type_imagen\" contenteditable=\"false\">\n<div id=\"8217634-Libre-1014677549_content\" class=\"embed_content\"><img decoding=\"async\" id=\"8217634-Libre-1014677549_embed\" title=\"\" src=\"https:\/\/media.minutouno.com\/p\/9009daa6e7ff5763ee9c68da3088bd3d\/adjuntos\/150\/imagenes\/043\/335\/0043335162\/610x0\/771x704:791x724\/detenido-granada-estacion-claypole.jpg\" alt=\"\" width=\"610\" height=\"undefined\" data-td-src-property=\"https:\/\/media.minutouno.com\/p\/9009daa6e7ff5763ee9c68da3088bd3d\/adjuntos\/150\/imagenes\/043\/335\/0043335162\/610x0\/771x704:791x724\/detenido-granada-estacion-claypole.jpg\" \/><\/div>\n<div id=\"p-1777459860250-76621\" class=\"embed_wrapper-cont\"><\/div>\n<\/div>\n<p>&nbsp;<\/p>\n<h2 id=\"p-1777418201230-60864\">La Fraternidad advirti\u00f3 que el servicio de trenes en el AMBA podr\u00eda reducirse a una formaci\u00f3n por hora<\/h2>\n<p id=\"p-1777418221322-68167\">El sindicato\u00a0<strong>La Fraternidad\u00a0<\/strong>advirti\u00f3 el lunes que, de mantenerse el actual rumbo econ\u00f3mico y operativo de los ferrocarriles, la\u00a0<strong>frecuencia de los trenes en el \u00c1rea Metropolitana de Buenos Aires (AMBA)<\/strong>\u00a0sufrir\u00e1 una reducci\u00f3n cr\u00edtica. El gremio denunci\u00f3 que el servicio pasar\u00e1 a circular con\u00a0<strong>apenas &#8220;una formaci\u00f3n por hora&#8221;.<\/strong><\/p>\n<p id=\"p-1777323760163-30006\" data-mrf-recirculation=\"Article - Paragraph Links\">La organizaci\u00f3n atribuy\u00f3 esta posible par\u00e1lisis a la\u00a0<strong>falta de material rodante\u00a0<\/strong>y al\u00a0<strong>&#8220;mal estado de v\u00edas y se\u00f1ales&#8221;<\/strong>. Seg\u00fan el comunicado, esta situaci\u00f3n pone en riesgo la conectividad diaria de miles de trabajadores que utilizan el transporte p\u00fablico.<\/p>\n<p id=\"p-1777323760163-64947\" data-mrf-recirculation=\"Article - Paragraph Links\">El gremio record\u00f3 la vigencia del Decreto 525\/2024 de Emergencia Ferroviaria, el cual asign\u00f3\u00a0<strong>u$s1.400 millones\u00a0<\/strong>para mejorar la seguridad operacional. Sin embargo, los conductores se\u00f1alaron que el resultado actual es una\u00a0<strong>&#8220;disminuci\u00f3n del 30 % promedio de los servicios de pasajeros ofrecidos a la comunidad&#8221;<\/strong>.<\/p>\n<\/section>\n<\/section>\n<\/div>\n","protected":false},"excerpt":{"rendered":"<p>Las autoridades inspeccionaron la zona, aunque no encontraron bombas en su bolso Un hombre fue&#8230;<\/p>\n","protected":false},"author":1,"featured_media":2648,"comment_status":"closed","ping_status":"closed","sticky":false,"template":"","format":"standard","meta":{"_jetpack_memberships_contains_paid_content":false,"footnotes":"","jetpack_publicize_message":"","jetpack_publicize_feature_enabled":true,"jetpack_social_post_already_shared":true,"jetpack_social_options":{"image_generator_settings":{"template":"highway","default_image_id":0,"font":"","enabled":false},"version":2}},"categories":[4],"tags":[471,42],"class_list":["post-2647","post","type-post","status-publish","format-standard","has-post-thumbnail","hentry","category-sociedad","tag-claypole","tag-trenes"],"aioseo_notices":[],"jetpack_publicize_connections":[],"jetpack_featured_media_url":"https:\/\/www.noticiasbrown.com\/wp-content\/uploads\/2026\/04\/detenido-granada-estacion-claypole.webp","jetpack_sharing_enabled":true,"_links":{"self":[{"href":"https:\/\/www.noticiasbrown.com\/index.php?rest_route=\/wp\/v2\/posts\/2647","targetHints":{"allow":["GET"]}}],"collection":[{"href":"https:\/\/www.noticiasbrown.com\/index.php?rest_route=\/wp\/v2\/posts"}],"about":[{"href":"https:\/\/www.noticiasbrown.com\/index.php?rest_route=\/wp\/v2\/types\/post"}],"author":[{"embeddable":true,"href":"https:\/\/www.noticiasbrown.com\/index.php?rest_route=\/wp\/v2\/users\/1"}],"replies":[{"embeddable":true,"href":"https:\/\/www.noticiasbrown.com\/index.php?rest_route=%2Fwp%2Fv2%2Fcomments&post=2647"}],"version-history":[{"count":1,"href":"https:\/\/www.noticiasbrown.com\/index.php?rest_route=\/wp\/v2\/posts\/2647\/revisions"}],"predecessor-version":[{"id":2649,"href":"https:\/\/www.noticiasbrown.com\/index.php?rest_route=\/wp\/v2\/posts\/2647\/revisions\/2649"}],"wp:featuredmedia":[{"embeddable":true,"href":"https:\/\/www.noticiasbrown.com\/index.php?rest_route=\/wp\/v2\/media\/2648"}],"wp:attachment":[{"href":"https:\/\/www.noticiasbrown.com\/index.php?rest_route=%2Fwp%2Fv2%2Fmedia&parent=2647"}],"wp:term":[{"taxonomy":"category","embeddable":true,"href":"https:\/\/www.noticiasbrown.com\/index.php?rest_route=%2Fwp%2Fv2%2Fcategories&post=2647"},{"taxonomy":"post_tag","embeddable":true,"href":"https:\/\/www.noticiasbrown.com\/index.php?rest_route=%2Fwp%2Fv2%2Ftags&post=2647"}],"curies":[{"name":"wp","href":"https:\/\/api.w.org\/{rel}","templated":true}]}}