{"id":2644,"date":"2026-04-29T08:22:13","date_gmt":"2026-04-29T11:22:13","guid":{"rendered":"https:\/\/www.noticiasbrown.com\/?p=2644"},"modified":"2026-04-29T08:22:13","modified_gmt":"2026-04-29T11:22:13","slug":"adorni-da-su-primer-informe-en-diputados-en-medio-de-un-fuerte-operativo-de-seguridad-y-con-milei-en-el-palco","status":"publish","type":"post","link":"https:\/\/www.noticiasbrown.com\/?p=2644","title":{"rendered":"Adorni da su primer informe en Diputados en medio de un fuerte operativo de seguridad y con Milei en el palco"},"content":{"rendered":"<h3 class=\"article__dropline font__body\">El ministro coordinador defender\u00e1 la gesti\u00f3n del Gobierno. Deber\u00e1 responder m\u00e1s de 2000 preguntas de los legisladores, algunas vinculadas a la causa en la que es investigado por la Justicia.<\/h3>\n<p class=\"paragraph font__body-regular\">En una jornada cargada de expectativa pol\u00edtica,\u00a0<b>Manuel Adorni<\/b><b>\u00a0<\/b>se presentar\u00e1 desde las 10.30 en la<b>\u00a0C\u00e1mara de Diputados<\/b>\u00a0para brindar su primer\u00a0<b>informe de gesti\u00f3n\u00a0<\/b>en un contexto atravesado por la investigaci\u00f3n en su contra por presunto enriquecimiento il\u00edcito. Deber\u00e1 responder m\u00e1s de 2000 preguntas que acercaron los diputados, aunque primero har\u00e1 una exposici\u00f3n inicial de una hora.<\/p>\n<p class=\"paragraph font__body-regular\">El evento motivar\u00e1 una\u00a0<b>movilizaci\u00f3n total del Gobierno nacional<\/b>, con\u00a0<b>Javier Milei<\/b>\u00a0y la secretaria general de la Presidencia,\u00a0<b>Karina Milei<\/b>, a la cabeza. Ambos se ubicar\u00e1n en los palcos del recinto. Afuera habr\u00e1 un fuerte operativo de seguridad, con vallas y miles de efectivos apostados en las puertas del Congreso.<\/p>\n<p>Adem\u00e1s del Presidente y su hermana, ir\u00e1n a respaldar a Adorni los ministros Alejandra Monteoliva (Seguridad), Pablo Quirno (Canciller\u00eda), Luis Caputo (Econom\u00eda), Juan Bautista Mahiques (Justicia), Mario Lugones (Salud), Federico Sturzenegger (Desregulaci\u00f3n), Diego Santilli (Interior), Sandra Pettovello (Capital Humano) y Carlos Presti (Defensa).<\/p>\n<p class=\"paragraph font__body-regular\">Tambi\u00e9n asistir\u00e1n la secretaria de Legal y T\u00e9cnica, Mar\u00eda Ibarz\u00e1bal Murphy, y el\u00a0<b>c\u00edrculo \u00edntimo de Adorni<\/b>: Javier Lanari, su mano derecha, su jefa de Gabinete, Aim\u00e9 V\u00e1zquez y su secretario de Asuntos Estrat\u00e9gicos, Ignacio Devitt.<\/p>\n<p class=\"paragraph font__body-regular\">Completar\u00e1n los lugares en los palcos los<b>\u00a0senadores nacionales<\/b>\u00a0de La Libertad Avanza que lidera\u00a0<b>Patricia Bullrich<\/b>, los\u00a0<b>legisladores porte\u00f1os\u00a0<\/b>que responden a Pilar Ram\u00edrez y alrededor de\u00a0<b>150 dirigentes de la provincia de Buenos Aires\u00a0<\/b>que responden al diputado y armador Sebasti\u00e1n Pareja.<\/p>\n<h2 class=\"font--primary font__display\">C\u00f3mo ser\u00e1 la exposici\u00f3n de Manuel Adorni en Diputados<\/h2>\n<p class=\"paragraph font__body-regular\">El jefe de Gabinete destinar\u00e1 la primera hora a exponer y destacar la gesti\u00f3n del Gobierno. Luego,\u00a0<b>cada bloque tendr\u00e1 un tiempo para preguntar de 5 minutos<\/b>\u00a0que aumentar\u00e1 proporcionalmente seg\u00fan la cantidad de legisladores de cada bancada.<\/p>\n<p class=\"paragraph font__body-regular\">As\u00ed, se prev\u00e9 una\u00a0<b>primera tanda de preguntas de 9 bloques menores\u00a0<\/b>que durar\u00e1 50 minutos. Luego, Adorni responder\u00e1 de corrido en un bloque de alrededor de 20 minutos.<\/p>\n<figure class=\"\" data-testid=\"figure-testid\">\n<div class=\"aspect_ratio__container\"><picture class=\"responsive-image\"><source srcset=\"https:\/\/tn.com.ar\/resizer\/v2\/camara-de-diputados-foto-diputados-GXR35HHOCVC4BE6CYFDHBIB2HI.JPG?auth=b4633f4286c538d71e1b74f43ae690ea94a094675a444c5ac6eba4c677f53625&amp;width=767\" type=\"image\/jpg\" media=\"(max-width: 728px)\" \/><source srcset=\"https:\/\/tn.com.ar\/resizer\/v2\/camara-de-diputados-foto-diputados-GXR35HHOCVC4BE6CYFDHBIB2HI.JPG?auth=b4633f4286c538d71e1b74f43ae690ea94a094675a444c5ac6eba4c677f53625&amp;width=1023\" type=\"image\/jpg\" media=\"(max-width: 1023px)\" \/><source srcset=\"https:\/\/tn.com.ar\/resizer\/v2\/camara-de-diputados-foto-diputados-GXR35HHOCVC4BE6CYFDHBIB2HI.JPG?auth=b4633f4286c538d71e1b74f43ae690ea94a094675a444c5ac6eba4c677f53625&amp;width=1440\" type=\"image\/jpg\" \/><img loading=\"lazy\" decoding=\"async\" class=\"image content-image image_placeholder\" src=\"https:\/\/tn.com.ar\/resizer\/v2\/camara-de-diputados-foto-diputados-GXR35HHOCVC4BE6CYFDHBIB2HI.JPG?auth=b4633f4286c538d71e1b74f43ae690ea94a094675a444c5ac6eba4c677f53625&amp;width=767\" alt=\"C\u00e1mara de Diputados. foto Diputados\" width=\"767\" height=\"511\" data-testid=\"loading-testid\" \/><\/picture><\/div><figcaption class=\"caption_image\" data-testid=\"figcaption-testid\">\n<div class=\"image_caption \">C\u00e1mara de Diputados. foto Diputados<\/div>\n<\/figcaption><\/figure>\n<p class=\"paragraph font__body-regular\">Despu\u00e9s ir\u00e1n las preguntas de los bloques de Innovaci\u00f3n Federal (11 minutos), Unidos (20) y Fuerzas del Cambio (20), con sus respectivos 20 minutos de respuestas, y finalizar\u00e1 Uni\u00f3n por la Patria con una ronda de casi 70 minutos de preguntas. Tras la respuesta final de Adorni, La Libertad Avanza har\u00e1 el cierre.<\/p>\n<h2 class=\"font--primary font__display\">La estrategia del oficialismo para respaldar a Manuel Adorni durante su informe de gesti\u00f3n<\/h2>\n<p class=\"paragraph font__body-regular\">Por fuera del discurso institucional del comienzo, fuentes al tanto de los preparativos aseguraron a\u00a0<b>TN\u00a0<\/b>que Adorni llevar\u00e1 adelante una estrategia defensiva frente a los cuestionamientos de la oposici\u00f3n:<b>\u00a0\u201cAnte cada pregunta, va a redoblar la apuesta\u201d.<\/b><\/p>\n<p class=\"paragraph font__body-regular\">Ese posicionamiento\u00a0<b>permite anticipar cruces<\/b>, en un contexto atravesado por las denuncias contra Adorni por sus recientes viajes a Nueva York y Punta del Este, adem\u00e1s de la compra de departamentos en el \u00faltimo a\u00f1o.<\/p>\n<p class=\"paragraph font__body-regular\">Sin embargo, desde la mesa pol\u00edtica aclararon que\u00a0<b>\u201cno es la idea\u201d que la presentaci\u00f3n se torne muy conflictiva<\/b>, aunque s\u00ed se buscar\u00e1 dejar en claro el respaldo de todo el Gobierno al jefe de Gabinete.<\/p>\n<figure class=\"\" data-testid=\"figure-testid\">\n<div class=\"aspect_ratio__container\"><picture class=\"responsive-image\"><source srcset=\"https:\/\/tn.com.ar\/resizer\/v2\/manuel-adorni-brindara-un-discurso-focalizado-en-la-gestion-pero-preparado-para-redoblar-la-apuesta-ante-criticas-de-la-oposicion-foto-casa-rosada-JJS3P3APCFDVZDV5TTTREQFP6Q.jpg?auth=537443bd9e02c9ec8834eff8f928f619cae83122e558aa54ae4e99d4432933ea&amp;width=767\" type=\"image\/jpg\" media=\"(max-width: 728px)\" \/><source srcset=\"https:\/\/tn.com.ar\/resizer\/v2\/manuel-adorni-brindara-un-discurso-focalizado-en-la-gestion-pero-preparado-para-redoblar-la-apuesta-ante-criticas-de-la-oposicion-foto-casa-rosada-JJS3P3APCFDVZDV5TTTREQFP6Q.jpg?auth=537443bd9e02c9ec8834eff8f928f619cae83122e558aa54ae4e99d4432933ea&amp;width=1023\" type=\"image\/jpg\" media=\"(max-width: 1023px)\" \/><source srcset=\"https:\/\/tn.com.ar\/resizer\/v2\/manuel-adorni-brindara-un-discurso-focalizado-en-la-gestion-pero-preparado-para-redoblar-la-apuesta-ante-criticas-de-la-oposicion-foto-casa-rosada-JJS3P3APCFDVZDV5TTTREQFP6Q.jpg?auth=537443bd9e02c9ec8834eff8f928f619cae83122e558aa54ae4e99d4432933ea&amp;width=1440\" type=\"image\/jpg\" \/><img loading=\"lazy\" decoding=\"async\" class=\"image content-image image_placeholder\" src=\"https:\/\/tn.com.ar\/resizer\/v2\/manuel-adorni-brindara-un-discurso-focalizado-en-la-gestion-pero-preparado-para-redoblar-la-apuesta-ante-criticas-de-la-oposicion-foto-casa-rosada-JJS3P3APCFDVZDV5TTTREQFP6Q.jpg?auth=537443bd9e02c9ec8834eff8f928f619cae83122e558aa54ae4e99d4432933ea&amp;width=767\" alt=\"Manuel Adorni brindar\u00e1 un discurso focalizado en la gesti\u00f3n, pero preparado para redoblar la apuesta ante cr\u00edticas de la oposici\u00f3n. (Foto: Casa Rosada)\" width=\"767\" height=\"430\" data-testid=\"loading-testid\" \/><\/picture><\/div><figcaption class=\"caption_image\" data-testid=\"figcaption-testid\">\n<div class=\"image_caption \">Manuel Adorni brindar\u00e1 un discurso focalizado en la gesti\u00f3n, pero preparado para redoblar la apuesta ante cr\u00edticas de la oposici\u00f3n. (Foto: Casa Rosada)<\/div>\n<\/figcaption><\/figure>\n<p class=\"paragraph font__body-regular\">En ese sentido, los diputados del bloque oficialista mantendr\u00e1n una reuni\u00f3n en la previa a la exposici\u00f3n para definir los \u00faltimos detalles de la estrategia para acompa\u00f1ar a Adorni en el recinto.<\/p>\n<p class=\"paragraph font__body-regular\">En las semanas previas, fuentes de La Libertad Avanza adelantaban la posibilidad de\u00a0<b>poner el foco en las declaraciones juradas<\/b>\u00a0de algunos legisladores de la oposici\u00f3n para desviar el foco de la causa judicial que protagoniza el jefe de Gabinete.<\/p>\n","protected":false},"excerpt":{"rendered":"<p>El ministro coordinador defender\u00e1 la gesti\u00f3n del Gobierno. Deber\u00e1 responder m\u00e1s de 2000 preguntas de&#8230;<\/p>\n","protected":false},"author":1,"featured_media":2645,"comment_status":"closed","ping_status":"closed","sticky":false,"template":"","format":"standard","meta":{"_jetpack_memberships_contains_paid_content":false,"footnotes":"","jetpack_publicize_message":"","jetpack_publicize_feature_enabled":true,"jetpack_social_post_already_shared":true,"jetpack_social_options":{"image_generator_settings":{"template":"highway","default_image_id":0,"font":"","enabled":false},"version":2}},"categories":[3],"tags":[98,512,156],"class_list":["post-2644","post","type-post","status-publish","format-standard","has-post-thumbnail","hentry","category-politica","tag-diputados","tag-informe-de-gestion","tag-manuel-adorni"],"aioseo_notices":[],"jetpack_publicize_connections":[],"jetpack_featured_media_url":"https:\/\/www.noticiasbrown.com\/wp-content\/uploads\/2026\/04\/adorni-2.webp","jetpack_sharing_enabled":true,"_links":{"self":[{"href":"https:\/\/www.noticiasbrown.com\/index.php?rest_route=\/wp\/v2\/posts\/2644","targetHints":{"allow":["GET"]}}],"collection":[{"href":"https:\/\/www.noticiasbrown.com\/index.php?rest_route=\/wp\/v2\/posts"}],"about":[{"href":"https:\/\/www.noticiasbrown.com\/index.php?rest_route=\/wp\/v2\/types\/post"}],"author":[{"embeddable":true,"href":"https:\/\/www.noticiasbrown.com\/index.php?rest_route=\/wp\/v2\/users\/1"}],"replies":[{"embeddable":true,"href":"https:\/\/www.noticiasbrown.com\/index.php?rest_route=%2Fwp%2Fv2%2Fcomments&post=2644"}],"version-history":[{"count":1,"href":"https:\/\/www.noticiasbrown.com\/index.php?rest_route=\/wp\/v2\/posts\/2644\/revisions"}],"predecessor-version":[{"id":2646,"href":"https:\/\/www.noticiasbrown.com\/index.php?rest_route=\/wp\/v2\/posts\/2644\/revisions\/2646"}],"wp:featuredmedia":[{"embeddable":true,"href":"https:\/\/www.noticiasbrown.com\/index.php?rest_route=\/wp\/v2\/media\/2645"}],"wp:attachment":[{"href":"https:\/\/www.noticiasbrown.com\/index.php?rest_route=%2Fwp%2Fv2%2Fmedia&parent=2644"}],"wp:term":[{"taxonomy":"category","embeddable":true,"href":"https:\/\/www.noticiasbrown.com\/index.php?rest_route=%2Fwp%2Fv2%2Fcategories&post=2644"},{"taxonomy":"post_tag","embeddable":true,"href":"https:\/\/www.noticiasbrown.com\/index.php?rest_route=%2Fwp%2Fv2%2Ftags&post=2644"}],"curies":[{"name":"wp","href":"https:\/\/api.w.org\/{rel}","templated":true}]}}