{"id":2641,"date":"2026-04-29T08:18:45","date_gmt":"2026-04-29T11:18:45","guid":{"rendered":"https:\/\/www.noticiasbrown.com\/?p=2641"},"modified":"2026-04-29T08:18:45","modified_gmt":"2026-04-29T11:18:45","slug":"el-gobierno-confirmo-el-pago-del-bono-congelado-hace-mas-de-dos-anos-en-70-mil-pesos-a-jubilados","status":"publish","type":"post","link":"https:\/\/www.noticiasbrown.com\/?p=2641","title":{"rendered":"El Gobierno confirm\u00f3 el pago del bono, congelado hace m\u00e1s de dos a\u00f1os en 70 mil pesos, a jubilados"},"content":{"rendered":"<div class=\"detail-header-wrapper\">\n<h3 id=\"p-1777458234084-92615\" class=\"ignore-parser\">En mayo el haber m\u00ednimo de los jubilados llegar\u00e1 a los 393.174.10 pesos a los que sumar\u00e1 el bono de 70 mil pesos. En marzo la Canasta B\u00e1sica Total lleg\u00f3 a los 464.228 pesos.<\/h3>\n<section class=\"detail-body first-paragraph\">\n<section id=\"note-body\" class=\"body-content note-body content-protected-false\" data-twitter-link=\"https:\/\/twitter.com\/intent\/tweet?url=https:\/\/www.minutouno.com\/c6272002&amp;v\u00eda=Ambitocom&amp;related=MinutoUno&amp;text=\">\n<p id=\"p-1777458632483-18167\">El presidente\u00a0<strong>Javier Milei<\/strong>\u00a0y su ministro de Econom\u00eda,\u00a0<strong>Luis Caputo<\/strong>,\u00a0<strong>profundizan el ajuste sobre los jubilados y avanzan, mes a mes en la licuaci\u00f3n de sus ingresos<\/strong>. Para ello mantienen congelado desde hace m\u00e1s de dos a\u00f1os en apenas 70 mil pesos el Bono Extraordinario que cobran jubilados, pensionados y beneficiarios de pensiones no contributivas de la Administraci\u00f3n Nacional de la Seguridad Social (Anses).<\/p>\n<\/section>\n<\/section>\n<section class=\"detail-body second-paragraph\">\n<section class=\"body-content note-body content-protected-false\">\n<p id=\"p-1777458766699-66106\">As\u00ed qued\u00f3 plasmado en el Decreto 292\/2026 publicado hoy en el Bolet\u00edn Oficial con las firmas de Milei; del Jefe de Gabinete,\u00a0<strong>Manuel Adorni\u00a0<\/strong>y de la ministra de Capital Humano,\u00a0<strong>Sandra Pettovello<\/strong>.<\/p>\n<section class=\"detail-body\">\n<section class=\"body-content note-body content-protected-false\">\n<div id=\"8101831-Libre-2016913621_wrap\" class=\"embed_cont type_imagen\" contenteditable=\"false\">\n<div id=\"8101831-Libre-2016913621_content\" class=\"embed_content\"><img loading=\"lazy\" decoding=\"async\" id=\"8101831-Libre-2016913621_embed\" title=\"\" src=\"https:\/\/media.minutouno.com\/p\/7555e7656024b5a06be629a372c46f66\/adjuntos\/150\/imagenes\/042\/598\/0042598434\/jubilados.jpg?2025-07-17-12-26-44\" alt=\"\" width=\"610\" height=\"457\" crossorigin=\"anonymous\" \/><\/div>\n<div id=\"p-1777459760902-75172\" class=\"embed_wrapper-cont\"><\/div>\n<\/div>\n<p id=\"p-1777459731645-48656\">\n<\/section>\n<\/section>\n<section class=\"detail-body\">\n<section class=\"body-content note-body content-protected-false\">\n<p id=\"p-1777458632659-81634\">De esta manera\u00a0<span id=\"saysCMSEmphasisn3ltj573ug\" class=\"saysCMSEmphasis\">los jubilados de la m\u00ednima percibir\u00e1n en mayo un bono de 70 mil pesos.<\/span>\u00a0El beneficio tambi\u00e9n alcanzar\u00e1 a titulares de prestaciones contributivas a cargo de la Anses, incluyendo las otorgadas bajo la Ley 24.241, reg\u00edmenes nacionales generales anteriores y sus modificatorias, reg\u00edmenes especiales derogados y ex cajas o institutos provinciales y municipales de previsi\u00f3n transferidos a la Naci\u00f3n cuya movilidad se rija por el art\u00edculo 32 de la Ley 24.241. Tambi\u00e9n ser\u00e1n beneficiarios quienes perciban prestaciones bajo el r\u00e9gimen establecido por el decreto 160\/2005.<\/p>\n<\/section>\n<\/section>\n<section class=\"detail-body\">\n<section class=\"body-content note-body content-protected-false\">\n<p id=\"p-1777459230465-87466\">La medida incluye adem\u00e1s a quienes cobran la Pensi\u00f3n Universal para el Adulto Mayor (PUAM), as\u00ed como a titulares de pensiones no contributivas por vejez, invalidez, madres de siete hijos o m\u00e1s, otras pensiones no contributivas y pensiones graciable de la Anses.<\/p>\n<\/section>\n<\/section>\n<section class=\"detail-body\">\n<section class=\"body-content note-body content-protected-false\">\n<p id=\"p-1777459230633-22241\">En mayo la jubilaci\u00f3n m\u00ednima subir\u00e1 3,4% siguiendo la inflaci\u00f3n con dos meses de rezago y de esta manera<span id=\"saysCMSEmphasis4sxtr30zxmd\" class=\"saysCMSEmphasis\">\u00a0el haber m\u00ednimo llegar\u00e1 a 393.174.10 pesos. A ese monto se le sumar\u00e1 el bono de 70 mil pesos de modo que ning\u00fan jubilado perciba ingresos inferiores a los 463.174,10 pesos. En marzo pasado la Canasta B\u00e1sica Total (CBT) para un adulto, que marca el umbral por debajo del cual se cae en la pobreza lleg\u00f3 a los 464.228 pesos.<\/span><\/p>\n<div id=\"8022129-Libre-318155616_wrap\" class=\"embed_cont type_imagen\" contenteditable=\"false\">\n<div id=\"8022129-Libre-318155616_content\" class=\"embed_content\"><img loading=\"lazy\" decoding=\"async\" id=\"8022129-Libre-318155616_embed\" title=\"Javier Milei con la motosierra.\" src=\"https:\/\/media.minutouno.com\/p\/5c2fd88ddede8fa3587ae360d6bb76f4\/adjuntos\/150\/imagenes\/042\/112\/0042112574\/motosierra-mileijpg.jpg?2025-01-14-16-41-05\" alt=\"Javier Milei con la motosierra.\" width=\"610\" height=\"406\" data-td-src-property=\"https:\/\/media.minutouno.com\/p\/5c2fd88ddede8fa3587ae360d6bb76f4\/adjuntos\/150\/imagenes\/042\/112\/0042112574\/motosierra-mileijpg.jpg?2025-01-14-16-41-05\" \/><\/div>\n<div id=\"p-1777459772566-31520\" class=\"embed_wrapper-cont\">\n<div id=\"8022129-Libre-318155616_epigrafe\" class=\"embed_epigrafe\">\n<p id=\"p-1777459772566-2210\">Javier Milei con la motosierra.<\/p>\n<\/div>\n<\/div>\n<\/div>\n<p id=\"p-1777459422000-87845\">Quienes cobren por encima de la m\u00ednima percibir\u00e1n un bono proporcional que les permita alcanzar ese techo de 463.174,10 pesos. Quienes perciban ingresos por encima de ese umbral no cobrar\u00e1n bono.<\/p>\n<p id=\"p-1777459514164-92944\">En tanto, en mayo el ajuste del 3,4% tambi\u00e9n alcanzar\u00e1 a otras prestaciones de la Anses.<\/p>\n<p id=\"p-1777459563296-23624\">La PUAM se ubicar\u00e1 as\u00ed en 314.539,28 pesos, y con la suma del bono extraordinario, llegar\u00e1 en mayo a 384.539,28 pesos.<\/p>\n<p id=\"p-1777459592632-37700\">En el caso de las Pensiones No Contributivas por invalidez o vejez, el haber base ser\u00e1 de 275.221,87 pesos y, con el refuerzo, el total ascender\u00e1 a 345.221,87 pesos.<\/p>\n<p id=\"p-1777459601882-92016\">Para las pensiones destinadas a madres de siete hijos o m\u00e1s, el monto ser\u00e1 equivalente a la jubilaci\u00f3n m\u00ednima, es decir, 393.174,10 pesos, que tambi\u00e9n subir\u00e1 a 463.174,10 pesos con el bono.<\/p>\n<div id=\"8104240-Libre-2118728259_wrap\" class=\"embed_cont type_imagen\" contenteditable=\"false\">\n<div id=\"8104240-Libre-2118728259_content\" class=\"embed_content\"><img decoding=\"async\" id=\"8104240-Libre-2118728259_embed\" title=\"\" src=\"https:\/\/media.minutouno.com\/p\/4c94fc457d1d546e46c2a4b017dbcd31\/adjuntos\/150\/imagenes\/042\/613\/0042613469\/610x0\/smart\/policia-jubilados.jpg\" alt=\"\" width=\"610\" height=\"undefined\" data-td-src-property=\"https:\/\/media.minutouno.com\/p\/4c94fc457d1d546e46c2a4b017dbcd31\/adjuntos\/150\/imagenes\/042\/613\/0042613469\/610x0\/smart\/policia-jubilados.jpg\" \/><\/div>\n<div id=\"p-1777459799598-29639\" class=\"embed_wrapper-cont\"><\/div>\n<\/div>\n<p id=\"p-1777458559071-33581\" data-mrf-recirculation=\"Links inline\">El nuevo esquema de haberes tambi\u00e9n incluye un aumento para la Asignaci\u00f3n Universal por Hijo (AUH), que se elevar\u00e1 a 141.285,31 pesos por menor.<\/p>\n<p id=\"p-1777459629249-46178\" data-mrf-recirculation=\"Links inline\">Para los casos de hijos con discapacidad, el monto llegar\u00e1 a 460.044,10 pesos.<\/p>\n<p id=\"p-1777458240831-19031\"><strong>Decreto 292\/2026:<\/strong><\/p>\n<div id=\"8217639-322753564_wrap\" class=\"embed_cont type_documento\" contenteditable=\"false\">\n<div id=\"8217639-322753564_content\" class=\"embed_content\">\n<div id=\"8217639-322753564_embed\"><iframe loading=\"lazy\" class=\"CMSObject_embed\" src=\"https:\/\/www.minutouno.com\/_post\/viewerpdfjs.php?file=https:\/\/media.minutouno.com\/adjuntos\/150\/documentos\/043\/335\/0043335167.pdf\" width=\"610\" height=\"820\" data-mce-fragment=\"1\"><span data-mce-type=\"bookmark\" style=\"display: inline-block; width: 0px; overflow: hidden; line-height: 0;\" class=\"mce_SELRES_start\">\ufeff<\/span><\/iframe><\/div>\n<\/div>\n<\/div>\n<\/section>\n<\/section>\n<\/section>\n<\/section>\n<\/div>\n","protected":false},"excerpt":{"rendered":"<p>En mayo el haber m\u00ednimo de los jubilados llegar\u00e1 a los 393.174.10 pesos a los&#8230;<\/p>\n","protected":false},"author":1,"featured_media":2642,"comment_status":"closed","ping_status":"closed","sticky":false,"template":"","format":"standard","meta":{"_jetpack_memberships_contains_paid_content":false,"footnotes":"","jetpack_publicize_message":"","jetpack_publicize_feature_enabled":true,"jetpack_social_post_already_shared":true,"jetpack_social_options":{"image_generator_settings":{"template":"highway","default_image_id":0,"font":"","enabled":false},"version":2}},"categories":[7],"tags":[30,262,35,118],"class_list":["post-2641","post","type-post","status-publish","format-standard","has-post-thumbnail","hentry","category-economia","tag-ajuste","tag-bono","tag-javier-milei","tag-jubilados"],"aioseo_notices":[],"jetpack_publicize_connections":[],"jetpack_featured_media_url":"https:\/\/www.noticiasbrown.com\/wp-content\/uploads\/2026\/04\/jubilados.webp","jetpack_sharing_enabled":true,"_links":{"self":[{"href":"https:\/\/www.noticiasbrown.com\/index.php?rest_route=\/wp\/v2\/posts\/2641","targetHints":{"allow":["GET"]}}],"collection":[{"href":"https:\/\/www.noticiasbrown.com\/index.php?rest_route=\/wp\/v2\/posts"}],"about":[{"href":"https:\/\/www.noticiasbrown.com\/index.php?rest_route=\/wp\/v2\/types\/post"}],"author":[{"embeddable":true,"href":"https:\/\/www.noticiasbrown.com\/index.php?rest_route=\/wp\/v2\/users\/1"}],"replies":[{"embeddable":true,"href":"https:\/\/www.noticiasbrown.com\/index.php?rest_route=%2Fwp%2Fv2%2Fcomments&post=2641"}],"version-history":[{"count":1,"href":"https:\/\/www.noticiasbrown.com\/index.php?rest_route=\/wp\/v2\/posts\/2641\/revisions"}],"predecessor-version":[{"id":2643,"href":"https:\/\/www.noticiasbrown.com\/index.php?rest_route=\/wp\/v2\/posts\/2641\/revisions\/2643"}],"wp:featuredmedia":[{"embeddable":true,"href":"https:\/\/www.noticiasbrown.com\/index.php?rest_route=\/wp\/v2\/media\/2642"}],"wp:attachment":[{"href":"https:\/\/www.noticiasbrown.com\/index.php?rest_route=%2Fwp%2Fv2%2Fmedia&parent=2641"}],"wp:term":[{"taxonomy":"category","embeddable":true,"href":"https:\/\/www.noticiasbrown.com\/index.php?rest_route=%2Fwp%2Fv2%2Fcategories&post=2641"},{"taxonomy":"post_tag","embeddable":true,"href":"https:\/\/www.noticiasbrown.com\/index.php?rest_route=%2Fwp%2Fv2%2Ftags&post=2641"}],"curies":[{"name":"wp","href":"https:\/\/api.w.org\/{rel}","templated":true}]}}