{"id":2638,"date":"2026-04-29T08:13:08","date_gmt":"2026-04-29T11:13:08","guid":{"rendered":"https:\/\/www.noticiasbrown.com\/?p=2638"},"modified":"2026-04-29T08:13:08","modified_gmt":"2026-04-29T11:13:08","slug":"sube-la-temperatura-y-hay-alivio-en-el-amba-de-cuanto-es-la-maxima-prevista-para-hoy","status":"publish","type":"post","link":"https:\/\/www.noticiasbrown.com\/?p=2638","title":{"rendered":"Sube la temperatura y hay alivio en el AMBA: de cu\u00e1nto es la m\u00e1xima prevista para hoy"},"content":{"rendered":"<div class=\"detail-header-wrapper\">\n<h3 id=\"p-1777433802664-12824\" class=\"ignore-parser\">El Servicio Meteorol\u00f3gico Nacional espera una jornada con buenas condiciones del clima y temperaturas un poco m\u00e1s templadas.<\/h3>\n<section class=\"detail-body first-paragraph\">\n<section id=\"note-body\" class=\"body-content note-body content-protected-false\" data-twitter-link=\"https:\/\/twitter.com\/intent\/tweet?url=https:\/\/www.minutouno.com\/c6271978&amp;v\u00eda=Ambitocom&amp;related=MinutoUno&amp;text=\">\n<p id=\"p-1777433833836-18821\">Luego de dos jornadas consecutivas con\u00a0<strong>fr\u00edo<\/strong>, el\u00a0<strong>\u00c1rea Metropolitana de Buenos Aires (AMBA)<\/strong>\u00a0se prepara para recibir un alivio a las\u00a0<strong>bajas temperaturas pero con buen clima<\/strong>, de acuerdo con el\u00a0<strong>pron\u00f3stico del tiempo del Servicio Meteorol\u00f3gico Nacional (SMN)<\/strong>.<\/p>\n<\/section>\n<\/section>\n<section class=\"detail-body second-paragraph\">\n<section class=\"body-content note-body content-protected-false\">\n<p id=\"p-1777433819154-36307\">De esta manera, para la continuidad de la semana, el organismo espera\u00a0<strong>un peque\u00f1o ascenso t\u00e9rmico este mi\u00e9rcoles<\/strong>, que comenzar\u00e1 con cielo nublado por la ma\u00f1ana, pasado a entre algo y ligeramente nublado despu\u00e9s de la tarde. El term\u00f3metro se estima m\u00e1s c\u00e1lido, entre 12 y 22 grados.<\/p>\n<section class=\"detail-body\">\n<section class=\"body-content note-body content-protected-false\">\n<h2 id=\"p-1777433822303-94436\">El pron\u00f3stico del tiempo extendido en el AMBA<\/h2>\n<p id=\"p-1777422455655-27512\">El\u00a0<strong>jueves marcar\u00e1 el regreso de la amplitud t\u00e9rmica, por la que el SMN prev\u00e9 que tenga una ma\u00f1ana y noche muy frescas<\/strong>, pero con mediod\u00eda y tarde templadas. Se espera cielo algo nublado durante el d\u00eda y despejado hacia la noche; con una\u00a0<strong>temperatura m\u00ednima otra vez de un d\u00edgito, con 7 grados<\/strong>; pero trepando hasta 22 de m\u00e1xima.<\/p>\n<\/section>\n<\/section>\n<section class=\"detail-body\">\n<section class=\"body-content note-body content-protected-false\">\n<p id=\"p-1777422535926-86800\">Para el\u00a0<strong>viernes feriado por el D\u00eda del Trabajador<\/strong>, el organismo nacional prev\u00e9 cielo parcialmente nublado en la madrugada y ma\u00f1ana, pasando a mayormente nublado en la tarde y noche; junto con temperaturas de entre 11 y 23 grados.<\/p>\n<\/section>\n<\/section>\n<section class=\"detail-body\">\n<section class=\"body-content note-body content-protected-false\">\n<p id=\"p-1777422584342-27847\">El\u00a0<strong>s\u00e1bado<\/strong>\u00a0se anticipa todav\u00eda templado, con cielo parcialmente nublado durante toda la jornada; junto a una m\u00ednima de 12 grados y una m\u00e1xima de 18.<\/p>\n<p id=\"p-1777422618710-78036\">Sin embargo, cerrando el fin de semana, el\u00a0<strong>domingo se presentar\u00eda otra vez con fr\u00edo<\/strong>. Con cielo ligeramente nublado en la madrugada y ma\u00f1ana y parcialmente nublado en la tarde y noche; la temperatura rondar\u00e1 entre 7 grados de m\u00ednima y 19 de m\u00e1xima.<\/p>\n<\/section>\n<\/section>\n<\/section>\n<\/section>\n<\/div>\n","protected":false},"excerpt":{"rendered":"<p>El Servicio Meteorol\u00f3gico Nacional espera una jornada con buenas condiciones del clima y temperaturas un&#8230;<\/p>\n","protected":false},"author":1,"featured_media":2639,"comment_status":"closed","ping_status":"closed","sticky":false,"template":"","format":"standard","meta":{"_jetpack_memberships_contains_paid_content":false,"footnotes":"","jetpack_publicize_message":"","jetpack_publicize_feature_enabled":true,"jetpack_social_post_already_shared":true,"jetpack_social_options":{"image_generator_settings":{"template":"highway","default_image_id":0,"font":"","enabled":false},"version":2}},"categories":[4],"tags":[23,15,494,17,20],"class_list":["post-2638","post","type-post","status-publish","format-standard","has-post-thumbnail","hentry","category-sociedad","tag-buenos-aires","tag-clima","tag-frio","tag-pronostico-del-tiempo-2","tag-servicio-meteorologico-nacional"],"aioseo_notices":[],"jetpack_publicize_connections":[],"jetpack_featured_media_url":"https:\/\/www.noticiasbrown.com\/wp-content\/uploads\/2026\/04\/clima-buenos-aires.webp","jetpack_sharing_enabled":true,"_links":{"self":[{"href":"https:\/\/www.noticiasbrown.com\/index.php?rest_route=\/wp\/v2\/posts\/2638","targetHints":{"allow":["GET"]}}],"collection":[{"href":"https:\/\/www.noticiasbrown.com\/index.php?rest_route=\/wp\/v2\/posts"}],"about":[{"href":"https:\/\/www.noticiasbrown.com\/index.php?rest_route=\/wp\/v2\/types\/post"}],"author":[{"embeddable":true,"href":"https:\/\/www.noticiasbrown.com\/index.php?rest_route=\/wp\/v2\/users\/1"}],"replies":[{"embeddable":true,"href":"https:\/\/www.noticiasbrown.com\/index.php?rest_route=%2Fwp%2Fv2%2Fcomments&post=2638"}],"version-history":[{"count":1,"href":"https:\/\/www.noticiasbrown.com\/index.php?rest_route=\/wp\/v2\/posts\/2638\/revisions"}],"predecessor-version":[{"id":2640,"href":"https:\/\/www.noticiasbrown.com\/index.php?rest_route=\/wp\/v2\/posts\/2638\/revisions\/2640"}],"wp:featuredmedia":[{"embeddable":true,"href":"https:\/\/www.noticiasbrown.com\/index.php?rest_route=\/wp\/v2\/media\/2639"}],"wp:attachment":[{"href":"https:\/\/www.noticiasbrown.com\/index.php?rest_route=%2Fwp%2Fv2%2Fmedia&parent=2638"}],"wp:term":[{"taxonomy":"category","embeddable":true,"href":"https:\/\/www.noticiasbrown.com\/index.php?rest_route=%2Fwp%2Fv2%2Fcategories&post=2638"},{"taxonomy":"post_tag","embeddable":true,"href":"https:\/\/www.noticiasbrown.com\/index.php?rest_route=%2Fwp%2Fv2%2Ftags&post=2638"}],"curies":[{"name":"wp","href":"https:\/\/api.w.org\/{rel}","templated":true}]}}