{"id":2629,"date":"2026-04-28T08:25:21","date_gmt":"2026-04-28T11:25:21","guid":{"rendered":"https:\/\/www.noticiasbrown.com\/?p=2629"},"modified":"2026-04-28T08:25:21","modified_gmt":"2026-04-28T11:25:21","slug":"el-gobierno-define-su-estrategia-para-respaldar-a-manuel-adorni-en-el-congreso","status":"publish","type":"post","link":"https:\/\/www.noticiasbrown.com\/?p=2629","title":{"rendered":"El Gobierno define su estrategia para respaldar a Manuel Adorni en el Congreso"},"content":{"rendered":"<div class=\"detail-header-wrapper\">\n<h3 id=\"p-1777332129863-55035\" class=\"ignore-parser\">La mesa pol\u00edtica se reuni\u00f3 en Casa Rosada para coordinar la exposici\u00f3n del jefe de Gabinete, en medio de la investigaci\u00f3n judicial en su contra por enriquecimiento il\u00edcito.<\/h3>\n<section class=\"detail-body first-paragraph\">\n<section id=\"note-body\" class=\"body-content note-body content-protected-false\" data-twitter-link=\"https:\/\/twitter.com\/intent\/tweet?url=https:\/\/www.minutouno.com\/c6271486&amp;v\u00eda=Ambitocom&amp;related=MinutoUno&amp;text=\">\n<p id=\"p-1777333020774-90870\" data-start=\"0\" data-end=\"291\" data-is-last-node=\"\" data-is-only-node=\"\">La mesa pol\u00edtica del Gobierno se reuni\u00f3 en la Casa Rosada para definir la estrategia legislativa y coordinar la presentaci\u00f3n del informe de gesti\u00f3n que Manuel Adorni dar\u00e1 en la C\u00e1mara de Diputados, en plena pol\u00e9mica por su situaci\u00f3n judicial.<\/p>\n<\/section>\n<\/section>\n<section class=\"detail-body second-paragraph\">\n<section class=\"body-content note-body content-protected-false\">\n<p id=\"p-1777332962252-90422\" data-start=\"0\" data-end=\"332\"><span id=\"saysCMSEmphasis109me4powcv\" class=\"saysCMSEmphasis\">El encuentro, que se extendi\u00f3 por unas dos horas, tuvo como eje principal la presentaci\u00f3n del jefe de Gabinete en el Congreso. Seg\u00fan trascendi\u00f3, el oficialismo buscar\u00e1 mostrar un fuerte respaldo pol\u00edtico con la presencia del presidente Javier Milei, la secretaria general Karina Milei y parte del Gabinete, entre ellos Federico Sturzenegger, Alejandra Monteoliva y Sandra Pettovello.<\/span><\/p>\n<section class=\"detail-body\">\n<section class=\"body-content note-body content-protected-false\">\n<p id=\"p-1777332911971-1195\" data-start=\"833\" data-end=\"1203\"><strong>Adorni deber\u00e1 responder unas 2100 preguntas, seleccionadas entre m\u00e1s de 4000, de las cuales al menos 66 est\u00e1n vinculadas directamente a la causa judicial que lo investiga.\u00a0<\/strong>Ser\u00e1, adem\u00e1s, su primera aparici\u00f3n p\u00fablica desde su \u00faltima conferencia de prensa en Casa Rosada, hace aproximadamente un mes.<\/p>\n<\/section>\n<\/section>\n<section class=\"detail-body\">\n<section class=\"body-content note-body content-protected-false\">\n<p id=\"p-1777332911971-27758\" data-start=\"1205\" data-end=\"1592\">Desde el oficialismo se\u00f1alaron que\u00a0<strong>la estrategia fue dise\u00f1ada con el asesoramiento de Santiago Caputo<\/strong>, mientras que la Secretar\u00eda de Legal y T\u00e9cnica colabor\u00f3 en la elaboraci\u00f3n de las respuestas vinculadas a la gesti\u00f3n. En paralelo, la bancada de La Libertad Avanza anticipa una defensa activa del jefe de Gabinete, en un clima que se prev\u00e9 tenso dentro del recinto.<\/p>\n<\/section>\n<\/section>\n<section class=\"detail-body\">\n<section class=\"body-content note-body content-protected-false\">\n<p id=\"p-1777332911971-55464\" data-start=\"1594\" data-end=\"2041\">M\u00e1s all\u00e1 de la presentaci\u00f3n del informe de gesti\u00f3n, la reuni\u00f3n tambi\u00e9n abord\u00f3 el estado de la agenda legislativa. Entre los proyectos prioritarios aparece la reforma electoral impulsada por el Gobierno, que incluye la eliminaci\u00f3n de las PASO, la iniciativa de Ficha Limpia y cambios en el financiamiento de los partidos pol\u00edticos.<\/p>\n<\/section>\n<\/section>\n<section class=\"detail-body\">\n<section class=\"body-content note-body content-protected-false\">\n<p id=\"p-1777333182856-38148\" data-start=\"1594\" data-end=\"2041\">En el oficialismo reconocen que su aprobaci\u00f3n ser\u00e1 compleja, debido a resistencias tanto en la oposici\u00f3n como en bloques aliados. Ante ese escenario, no se descarta avanzar con alternativas, como una eventual suspensi\u00f3n de las primarias, en caso de no reunir los votos necesarios para una modificaci\u00f3n estructural del sistema.<\/p>\n<p id=\"p-1777332911971-64970\" data-start=\"2241\" data-end=\"2579\"><span id=\"saysCMSEmphasissixi6phcgea\" class=\"saysCMSEmphasis\">El Gobierno tambi\u00e9n enfrenta otros frentes legislativos sensibles, como la implementaci\u00f3n de la ley de financiamiento universitario y la normativa sobre discapacidad.<\/span>\u00a0En ambos casos, el Ejecutivo apel\u00f3 fallos judiciales que lo obligaban a aplicar las leyes sancionadas, mientras impulsa proyectos propios para modificar su impacto fiscal.<\/p>\n<p id=\"p-1777332911971-34734\" data-start=\"2581\" data-end=\"2952\">En este contexto, en la Casa Rosada reconocen dificultades para construir mayor\u00edas en el Congreso y eval\u00faan priorizar iniciativas de menor conflictividad, como la denominada\u00a0<strong>&#8220;Ley Hojarasca&#8221;<\/strong>, orientada a derogar normas consideradas obsoletas, y proyectos vinculados a la protecci\u00f3n de la propiedad privada, adem\u00e1s de avanzar con pliegos judiciales pendientes en el Senado.<\/p>\n<\/section>\n<\/section>\n<\/section>\n<\/section>\n<\/div>\n","protected":false},"excerpt":{"rendered":"<p>La mesa pol\u00edtica se reuni\u00f3 en Casa Rosada para coordinar la exposici\u00f3n del jefe de&#8230;<\/p>\n","protected":false},"author":1,"featured_media":2630,"comment_status":"closed","ping_status":"closed","sticky":false,"template":"","format":"standard","meta":{"_jetpack_memberships_contains_paid_content":false,"footnotes":"","jetpack_publicize_message":"","jetpack_publicize_feature_enabled":true,"jetpack_social_post_already_shared":true,"jetpack_social_options":{"image_generator_settings":{"template":"highway","default_image_id":0,"font":"","enabled":false},"version":2}},"categories":[3],"tags":[61,102,156],"class_list":["post-2629","post","type-post","status-publish","format-standard","has-post-thumbnail","hentry","category-politica","tag-congreso","tag-gobierno","tag-manuel-adorni"],"aioseo_notices":[],"jetpack_publicize_connections":[],"jetpack_featured_media_url":"https:\/\/www.noticiasbrown.com\/wp-content\/uploads\/2026\/04\/mesa-politica-manuel-adorni.webp","jetpack_sharing_enabled":true,"_links":{"self":[{"href":"https:\/\/www.noticiasbrown.com\/index.php?rest_route=\/wp\/v2\/posts\/2629","targetHints":{"allow":["GET"]}}],"collection":[{"href":"https:\/\/www.noticiasbrown.com\/index.php?rest_route=\/wp\/v2\/posts"}],"about":[{"href":"https:\/\/www.noticiasbrown.com\/index.php?rest_route=\/wp\/v2\/types\/post"}],"author":[{"embeddable":true,"href":"https:\/\/www.noticiasbrown.com\/index.php?rest_route=\/wp\/v2\/users\/1"}],"replies":[{"embeddable":true,"href":"https:\/\/www.noticiasbrown.com\/index.php?rest_route=%2Fwp%2Fv2%2Fcomments&post=2629"}],"version-history":[{"count":1,"href":"https:\/\/www.noticiasbrown.com\/index.php?rest_route=\/wp\/v2\/posts\/2629\/revisions"}],"predecessor-version":[{"id":2631,"href":"https:\/\/www.noticiasbrown.com\/index.php?rest_route=\/wp\/v2\/posts\/2629\/revisions\/2631"}],"wp:featuredmedia":[{"embeddable":true,"href":"https:\/\/www.noticiasbrown.com\/index.php?rest_route=\/wp\/v2\/media\/2630"}],"wp:attachment":[{"href":"https:\/\/www.noticiasbrown.com\/index.php?rest_route=%2Fwp%2Fv2%2Fmedia&parent=2629"}],"wp:term":[{"taxonomy":"category","embeddable":true,"href":"https:\/\/www.noticiasbrown.com\/index.php?rest_route=%2Fwp%2Fv2%2Fcategories&post=2629"},{"taxonomy":"post_tag","embeddable":true,"href":"https:\/\/www.noticiasbrown.com\/index.php?rest_route=%2Fwp%2Fv2%2Ftags&post=2629"}],"curies":[{"name":"wp","href":"https:\/\/api.w.org\/{rel}","templated":true}]}}