{"id":2626,"date":"2026-04-28T08:23:47","date_gmt":"2026-04-28T11:23:47","guid":{"rendered":"https:\/\/www.noticiasbrown.com\/?p=2626"},"modified":"2026-04-28T08:23:47","modified_gmt":"2026-04-28T11:23:47","slug":"con-un-discurso-repetido-javier-milei-nego-la-crisis-del-salario-y-el-empleo-lo-peor-ya-paso","status":"publish","type":"post","link":"https:\/\/www.noticiasbrown.com\/?p=2626","title":{"rendered":"Con un discurso repetido, Javier Milei neg\u00f3 la crisis del salario y el empleo: &#8220;Lo peor ya pas\u00f3&#8221;"},"content":{"rendered":"<div class=\"detail-header-wrapper\">\n<h3 id=\"p-1777342327423-29688\" class=\"ignore-parser\">&#8220;Al que peor le fue con esta econom\u00eda en t\u00e9rminos reales es a m\u00ed&#8221;, argument\u00f3 el mandatario en su exposici\u00f3n en la Fundaci\u00f3n Libertad.<\/h3>\n<section class=\"detail-body first-paragraph\">\n<section id=\"note-body\" class=\"body-content note-body content-protected-false\" data-twitter-link=\"https:\/\/twitter.com\/intent\/tweet?url=https:\/\/www.minutouno.com\/c6271514&amp;v\u00eda=Ambitocom&amp;related=MinutoUno&amp;text=\">\n<p id=\"p-1777342328881-70332\" data-path-to-node=\"0\">Durante su\u00a0exposici\u00f3n en la\u00a0<strong>Fundaci\u00f3n Libertad<\/strong>, el presidente\u00a0<strong>Javier Milei<\/strong>\u00a0realiz\u00f3 un exhaustivo repaso de su gesti\u00f3n econ\u00f3mica, signado por una fuerte defensa de su programa y la ratificaci\u00f3n de un rumbo que calific\u00f3 como &#8220;ortodoxo&#8221;, negando varias de las cifras que exponen los problemas econ\u00f3micos del pa\u00eds.<\/p>\n<\/section>\n<\/section>\n<section class=\"detail-body second-paragraph\">\n<section class=\"body-content note-body content-protected-false\">\n<p id=\"p-1777342375289-81258\" data-path-to-node=\"0\">Con un discurso combativo, el mandatario apel\u00f3 a una frase que ya se ha vuelto recurrente en sus intervenciones:\u00a0<strong data-path-to-node=\"0\" data-index-in-node=\"348\">&#8220;Lo peor ya pas\u00f3&#8221;<\/strong>, asegurando que los \u00edndices negativos son un arrastre de la pol\u00edtica anterior y que la recuperaci\u00f3n ya es visible.<\/p>\n<section class=\"detail-body\">\n<section class=\"body-content note-body content-protected-false\">\n<p id=\"p-1777342762743-14045\" data-path-to-node=\"0\">El libertadio hab\u00eda inicido su disertaci\u00f3n repudiando el ataque a su par Donald Trump en Estados Unidos, adjudicando el presunto intento de magnicidio a &#8220;la izquierda&#8221;.<\/p>\n<\/section>\n<\/section>\n<section class=\"detail-body\">\n<section class=\"body-content note-body content-protected-false\">\n<div id=\"8217088-Libre-1875594554_wrap\" class=\"embed_cont type_imagen\" contenteditable=\"false\">\n<div id=\"8217088-Libre-1875594554_content\" class=\"embed_content\"><img loading=\"lazy\" decoding=\"async\" id=\"8217088-Libre-1875594554_embed\" title=\"Javier Milei en la Fundaci\u00f3n Libertad.\" src=\"https:\/\/media.minutouno.com\/p\/10fab07e8265542d735d58ea92ffbf78\/adjuntos\/150\/imagenes\/043\/332\/0043332320\/milei-fundacion-libertad.jpg?2026-04-27-23-22-21\" alt=\"Javier Milei en la Fundaci\u00f3n Libertad.\" width=\"610\" height=\"407\" data-td-src-property=\"https:\/\/media.minutouno.com\/p\/10fab07e8265542d735d58ea92ffbf78\/adjuntos\/150\/imagenes\/043\/332\/0043332320\/milei-fundacion-libertad.jpg?2026-04-27-23-22-21\" \/><\/div>\n<div id=\"p-1777343999239-2770\" class=\"embed_wrapper-cont\">\n<div id=\"8217088-Libre-1875594554_epigrafe\" class=\"embed_epigrafe\">\n<p id=\"p-1777343999239-44145\">Javier Milei en la Fundaci\u00f3n Libertad.<\/p>\n<\/div>\n<\/div>\n<\/div>\n<\/section>\n<\/section>\n<section class=\"detail-body\">\n<section class=\"body-content note-body content-protected-false\">\n<p id=\"p-1777342419695-62143\" data-path-to-node=\"0\">\n<h2 id=\"p-1777342328881-28721\">&#8220;Lo peor ya pas\u00f3&#8221;: el diagn\u00f3stico de Javier Milei frente a la crisis<\/h2>\n<p id=\"p-1777342328881-80086\" data-path-to-node=\"2\">Milei sostuvo que, tras un freno en seco de la actividad durante los \u00faltimos seis meses, la econom\u00eda ha comenzado a &#8220;reconstituirse&#8221;. Seg\u00fan su visi\u00f3n, el mes de marzo habr\u00eda marcado el piso de la crisis para dar paso a un abril con signos de alivio.<\/p>\n<p id=\"p-1777342328881-99878\" data-path-to-node=\"3,0,0\">El Presidente insisti\u00f3 en que no se apartar\u00e1 de su plan econ\u00f3mico pese a lo que llam\u00f3 &#8220;ataques violentos de la pol\u00edtica&#8221;. Lleg\u00f3 a afirmar que, seg\u00fan su an\u00e1lisis, encabeza\u00a0<strong data-path-to-node=\"3,1,0\" data-index-in-node=\"73\">&#8220;el mejor gobierno de la historia&#8221;<\/strong>, bas\u00e1ndose en que el programa financiero no pudo ser derribado por la oposici\u00f3n.<\/p>\n<p id=\"p-1777342475372-83738\" data-path-to-node=\"3,0,0\">\n<h2 id=\"p-1777342328881-12766\">Negaci\u00f3n de la ca\u00edda del salario y el empleo<\/h2>\n<p id=\"p-1777342328881-3730\" data-path-to-node=\"6\">Uno de los puntos m\u00e1s controvertidos del discurso de Milei fue la negaci\u00f3n de la destrucci\u00f3n de puestos de trabajo y el desplome del poder adquisitivo, a pesar de que diversas mediciones privadas y oficiales muestran cifras en contra.<\/p>\n<p id=\"p-1777342328881-59617\" data-path-to-node=\"7,0,0\">De esta manera, el libertario argument\u00f3 que es &#8220;mentira&#8221; que se pierdan empleos, aunque reconoci\u00f3 que el crecimiento se da exclusivamente en el sector informal (no registrado). Adem\u00e1s, Afirm\u00f3 que los \u00fanicos salarios que caen en t\u00e9rminos reales son los del sector p\u00fablico, utiliz\u00e1ndose a s\u00ed mismo como ejemplo al decir que es el presidente que menos gana en Am\u00e9rica Latina.<\/p>\n<p id=\"p-1777342543856-3699\" data-path-to-node=\"7,0,0\">\u201c<strong>\u00bfSaben al que peor le fue con esta econom\u00eda en t\u00e9rminos reales? A mi, que fui el \u00fanico que no se subi\u00f3 el sueldo<\/strong>. De hecho, soy el presidente que menos gana en Am\u00e9rica&#8221;, argument\u00f3 el Presidente que pidi\u00f3 a sus seguidores &#8220;no dejarse psicopatear&#8221; por los discursos de la oposici\u00f3n, a los que tild\u00f3 de mentirosos.<\/p>\n<div id=\"8217110-1070377797_wrap\" class=\"embed_cont type_video\" contenteditable=\"false\">\n<div id=\"8217110-1070377797_content\" class=\"embed_content\">\n<div id=\"8217110-1070377797_embed\">\n<div id=\"mediaPlayer_8217110-1070377797\"><iframe loading=\"lazy\" src=\"https:\/\/www.minutouno.com\/services\/embed.php?idAdjunto=8217110&amp;idAdjuntoTamano=&amp;width=622&amp;height=351&amp;tipo=video\" width=\"622\" height=\"351\" frameborder=\"0\" scrolling=\"no\" allowfullscreen=\"allowfullscreen\" data-td-src-property=\"https:\/\/www.minutouno.com\/services\/embed.php?idAdjunto=8217110&amp;idAdjuntoTamano=&amp;width=622&amp;height=351&amp;tipo=video\" data-mce-fragment=\"1\"><\/iframe><\/div>\n<\/div>\n<\/div>\n<div class=\"embed_wrapper-cont\"><\/div>\n<\/div>\n<p>&nbsp;<\/p>\n<h2 id=\"p-1777342328881-88194\">Consumo en &#8220;pico hist\u00f3rico&#8221; seg\u00fan Javier Milei<\/h2>\n<p id=\"p-1777342328881-71016\" data-path-to-node=\"10\">En otro tramo de su discurso, el jefe de Estado desafi\u00f3 las estad\u00edsticas que muestran una fuerte baja en el consumo masivo. Sostuvo que el consumo est\u00e1 en un\u00a0<strong data-path-to-node=\"10\" data-index-in-node=\"158\">&#8220;pico hist\u00f3rico&#8221;<\/strong>\u00a0pero que ha cambiado su fisonom\u00eda y sugiri\u00f3 mirar los balances de plataformas digitales como\u00a0<strong data-path-to-node=\"11,0,0\" data-index-in-node=\"82\">Mercado Libre<\/strong>\u00a0para entender que la gente no ha dejado de comprar, sino que lo hace de otra manera.<\/p>\n<p id=\"p-1777342328881-92292\" data-path-to-node=\"11,1,0\">En tanto, Milei tild\u00f3 de &#8220;otra mentira&#8221; la teor\u00eda del atraso del d\u00f3lar. Pronostic\u00f3 un &#8220;shock exportador&#8221; que har\u00e1 que los d\u00f3lares &#8220;salgan por las orejas&#8221;, provocando una apreciaci\u00f3n natural de la moneda por confianza y no por intervenci\u00f3n.<\/p>\n<p id=\"p-1777342641355-73776\" data-path-to-node=\"11,1,0\">Finlamente, y fiel a su estilo directo, el mandatario volvi\u00f3 a cargar contra grandes empresarios industriales, mencionando t\u00e1citamente a referentes como Javier Madanes Quintanilla (FATE) y Paolo Rocca (Techint). Cuestion\u00f3 por qu\u00e9 los argentinos deber\u00edan pagar neum\u00e1ticos o tubos de acero m\u00e1s caros para beneficiar a &#8220;corruptos ineficientes&#8221;.<\/p>\n<\/section>\n<\/section>\n<\/section>\n<\/section>\n<\/div>\n","protected":false},"excerpt":{"rendered":"<p>&#8220;Al que peor le fue con esta econom\u00eda en t\u00e9rminos reales es a m\u00ed&#8221;, argument\u00f3&#8230;<\/p>\n","protected":false},"author":1,"featured_media":2627,"comment_status":"closed","ping_status":"closed","sticky":false,"template":"","format":"standard","meta":{"_jetpack_memberships_contains_paid_content":false,"footnotes":"","jetpack_publicize_message":"","jetpack_publicize_feature_enabled":true,"jetpack_social_post_already_shared":true,"jetpack_social_options":{"image_generator_settings":{"template":"highway","default_image_id":0,"font":"","enabled":false},"version":2}},"categories":[3],"tags":[511,356,35,29],"class_list":["post-2626","post","type-post","status-publish","format-standard","has-post-thumbnail","hentry","category-politica","tag-consumo","tag-empleo","tag-javier-milei","tag-salarios"],"aioseo_notices":[],"jetpack_publicize_connections":[],"jetpack_featured_media_url":"https:\/\/www.noticiasbrown.com\/wp-content\/uploads\/2026\/04\/javier-milei-fundacion-libertad.webp","jetpack_sharing_enabled":true,"_links":{"self":[{"href":"https:\/\/www.noticiasbrown.com\/index.php?rest_route=\/wp\/v2\/posts\/2626","targetHints":{"allow":["GET"]}}],"collection":[{"href":"https:\/\/www.noticiasbrown.com\/index.php?rest_route=\/wp\/v2\/posts"}],"about":[{"href":"https:\/\/www.noticiasbrown.com\/index.php?rest_route=\/wp\/v2\/types\/post"}],"author":[{"embeddable":true,"href":"https:\/\/www.noticiasbrown.com\/index.php?rest_route=\/wp\/v2\/users\/1"}],"replies":[{"embeddable":true,"href":"https:\/\/www.noticiasbrown.com\/index.php?rest_route=%2Fwp%2Fv2%2Fcomments&post=2626"}],"version-history":[{"count":1,"href":"https:\/\/www.noticiasbrown.com\/index.php?rest_route=\/wp\/v2\/posts\/2626\/revisions"}],"predecessor-version":[{"id":2628,"href":"https:\/\/www.noticiasbrown.com\/index.php?rest_route=\/wp\/v2\/posts\/2626\/revisions\/2628"}],"wp:featuredmedia":[{"embeddable":true,"href":"https:\/\/www.noticiasbrown.com\/index.php?rest_route=\/wp\/v2\/media\/2627"}],"wp:attachment":[{"href":"https:\/\/www.noticiasbrown.com\/index.php?rest_route=%2Fwp%2Fv2%2Fmedia&parent=2626"}],"wp:term":[{"taxonomy":"category","embeddable":true,"href":"https:\/\/www.noticiasbrown.com\/index.php?rest_route=%2Fwp%2Fv2%2Fcategories&post=2626"},{"taxonomy":"post_tag","embeddable":true,"href":"https:\/\/www.noticiasbrown.com\/index.php?rest_route=%2Fwp%2Fv2%2Ftags&post=2626"}],"curies":[{"name":"wp","href":"https:\/\/api.w.org\/{rel}","templated":true}]}}