{"id":2623,"date":"2026-04-28T08:21:50","date_gmt":"2026-04-28T11:21:50","guid":{"rendered":"https:\/\/www.noticiasbrown.com\/?p=2623"},"modified":"2026-04-28T08:21:50","modified_gmt":"2026-04-28T11:21:50","slug":"colectivos-del-amba-declararon-la-emergencia-por-el-aumento-del-gasoil-podrian-bajar-la-frecuencia","status":"publish","type":"post","link":"https:\/\/www.noticiasbrown.com\/?p=2623","title":{"rendered":"Colectivos del AMBA declararon la emergencia por el aumento del gasoil: podr\u00edan bajar la frecuencia"},"content":{"rendered":"<div class=\"detail-header-wrapper\">\n<h3 id=\"p-1777334211908-54762\" class=\"ignore-parser\">Las c\u00e1maras del sector insistieron en la falta de respuesta del Gobierno nacional sobre qui\u00e9n absorber\u00e1 el aumento de los costos del gasoil y otros insumos.<\/h3>\n<section class=\"detail-body first-paragraph\">\n<section id=\"note-body\" class=\"body-content note-body content-protected-false\" data-twitter-link=\"https:\/\/twitter.com\/intent\/tweet?url=https:\/\/www.minutouno.com\/c6271488&amp;v\u00eda=Ambitocom&amp;related=MinutoUno&amp;text=\">\n<p id=\"p-1777334215671-9702\">Las\u00a0<strong>c\u00e1maras empresarias de transporte de pasajeros para el \u00c1rea Metropolitana de Buenos Aires (AMBA) volvieron a reclamar esta semana una respuesta por parte del Gobierno nacional\u00a0<\/strong>y de las autoridades de la provincia de Buenos Aires con respecto a la financiaci\u00f3n de los servicios de\u00a0<strong>colectivos<\/strong>\u00a0urbanos y\u00a0<strong>amenazaron con bajar la frecuencia en la v\u00edspera\u00a0del feriado por el 1 de Mayo.<\/strong><\/p>\n<\/section>\n<\/section>\n<section class=\"detail-body second-paragraph\">\n<section class=\"body-content note-body content-protected-false\">\n<p id=\"p-1777334215671-23856\">En un comunicado oficial, los representantes de las c\u00e1maras del transporte afirmaron que &#8220;habiendo transcurrido un plazo m\u00e1s que razonable desde la implementaci\u00f3n de medidas de racionalizaci\u00f3n de los servicios,\u00a0<strong>el sector contin\u00faa sin recibir definiciones concretas por parte del Estado Nacional ni de la Provincia de Buenos Aires respecto de c\u00f3mo se afrontar\u00e1n los mayores costos derivados del incremento del precio del gasoil y del resto de los costos operativos<\/strong>&#8220;.<\/p>\n<section class=\"detail-body\">\n<section class=\"body-content note-body content-protected-false\">\n<p id=\"p-1777334215671-69568\">&#8220;Esta falta de respuestas se verifica pese a los esfuerzos realizados, tanto por las autoridades\u00a0<strong>en avanzar con la cancelaci\u00f3n parcial de deudas en concepto de compensaciones, (a la fecha se adeudan m\u00e1s de 128 mil millones de pesos) como por el propio sector empresario, que ha sostenido la prestaci\u00f3n mediante un significativo esfuerzo financiero<\/strong>\u00a0y operativo&#8221;, se\u00f1alaron.<\/p>\n<\/section>\n<\/section>\n<section class=\"detail-body\">\n<section class=\"body-content note-body content-protected-false\">\n<div id=\"8217065-Libre-387360679_wrap\" class=\"embed_cont type_imagen\" contenteditable=\"false\">\n<div id=\"8217065-Libre-387360679_content\" class=\"embed_content\"><img decoding=\"async\" id=\"8217065-Libre-387360679_embed\" title=\"Alerta por la frecuencia de colectivos en el AMBA.\" src=\"https:\/\/media.minutouno.com\/p\/7ce34c33d5c5c3dfe87c20f2912faa59\/adjuntos\/150\/imagenes\/043\/332\/0043332150\/610x0\/smart\/camaras-colectivos.jpg\" alt=\"Alerta por la frecuencia de colectivos en el AMBA.\" width=\"610\" height=\"undefined\" data-td-src-property=\"https:\/\/media.minutouno.com\/p\/7ce34c33d5c5c3dfe87c20f2912faa59\/adjuntos\/150\/imagenes\/043\/332\/0043332150\/610x0\/smart\/camaras-colectivos.jpg\" \/><\/div>\n<div id=\"p-1777334261340-30271\" class=\"embed_wrapper-cont\">\n<div id=\"8217065-Libre-387360679_epigrafe\" class=\"embed_epigrafe\">\n<p id=\"p-1777334932157-38208\">Alerta por la frecuencia de colectivos en el AMBA.<\/p>\n<\/div>\n<\/div>\n<\/div>\n<p id=\"p-1777334256407-9165\">\n<\/section>\n<\/section>\n<section class=\"detail-body\">\n<section class=\"body-content note-body content-protected-false\">\n<p id=\"p-1777334215671-53231\">Adem\u00e1s qued\u00f3 confirmado que<strong>\u00a0habr\u00e1 una reuni\u00f3n este jueves, 30 de abril, entre las c\u00e1maras y el Gobierno nacional<\/strong>, tras haber agotado &#8220;m\u00faltiples instancias de di\u00e1logo en las que no s\u00f3lo se expuso la gravedad de la situaci\u00f3n sino que tambi\u00e9n se acercaron propuestas concretas orientadas a eficientizar el sistema&#8221;.<\/p>\n<\/section>\n<\/section>\n<section class=\"detail-body\">\n<section class=\"body-content note-body content-protected-false\">\n<p id=\"p-1777334215671-62576\">&#8220;En este contexto\u00a0<strong>el sector se declara en estado de emergencia<\/strong>\u00a0ante la persistente indefinici\u00f3n respecto de la cobertura de costos esenciales para la prestaci\u00f3n del servicio&#8221;, se\u00f1alaron desde las c\u00e1maras CTPBA, CEAP, CETUBA y CEUTUPBA.<\/p>\n<p id=\"p-1777334215671-37756\">La reuni\u00f3n de este jueves ser\u00e1 en la sede de la Secretar\u00eda de Transporte de la Naci\u00f3n, y las c\u00e1maras esperan recibir &#8220;respuestas concretas, inmediatas y verificables&#8221;, para su reclamo, que acarrean pr\u00e1cticamente desde el inicio de la gesti\u00f3n libertaria.<\/p>\n<p id=\"p-1777334215671-68722\">Como advertencia, las c\u00e1maras comunicaron por escrito que &#8220;<strong>de no mediar definiciones satisfactorias en el corto plazo, se ver\u00e1n en la necesidad de profundizar las medidas de racionalizaci\u00f3n de los servicios, con el inevitable impacto que ello tendr\u00e1 sobre la normal prestaci\u00f3n<\/strong>&#8220;, y reiteraron su pedido de &#8220;que se adopten decisiones urgentes que permitan restablecer condiciones m\u00ednimas de previsibilidad y funcionamiento&#8221;.<\/p>\n<\/section>\n<\/section>\n<\/section>\n<\/section>\n<\/div>\n","protected":false},"excerpt":{"rendered":"<p>Las c\u00e1maras del sector insistieron en la falta de respuesta del Gobierno nacional sobre qui\u00e9n&#8230;<\/p>\n","protected":false},"author":1,"featured_media":2624,"comment_status":"closed","ping_status":"closed","sticky":false,"template":"","format":"standard","meta":{"_jetpack_memberships_contains_paid_content":false,"footnotes":"","jetpack_publicize_message":"","jetpack_publicize_feature_enabled":true,"jetpack_social_post_already_shared":true,"jetpack_social_options":{"image_generator_settings":{"template":"highway","default_image_id":0,"font":"","enabled":false},"version":2}},"categories":[4],"tags":[80,84,97],"class_list":["post-2623","post","type-post","status-publish","format-standard","has-post-thumbnail","hentry","category-sociedad","tag-amba","tag-colectivos","tag-transporte"],"aioseo_notices":[],"jetpack_publicize_connections":[],"jetpack_featured_media_url":"https:\/\/www.noticiasbrown.com\/wp-content\/uploads\/2026\/04\/colectivos-amba.webp","jetpack_sharing_enabled":true,"_links":{"self":[{"href":"https:\/\/www.noticiasbrown.com\/index.php?rest_route=\/wp\/v2\/posts\/2623","targetHints":{"allow":["GET"]}}],"collection":[{"href":"https:\/\/www.noticiasbrown.com\/index.php?rest_route=\/wp\/v2\/posts"}],"about":[{"href":"https:\/\/www.noticiasbrown.com\/index.php?rest_route=\/wp\/v2\/types\/post"}],"author":[{"embeddable":true,"href":"https:\/\/www.noticiasbrown.com\/index.php?rest_route=\/wp\/v2\/users\/1"}],"replies":[{"embeddable":true,"href":"https:\/\/www.noticiasbrown.com\/index.php?rest_route=%2Fwp%2Fv2%2Fcomments&post=2623"}],"version-history":[{"count":1,"href":"https:\/\/www.noticiasbrown.com\/index.php?rest_route=\/wp\/v2\/posts\/2623\/revisions"}],"predecessor-version":[{"id":2625,"href":"https:\/\/www.noticiasbrown.com\/index.php?rest_route=\/wp\/v2\/posts\/2623\/revisions\/2625"}],"wp:featuredmedia":[{"embeddable":true,"href":"https:\/\/www.noticiasbrown.com\/index.php?rest_route=\/wp\/v2\/media\/2624"}],"wp:attachment":[{"href":"https:\/\/www.noticiasbrown.com\/index.php?rest_route=%2Fwp%2Fv2%2Fmedia&parent=2623"}],"wp:term":[{"taxonomy":"category","embeddable":true,"href":"https:\/\/www.noticiasbrown.com\/index.php?rest_route=%2Fwp%2Fv2%2Fcategories&post=2623"},{"taxonomy":"post_tag","embeddable":true,"href":"https:\/\/www.noticiasbrown.com\/index.php?rest_route=%2Fwp%2Fv2%2Ftags&post=2623"}],"curies":[{"name":"wp","href":"https:\/\/api.w.org\/{rel}","templated":true}]}}