{"id":2615,"date":"2026-04-28T08:16:49","date_gmt":"2026-04-28T11:16:49","guid":{"rendered":"https:\/\/www.noticiasbrown.com\/?p=2615"},"modified":"2026-04-28T08:16:49","modified_gmt":"2026-04-28T11:16:49","slug":"clima-hoy-en-buenos-aires-el-pronostico-del-tiempo-para-el-martes-28-de-abril","status":"publish","type":"post","link":"https:\/\/www.noticiasbrown.com\/?p=2615","title":{"rendered":"Clima hoy en Buenos Aires: el pron\u00f3stico del tiempo para el martes 28 de abril"},"content":{"rendered":"<div class=\"detail-header-wrapper\">\n<h3 id=\"p-1777347704753-88350\" class=\"ignore-parser\">El Servicio Meteorol\u00f3gico Nacional prev\u00e9 otra jornada con fr\u00edo pero buenas condiciones del clima en el AMBA.<\/h3>\n<section class=\"detail-body first-paragraph\">\n<section id=\"note-body\" class=\"body-content note-body content-protected-false\" data-twitter-link=\"https:\/\/twitter.com\/intent\/tweet?url=https:\/\/www.minutouno.com\/c6271522&amp;v\u00eda=Ambitocom&amp;related=MinutoUno&amp;text=\">\n<p id=\"p-1777347706747-93130\">La semana en el\u00a0<strong>\u00c1rea Metropolitana de Buenos Aires (AMBA)<\/strong>\u00a0arranc\u00f3 con buenas condiciones del\u00a0<strong>clima<\/strong>\u00a0pero con mucho\u00a0<strong>fr\u00edo<\/strong>\u00a0en pleno oto\u00f1o, y se espera que siga as\u00ed a la espera de un alivio, de acuerdo con el\u00a0<strong>pron\u00f3stico del tiempo del Servicio Meteorol\u00f3gico Nacional (SMN)<\/strong>.<\/p>\n<\/section>\n<\/section>\n<section class=\"detail-body second-paragraph\">\n<section class=\"body-content note-body content-protected-false\">\n<p id=\"p-1777347918893-58091\">La tendencia clim\u00e1tica se mantendr\u00eda al menos por una jornada m\u00e1s, seg\u00fan el organismo, en lo que se anticipa como un\u00a0<strong>martes<\/strong>\u00a0con cielo parcialmente nublado y temperaturas estimadas en 8 grados de m\u00ednima y 19 de m\u00e1xima.<\/p>\n<section class=\"detail-body\">\n<section class=\"body-content note-body content-protected-false\">\n<h2 id=\"p-1777347936926-39642\">El pron\u00f3stico del tiempo extendido en el AMBA<\/h2>\n<\/section>\n<\/section>\n<section class=\"detail-body\">\n<section class=\"body-content note-body content-protected-false\">\n<p id=\"p-1777347792086-10138\">El\u00a0<strong>pron\u00f3stico extendido del SMN no tiene probabilidades de precipitacones para los pr\u00f3ximos d\u00edas en Buenos Aires<\/strong>, por lo que adelanta un\u00a0<strong>mi\u00e9rcoles<\/strong>\u00a0con con cielo entre mayor y parcialmente nublado durante el d\u00eda y algo nublado en la noche; junto con temperaturas de entre 12 y 22 grados, sinti\u00e9ndose un repunte.<\/p>\n<p id=\"p-1777325408212-84131\">En cuanto al resto de la semana, el\u00a0<strong>jueves<\/strong>\u00a0se presenta nuevamente con buen clima. El SMN prev\u00e9 cielo algo nublado durante toda la jornada, con otra vez una muy baja temperatura m\u00ednima, estimada en 7 grados; y una m\u00e1xima que subir\u00eda hasta los 22.<\/p>\n<p id=\"p-1777325471889-55840\">El\u00a0<strong>viernes feriado por el D\u00eda del Trabajador<\/strong>\u00a0tambi\u00e9n ser\u00eda con tiempo estable. El organismo nacional pronostica una jornada con cielo parcialmente nublado en la madrugada y ma\u00f1ana, pasando a mayormente nublado en la tarde y noche; y con temperaturas de entre 13 y 22 grados.<\/p>\n<p id=\"p-1777325524607-39294\">El fin de semana, por ahora, tambi\u00e9n tendr\u00eda buenas condiciones, con cielo parciamente nublado y marcas t\u00e9rmicas de entre 12 y 19 grados para el s\u00e1bado; y 8 y 19 para el domingo.<\/p>\n<p>&nbsp;<\/p>\n<\/section>\n<\/section>\n<\/section>\n<\/section>\n<\/div>\n","protected":false},"excerpt":{"rendered":"<p>El Servicio Meteorol\u00f3gico Nacional prev\u00e9 otra jornada con fr\u00edo pero buenas condiciones del clima en&#8230;<\/p>\n","protected":false},"author":1,"featured_media":2616,"comment_status":"closed","ping_status":"closed","sticky":false,"template":"","format":"standard","meta":{"_jetpack_memberships_contains_paid_content":false,"footnotes":"","jetpack_publicize_message":"","jetpack_publicize_feature_enabled":true,"jetpack_social_post_already_shared":true,"jetpack_social_options":{"image_generator_settings":{"template":"highway","default_image_id":0,"font":"","enabled":false},"version":2}},"categories":[4],"tags":[23,15,494,17,20],"class_list":["post-2615","post","type-post","status-publish","format-standard","has-post-thumbnail","hentry","category-sociedad","tag-buenos-aires","tag-clima","tag-frio","tag-pronostico-del-tiempo-2","tag-servicio-meteorologico-nacional"],"aioseo_notices":[],"jetpack_publicize_connections":[],"jetpack_featured_media_url":"https:\/\/www.noticiasbrown.com\/wp-content\/uploads\/2026\/04\/frio-buenos-aires.webp","jetpack_sharing_enabled":true,"_links":{"self":[{"href":"https:\/\/www.noticiasbrown.com\/index.php?rest_route=\/wp\/v2\/posts\/2615","targetHints":{"allow":["GET"]}}],"collection":[{"href":"https:\/\/www.noticiasbrown.com\/index.php?rest_route=\/wp\/v2\/posts"}],"about":[{"href":"https:\/\/www.noticiasbrown.com\/index.php?rest_route=\/wp\/v2\/types\/post"}],"author":[{"embeddable":true,"href":"https:\/\/www.noticiasbrown.com\/index.php?rest_route=\/wp\/v2\/users\/1"}],"replies":[{"embeddable":true,"href":"https:\/\/www.noticiasbrown.com\/index.php?rest_route=%2Fwp%2Fv2%2Fcomments&post=2615"}],"version-history":[{"count":1,"href":"https:\/\/www.noticiasbrown.com\/index.php?rest_route=\/wp\/v2\/posts\/2615\/revisions"}],"predecessor-version":[{"id":2617,"href":"https:\/\/www.noticiasbrown.com\/index.php?rest_route=\/wp\/v2\/posts\/2615\/revisions\/2617"}],"wp:featuredmedia":[{"embeddable":true,"href":"https:\/\/www.noticiasbrown.com\/index.php?rest_route=\/wp\/v2\/media\/2616"}],"wp:attachment":[{"href":"https:\/\/www.noticiasbrown.com\/index.php?rest_route=%2Fwp%2Fv2%2Fmedia&parent=2615"}],"wp:term":[{"taxonomy":"category","embeddable":true,"href":"https:\/\/www.noticiasbrown.com\/index.php?rest_route=%2Fwp%2Fv2%2Fcategories&post=2615"},{"taxonomy":"post_tag","embeddable":true,"href":"https:\/\/www.noticiasbrown.com\/index.php?rest_route=%2Fwp%2Fv2%2Ftags&post=2615"}],"curies":[{"name":"wp","href":"https:\/\/api.w.org\/{rel}","templated":true}]}}