{"id":2609,"date":"2026-04-27T10:40:40","date_gmt":"2026-04-27T13:40:40","guid":{"rendered":"https:\/\/www.noticiasbrown.com\/?p=2609"},"modified":"2026-04-27T08:38:26","modified_gmt":"2026-04-27T11:38:26","slug":"quien-es-carlos-frugoni-el-funcionario-desplazado-tras-no-declarar-por-error-sus-viviendas-en-miami","status":"publish","type":"post","link":"https:\/\/www.noticiasbrown.com\/?p=2609","title":{"rendered":"Qui\u00e9n es Carlos Frugoni, el funcionario desplazado tras no declarar por &#8220;error&#8221; sus viviendas en Miami"},"content":{"rendered":"<div class=\"detail-header-wrapper\">\n<h4 id=\"p-1777254075960-83958\" class=\"ignore-parser\">El Gobierno de Javier Milei contin\u00faa acumulando esc\u00e1ndalos. Este domingo, Luis Caputo le acept\u00f3 la renuncia al ahora exsecretario de Coordinaci\u00f3n de Infraestructura.<\/h4>\n<section class=\"detail-body first-paragraph\">\n<section id=\"note-body\" class=\"body-content note-body content-protected-false\" data-twitter-link=\"https:\/\/twitter.com\/intent\/tweet?url=https:\/\/www.minutouno.com\/c6271098&amp;v\u00eda=Ambitocom&amp;related=MinutoUno&amp;text=\">\n<p id=\"p-1777253925099-95138\" data-path-to-node=\"0\">La trayectoria del ahora exfuncionario\u00a0<strong>Carlos Mar\u00eda Frugoni<\/strong>\u00a0en la gesti\u00f3n p\u00fablica nacional lleg\u00f3 a un abrupto final este domingo\u00a0tras poco m\u00e1s de tres meses en el cargo, en otro de los esc\u00e1ndalos que sacude al Gobierno libertario de Javier Milei.<\/p>\n<\/section>\n<\/section>\n<section class=\"detail-body second-paragraph\">\n<section class=\"body-content note-body content-protected-false\">\n<p id=\"p-1777253955698-13668\" data-path-to-node=\"0\">Su salida del Ministerio de Econom\u00eda, donde se desempe\u00f1aba como\u00a0<strong data-path-to-node=\"0\" data-index-in-node=\"213\">secretario de Coordinaci\u00f3n de Infraestructura<\/strong>, se precipit\u00f3 por la revelaci\u00f3n de un patrimonio no declarado en el exterior que el propio arquitecto calific\u00f3 como un &#8220;error&#8221;.<\/p>\n<section class=\"detail-body\">\n<section class=\"body-content note-body content-protected-false\">\n<p id=\"p-1777247834831-93456\">Mientras la mira sigue puesta en el jefe de Gabinete,\u00a0<strong>Manuel Adorni<\/strong>; este domingo el ministro de Econom\u00eda,\u00a0<strong>Luis Caputo<\/strong>, acept\u00f3 finalmente la renuncia del ahora exsecretario.<\/p>\n<\/section>\n<\/section>\n<section class=\"detail-body\">\n<section class=\"body-content note-body content-protected-false\">\n<div id=\"8216605-Libre-810422397_wrap\" class=\"embed_cont type_imagen\" contenteditable=\"false\">\n<div id=\"8216605-Libre-810422397_content\" class=\"embed_content\"><img decoding=\"async\" id=\"8216605-Libre-810422397_embed\" title=\"Carlos Mar&amp;iacute;a Frugoni, nuevo funcionario desplazado por el Gobierno de Javier Milei.&amp;nbsp;\" src=\"https:\/\/media.minutouno.com\/p\/a409fcc786ccb0ce69093ada7b61ca60\/adjuntos\/150\/imagenes\/043\/329\/0043329537\/610x0\/smart\/carlos-furgoni.jpg\" alt=\"Carlos Mar&amp;iacute;a Frugoni, nuevo funcionario desplazado por el Gobierno de Javier Milei.&amp;nbsp;\" width=\"610\" height=\"undefined\" data-td-src-property=\"https:\/\/media.minutouno.com\/p\/a409fcc786ccb0ce69093ada7b61ca60\/adjuntos\/150\/imagenes\/043\/329\/0043329537\/610x0\/smart\/carlos-furgoni.jpg\" \/><\/div>\n<div id=\"p-1777254167020-80411\" class=\"embed_wrapper-cont\">\n<div id=\"8216605-Libre-810422397_epigrafe\" class=\"embed_epigrafe\">\n<p>Carlos Mar\u00eda Frugoni, nuevo funcionario desplazado por el Gobierno de Javier Milei.<\/p>\n<\/div>\n<\/div>\n<\/div>\n<p id=\"p-1777254158240-19531\">\n<\/section>\n<\/section>\n<section class=\"detail-body\">\n<section class=\"body-content note-body content-protected-false\">\n<h2 id=\"p-1777254155811-75808\" data-path-to-node=\"0\">Qui\u00e9nes Carlos Mar\u00eda Frugoni<\/h2>\n<\/section>\n<\/section>\n<section class=\"detail-body\">\n<section class=\"body-content note-body content-protected-false\">\n<p id=\"p-1777253925099-80489\" data-path-to-node=\"3\">Frugoni es arquitecto de profesi\u00f3n y cuenta con una vasta experiencia de\u00a0<strong data-path-to-node=\"3\" data-index-in-node=\"73\">38 a\u00f1os en el sector<\/strong>. Su carrera se divide en dos grandes etapas:<\/p>\n<ul id=\"p-1777254095871-61624\">\n<li id=\"p-1777253925099-78501\">\n<p id=\"p-1777253925099-88539\" data-path-to-node=\"4,0,0\"><strong data-path-to-node=\"4,0,0\" data-index-in-node=\"0\">Sector Privado:<\/strong>\u00a0En sus inicios fund\u00f3 su propia constructora y luego form\u00f3 parte de diversas empresas internacionales.<\/p>\n<\/li>\n<li id=\"p-1777254075898-98004\" data-path-to-node=\"4,1,0\"><strong data-path-to-node=\"4,1,0\" data-index-in-node=\"0\">\u00a0Gesti\u00f3n en la Ciudad (AUSA):<\/strong>\u00a0Su nombre cobr\u00f3 relevancia durante sus m\u00e1s de 15 a\u00f1os en\u00a0<strong data-path-to-node=\"4,1,0\" data-index-in-node=\"86\">Autopistas Urbanas S.A. (AUSA)<\/strong>, donde lleg\u00f3 a ser presidente y director general. Bajo su gesti\u00f3n se ejecutaron obras clave para la Ciudad de Buenos Aires, como: el\u00a0<strong data-path-to-node=\"4,1,1,0,0\" data-index-in-node=\"3\">Paseo del Bajo<\/strong>\u00a0y los viaductos Mitre y San Mart\u00edn; el sistema de peajes\u00a0<strong data-path-to-node=\"4,1,1,1,0\" data-index-in-node=\"21\">Free Flow<\/strong>\u00a0(sin barreras); el Metrob\u00fas 9 de Julio y la extensi\u00f3n de la Autopista Illia.<\/li>\n<\/ul>\n<h2 id=\"p-1777253925099-25475\">El paso de Carlos Frugoni por el Gobierno Nacional<\/h2>\n<p id=\"p-1777253925099-80696\" data-path-to-node=\"6\">Antes de recalar en el Palacio de Hacienda, Frugoni tuvo un breve paso como director ejecutivo de la\u00a0<strong data-path-to-node=\"6\" data-index-in-node=\"101\">Comisi\u00f3n Nacional de Regulaci\u00f3n del Transporte (CNRT)<\/strong>. En enero de 2026, fue convocado por Caputo para coordinar los proyectos de infraestructura y obra p\u00fablica del pa\u00eds, debido a su perfil de especialista en ejecuci\u00f3n vial y urbana.<\/p>\n<p id=\"p-1777253925099-47579\"><strong data-path-to-node=\"8\" data-index-in-node=\"0\">El esc\u00e1ndalo de los departamentos en Miami:<\/strong><\/p>\n<p id=\"p-1777253925099-78156\" data-path-to-node=\"9\">La ca\u00edda del funcionario se origin\u00f3 al descubrirse que pose\u00eda\u00a0<strong data-path-to-node=\"9\" data-index-in-node=\"62\">siete propiedades en Miami<\/strong>, Estados Unidos, que no figuraban en sus declaraciones juradas ante la\u00a0<strong data-path-to-node=\"9\" data-index-in-node=\"160\">Oficina Anticorrupci\u00f3n (OA)<\/strong>\u00a0ni ante\u00a0<strong data-path-to-node=\"9\" data-index-in-node=\"196\">ARCA<\/strong>\u00a0(ex AFIP).<\/p>\n<p id=\"p-1777253925099-93659\" data-path-to-node=\"10,0,0\">Frugoni admiti\u00f3 la omisi\u00f3n alegando una equivocaci\u00f3n administrativa.\u00a0<span id=\"saysCMSEmphasisisox32oqdj\" class=\"saysCMSEmphasis\">&#8220;Comet\u00ed un error. Estaba rectificando esta situaci\u00f3n porque ahora soy funcionario nacional&#8221;<\/span>, explic\u00f3 al diario\u00a0<em>Clar\u00edn<\/em>.<\/p>\n<p id=\"p-1777253925099-36007\" data-path-to-node=\"10,1,0\"><strong data-path-to-node=\"10,1,0\" data-index-in-node=\"0\">Respecto a su situaci\u00f3n impositiva<\/strong>, el exsecretario reconoci\u00f3 que tributaba por dichos inmuebles en EE. UU., pero que hab\u00eda omitido hacerlo en Argentina, una falta grave para cualquier funcionario p\u00fablico obligado a la transparencia patrimonial.<\/p>\n<\/section>\n<\/section>\n<\/section>\n<\/section>\n<\/div>\n","protected":false},"excerpt":{"rendered":"<p>El Gobierno de Javier Milei contin\u00faa acumulando esc\u00e1ndalos. Este domingo, Luis Caputo le acept\u00f3 la&#8230;<\/p>\n","protected":false},"author":1,"featured_media":2610,"comment_status":"closed","ping_status":"closed","sticky":false,"template":"","format":"standard","meta":{"_jetpack_memberships_contains_paid_content":false,"footnotes":"","jetpack_publicize_message":"","jetpack_publicize_feature_enabled":true,"jetpack_social_post_already_shared":true,"jetpack_social_options":{"image_generator_settings":{"template":"highway","default_image_id":0,"font":"","enabled":false},"version":2}},"categories":[3],"tags":[35,27],"class_list":["post-2609","post","type-post","status-publish","format-standard","has-post-thumbnail","hentry","category-politica","tag-javier-milei","tag-luis-caputo"],"aioseo_notices":[],"jetpack_publicize_connections":[],"jetpack_featured_media_url":"https:\/\/www.noticiasbrown.com\/wp-content\/uploads\/2026\/04\/carlos-frugoni.webp","jetpack_sharing_enabled":true,"_links":{"self":[{"href":"https:\/\/www.noticiasbrown.com\/index.php?rest_route=\/wp\/v2\/posts\/2609","targetHints":{"allow":["GET"]}}],"collection":[{"href":"https:\/\/www.noticiasbrown.com\/index.php?rest_route=\/wp\/v2\/posts"}],"about":[{"href":"https:\/\/www.noticiasbrown.com\/index.php?rest_route=\/wp\/v2\/types\/post"}],"author":[{"embeddable":true,"href":"https:\/\/www.noticiasbrown.com\/index.php?rest_route=\/wp\/v2\/users\/1"}],"replies":[{"embeddable":true,"href":"https:\/\/www.noticiasbrown.com\/index.php?rest_route=%2Fwp%2Fv2%2Fcomments&post=2609"}],"version-history":[{"count":1,"href":"https:\/\/www.noticiasbrown.com\/index.php?rest_route=\/wp\/v2\/posts\/2609\/revisions"}],"predecessor-version":[{"id":2611,"href":"https:\/\/www.noticiasbrown.com\/index.php?rest_route=\/wp\/v2\/posts\/2609\/revisions\/2611"}],"wp:featuredmedia":[{"embeddable":true,"href":"https:\/\/www.noticiasbrown.com\/index.php?rest_route=\/wp\/v2\/media\/2610"}],"wp:attachment":[{"href":"https:\/\/www.noticiasbrown.com\/index.php?rest_route=%2Fwp%2Fv2%2Fmedia&parent=2609"}],"wp:term":[{"taxonomy":"category","embeddable":true,"href":"https:\/\/www.noticiasbrown.com\/index.php?rest_route=%2Fwp%2Fv2%2Fcategories&post=2609"},{"taxonomy":"post_tag","embeddable":true,"href":"https:\/\/www.noticiasbrown.com\/index.php?rest_route=%2Fwp%2Fv2%2Ftags&post=2609"}],"curies":[{"name":"wp","href":"https:\/\/api.w.org\/{rel}","templated":true}]}}