{"id":2606,"date":"2026-04-27T10:20:03","date_gmt":"2026-04-27T13:20:03","guid":{"rendered":"https:\/\/www.noticiasbrown.com\/?p=2606"},"modified":"2026-04-27T08:36:29","modified_gmt":"2026-04-27T11:36:29","slug":"el-comunicado-del-ministerio-de-economia-tras-la-escandalosa-salida-de-carlos-frugoni","status":"publish","type":"post","link":"https:\/\/www.noticiasbrown.com\/?p=2606","title":{"rendered":"El comunicado del Ministerio de Econom\u00eda tras la escandalosa salida de Carlos Frugoni"},"content":{"rendered":"<div class=\"detail-header-wrapper\">\n<h4 id=\"p-1777257078554-94910\" class=\"ignore-parser\">La cartera que conduce Luis Caputo anunci\u00f3 una serie de cambios luego que estallara el esc\u00e1ndalo con uno de sus funcionarios.<\/h4>\n<section class=\"detail-body first-paragraph\">\n<section id=\"note-body\" class=\"body-content note-body content-protected-false\" data-twitter-link=\"https:\/\/twitter.com\/intent\/tweet?url=https:\/\/www.minutouno.com\/c6271119&amp;v\u00eda=Ambitocom&amp;related=MinutoUno&amp;text=\">\n<p id=\"p-1777257080533-43084\" data-path-to-node=\"0\">El\u00a0<strong data-path-to-node=\"0\" data-index-in-node=\"3\">Ministerio de Econom\u00eda<\/strong>\u00a0que encabeza\u00a0<strong>Luis Caputo<\/strong>\u00a0oficializ\u00f3 la reestructuraci\u00f3n en su gabinete tras la salida de\u00a0<strong data-path-to-node=\"0\" data-index-in-node=\"102\">Carlos Mar\u00eda Frugoni<\/strong>, quien present\u00f3 su renuncia este domingo al cargo de secretario de Coordinaci\u00f3n de Infraestructura luego de quedar involucrado en un esc\u00e1ndalo.<\/p>\n<\/section>\n<\/section>\n<section class=\"detail-body second-paragraph\">\n<section class=\"body-content note-body content-protected-false\">\n<p id=\"p-1777257080534-9888\" data-path-to-node=\"1\">A trav\u00e9s de un comunicado oficial difundido en las redes sociales, la cartera conducida por\u00a0<strong>Toto Caputo<\/strong>\u00a0anunci\u00f3 este mismo domingo no solo al sucesor de Frugoni, sino tambi\u00e9n la designaci\u00f3n de un nuevo titular para el \u00e1rea de Transporte.<\/p>\n<section class=\"detail-body\">\n<section class=\"body-content note-body content-protected-false\">\n<p id=\"p-1777257080534-27753\" data-path-to-node=\"7\">La\u00a0salida de Frugoni se dio en medio de un fuerte impacto medi\u00e1tico\u00a0tras conocerse irregularidades en sus presentaciones patrimoniales. Ante este escenario, el Palacio de Hacienda se movi\u00f3 para cubrir las vacantes y evitar acefal\u00edas en \u00e1reas estrat\u00e9gicas.<\/p>\n<\/section>\n<\/section>\n<section class=\"detail-body\">\n<section class=\"body-content note-body content-protected-false\">\n<p id=\"p-1777253955698-13668\" data-path-to-node=\"0\">La salida del ahora exfuncionario del Ministerio de Econom\u00eda, donde se desempe\u00f1aba como\u00a0<strong data-path-to-node=\"0\" data-index-in-node=\"213\">secretario de Coordinaci\u00f3n de Infraestructura<\/strong>, se precipit\u00f3 por la revelaci\u00f3n de un patrimonio no declarado en el exterior que el propio arquitecto calific\u00f3 como un &#8220;error&#8221;.<\/p>\n<\/section>\n<\/section>\n<section class=\"detail-body\">\n<section class=\"body-content note-body content-protected-false\">\n<p id=\"p-1777247834831-93456\">Mientras la mira sigue puesta en el jefe de Gabinete,\u00a0<strong>Manuel Adorni<\/strong>; este domingo el ministro de Econom\u00eda acept\u00f3 finalmente la renuncia del ahora exsecretario. De esta manera, el Gobierno de\u00a0<strong>Javier Milei<\/strong>\u00a0suma un nuevo esc\u00e1ndalo.<\/p>\n<\/section>\n<\/section>\n<section class=\"detail-body\">\n<section class=\"body-content note-body content-protected-false\">\n<div id=\"8216633-Libre-1859946790_wrap\" class=\"embed_cont type_imagen\" contenteditable=\"false\">\n<div id=\"8216633-Libre-1859946790_content\" class=\"embed_content\"><img decoding=\"async\" id=\"8216633-Libre-1859946790_embed\" title=\"\" src=\"https:\/\/media.minutouno.com\/p\/f152aa978ca0563541569c581756c8bd\/adjuntos\/150\/imagenes\/043\/329\/0043329608\/610x0\/smart\/image.png\" alt=\"\" width=\"610\" height=\"undefined\" data-td-src-property=\"https:\/\/media.minutouno.com\/p\/f152aa978ca0563541569c581756c8bd\/adjuntos\/150\/imagenes\/043\/329\/0043329608\/610x0\/smart\/image.png\" \/><\/div>\n<div id=\"p-1777257282918-18768\" class=\"embed_wrapper-cont\"><\/div>\n<\/div>\n<p id=\"p-1777257254408-74145\">\n<p id=\"p-1777257234679-94538\" data-path-to-node=\"0\">\n<p id=\"p-1777257168378-91612\" data-path-to-node=\"1\">\n<p id=\"p-1777257141415-3089\" data-path-to-node=\"1\">\n<h2 id=\"p-1777257080534-8875\">Los nuevos nombramientos de Luis Caputo en el Ministerio de Econom\u00eda<\/h2>\n<p id=\"p-1777257080534-35545\" data-path-to-node=\"3\">Con el objetivo de mantener la continuidad en la gesti\u00f3n de los proyectos de obra p\u00fablica y log\u00edstica nacional, y tras los mencionados esc\u00e1ndalos que sacuden al Gobierno, el Ministerio de Econom\u00eda confirm\u00f3 los siguientes nombres:<\/p>\n<ul id=\"p-1777257080534-42209\" data-path-to-node=\"4\">\n<li id=\"p-1777257080534-7352\">\n<p id=\"p-1777257080534-91992\" data-path-to-node=\"4,0,0\"><strong data-path-to-node=\"4,0,0\" data-index-in-node=\"0\">Fernando Herrmann:<\/strong>\u00a0Asumir\u00e1 como el nuevo\u00a0<strong>secretario de Coordinaci\u00f3n de Infraestructura<\/strong>. Herrmann tendr\u00e1 el desaf\u00edo de liderar el \u00e1rea t\u00e9cnica que ocupaba Carlos Frugoni desde enero de este a\u00f1o.<\/p>\n<\/li>\n<li id=\"p-1777257080534-88501\">\n<p id=\"p-1777257080534-77419\" data-path-to-node=\"4,1,0\"><strong data-path-to-node=\"4,1,0\" data-index-in-node=\"0\">Mariano Plencovich:<\/strong>\u00a0Fue designado como el nuevo\u00a0<strong data-path-to-node=\"4,1,0\" data-index-in-node=\"48\">secretario de Transporte<\/strong>. Su incorporaci\u00f3n busca fortalecer la coordinaci\u00f3n operativa de un sector clave para la conectividad y el comercio interno.<\/p>\n<\/li>\n<\/ul>\n<\/section>\n<\/section>\n<\/section>\n<\/section>\n<\/div>\n","protected":false},"excerpt":{"rendered":"<p>La cartera que conduce Luis Caputo anunci\u00f3 una serie de cambios luego que estallara el&#8230;<\/p>\n","protected":false},"author":1,"featured_media":2607,"comment_status":"closed","ping_status":"closed","sticky":false,"template":"","format":"standard","meta":{"_jetpack_memberships_contains_paid_content":false,"footnotes":"","jetpack_publicize_message":"","jetpack_publicize_feature_enabled":true,"jetpack_social_post_already_shared":true,"jetpack_social_options":{"image_generator_settings":{"template":"highway","default_image_id":0,"font":"","enabled":false},"version":2}},"categories":[3],"tags":[35,27,508],"class_list":["post-2606","post","type-post","status-publish","format-standard","has-post-thumbnail","hentry","category-politica","tag-javier-milei","tag-luis-caputo","tag-ministerio-de-economia"],"aioseo_notices":[],"jetpack_publicize_connections":[],"jetpack_featured_media_url":"https:\/\/www.noticiasbrown.com\/wp-content\/uploads\/2026\/04\/las-excusas-luis-caputo-la-alta-inflacion-marzo-impacto-la-guerra-medio-oriente-1.webp","jetpack_sharing_enabled":true,"_links":{"self":[{"href":"https:\/\/www.noticiasbrown.com\/index.php?rest_route=\/wp\/v2\/posts\/2606","targetHints":{"allow":["GET"]}}],"collection":[{"href":"https:\/\/www.noticiasbrown.com\/index.php?rest_route=\/wp\/v2\/posts"}],"about":[{"href":"https:\/\/www.noticiasbrown.com\/index.php?rest_route=\/wp\/v2\/types\/post"}],"author":[{"embeddable":true,"href":"https:\/\/www.noticiasbrown.com\/index.php?rest_route=\/wp\/v2\/users\/1"}],"replies":[{"embeddable":true,"href":"https:\/\/www.noticiasbrown.com\/index.php?rest_route=%2Fwp%2Fv2%2Fcomments&post=2606"}],"version-history":[{"count":1,"href":"https:\/\/www.noticiasbrown.com\/index.php?rest_route=\/wp\/v2\/posts\/2606\/revisions"}],"predecessor-version":[{"id":2608,"href":"https:\/\/www.noticiasbrown.com\/index.php?rest_route=\/wp\/v2\/posts\/2606\/revisions\/2608"}],"wp:featuredmedia":[{"embeddable":true,"href":"https:\/\/www.noticiasbrown.com\/index.php?rest_route=\/wp\/v2\/media\/2607"}],"wp:attachment":[{"href":"https:\/\/www.noticiasbrown.com\/index.php?rest_route=%2Fwp%2Fv2%2Fmedia&parent=2606"}],"wp:term":[{"taxonomy":"category","embeddable":true,"href":"https:\/\/www.noticiasbrown.com\/index.php?rest_route=%2Fwp%2Fv2%2Fcategories&post=2606"},{"taxonomy":"post_tag","embeddable":true,"href":"https:\/\/www.noticiasbrown.com\/index.php?rest_route=%2Fwp%2Fv2%2Ftags&post=2606"}],"curies":[{"name":"wp","href":"https:\/\/api.w.org\/{rel}","templated":true}]}}