{"id":2603,"date":"2026-04-27T10:00:40","date_gmt":"2026-04-27T13:00:40","guid":{"rendered":"https:\/\/www.noticiasbrown.com\/?p=2603"},"modified":"2026-04-27T08:34:41","modified_gmt":"2026-04-27T11:34:41","slug":"federico-sturzenegger-justifica-los-despidos-en-el-smn-y-llama-a-echar-al-85-de-los-trabajadores","status":"publish","type":"post","link":"https:\/\/www.noticiasbrown.com\/?p=2603","title":{"rendered":"Federico Sturzenegger justifica los despidos en el SMN y llama a echar al 85% de los trabajadores"},"content":{"rendered":"<div class=\"detail-header-wrapper\">\n<h4 id=\"p-1777245341837-62939\" class=\"ignore-parser\">Lejos de anunciar innovaciones para mejorar el Servicio Meteorol\u00f3gico Nacional, el ministro sostiene que el organismo ser\u00eda m\u00e1s eficiente con menos personas.<\/h4>\n<section class=\"detail-body first-paragraph\">\n<section id=\"note-body\" class=\"body-content note-body content-protected-false\" data-twitter-link=\"https:\/\/twitter.com\/intent\/tweet?url=https:\/\/www.minutouno.com\/c6271068&amp;v\u00eda=Ambitocom&amp;related=MinutoUno&amp;text=\">\n<p id=\"p-1777245346555-40969\">En un intento de justificar el ajuste y los despidos, el ministro de Desregulaci\u00f3n y Transformaci\u00f3n del Estado,\u00a0<strong>Federico Sturzenegger<\/strong>, sacudi\u00f3 las redes sociales con su argumento de lo que describe como una &#8220;historia incre\u00edble&#8221; de ineficiencia tecnol\u00f3gica en\u00a0el\u00a0<strong>Servicio Meteorol\u00f3gico Nacional (SMN)<\/strong><strong>.<\/strong><\/p>\n<\/section>\n<\/section>\n<section class=\"detail-body second-paragraph\">\n<section class=\"body-content note-body content-protected-false\">\n<p id=\"p-1777245346555-89503\">Seg\u00fan el funcionario, el organismo opera bajo un esquema detenido en el tiempo, priorizando procesos manuales por sobre la automatizaci\u00f3n que hoy es est\u00e1ndar global.<\/p>\n<section class=\"detail-body\">\n<section class=\"body-content note-body content-protected-false\">\n<p id=\"p-1777245464904-67819\"><span id=\"saysCMSEmphasisyjcxzd2l7cn\" class=\"saysCMSEmphasis\">\u201cSiempre est\u00e1 la pregunta sobre el eventual destino del personal que ya no tendr\u00eda lugar en un SMN moderno. Es una preocupaci\u00f3n que siempre hay que tener. Pero los millones de d\u00f3lares anuales que requieren hoy esos sueldos es dinero que pagan otras familias, reduciendo su poder de compra y por ende su capacidad de gastar y sostener otros empleos en otros lugares\u201d<\/span>, se\u00f1al\u00f3.<\/p>\n<\/section>\n<\/section>\n<section class=\"detail-body\">\n<section class=\"body-content note-body content-protected-false\">\n<p id=\"p-1777245346555-79053\">De acuerdo con la versi\u00f3n oficial, la estructura actual del SMN revela una desproporci\u00f3n entre el personal de apoyo y el cuerpo profesional. Sturzenegger afirma que hay unas 1.000 personas en total, con solo 20 meteor\u00f3logos, en aproximadamente 100 estaciones meteorol\u00f3gicas, muchas con m\u00e1s de 50 a\u00f1os de antig\u00fcedad.<\/p>\n<\/section>\n<\/section>\n<section class=\"detail-body\">\n<section class=\"body-content note-body content-protected-false\">\n<div id=\"8211989-Libre-1189475528_wrap\" class=\"embed_cont type_imagen\" contenteditable=\"false\">\n<div id=\"8211989-Libre-1189475528_content\" class=\"embed_content\"><img decoding=\"async\" id=\"8211989-Libre-1189475528_embed\" title=\"Crisis en el Servicio Meteorol\u00f3gico Nacional.\" src=\"https:\/\/media.minutouno.com\/p\/3c07525c5d37dccec7bb6cac90b0d4ad\/adjuntos\/150\/imagenes\/043\/304\/0043304442\/610x0\/856x498:876x518\/servicio-meteorologico-nacional.jpg\" alt=\"Crisis en el Servicio Meteorol\u00f3gico Nacional.\" width=\"610\" height=\"undefined\" data-td-src-property=\"https:\/\/media.minutouno.com\/p\/3c07525c5d37dccec7bb6cac90b0d4ad\/adjuntos\/150\/imagenes\/043\/304\/0043304442\/610x0\/856x498:876x518\/servicio-meteorologico-nacional.jpg\" \/><\/div>\n<div id=\"p-1777246124499-56175\" class=\"embed_wrapper-cont\">\n<div id=\"8211989-Libre-1189475528_epigrafe\" class=\"embed_epigrafe\">\n<p id=\"p-1777246140910-30342\">Crisis en el Servicio Meteorol\u00f3gico Nacional.<\/p>\n<\/div>\n<\/div>\n<\/div>\n<p id=\"p-1777246104108-38764\">\n<\/section>\n<\/section>\n<section class=\"detail-body\">\n<section class=\"body-content note-body content-protected-false\">\n<p id=\"p-1777245346555-25494\">Lo que m\u00e1s resalta en el relato es el m\u00e9todo de recolecci\u00f3n de datos. En plena era de sat\u00e9lites y Big Data, el SMN todav\u00eda depender\u00eda de\u00a0<strong>operadores que anotan mediciones en planillas de papel<\/strong>. Luego, esa informaci\u00f3n se vuelca en un sistema operativo\u00a0<strong>DOS<\/strong>\u00a0(tecnolog\u00eda de los a\u00f1os 80) para ser enviada a los meteor\u00f3logos.<\/p>\n<h2 id=\"p-1777245346555-91570\">Los argumentos de Federico Sturzenegger contra el Servicio Meteorol\u00f3gico Nacional<\/h2>\n<p id=\"p-1777245346555-33081\">Sturzenegger argumenta que este modelo no solo es obsoleto, sino extremadamente costoso.\u00a0<span id=\"saysCMSEmphasisd32h9ci9lp\" class=\"saysCMSEmphasis\">&#8220;Los sueldos de esas 7 personas [por estaci\u00f3n] permiten pagar una estaci\u00f3n moderna (la mejor disponible a nivel mundial) que transmite esos datos en tiempo real y sin necesidad de personal alguno&#8221;<\/span>, se\u00f1al\u00f3.<\/p>\n<p id=\"p-1777245346555-10780\" title=\"__IP__\" data-ipspy=\"__IP__\"><strong>El ministro sostiene que el organismo podr\u00eda funcionar con mayor precisi\u00f3n y un presupuesto significativamente menor, operando con unas 150 personas en lugar de las 1.000 actuales, si se aplicara una modernizaci\u00f3n dr\u00e1stica.<\/strong><\/p>\n<p id=\"p-1777245822113-98044\" title=\"__IP__\" data-ipspy=\"__IP__\">\u201cQuiz\u00e1s llama la atenci\u00f3n tanta gente de apoyo a 20 meteor\u00f3logos, pero resulta que los datos \u2013en la \u00e9poca de los sat\u00e9lites y las comunicaciones\u2013 se recogen manualmente\u201d, ironiz\u00f3.<\/p>\n<p id=\"p-1777245346555-75677\">La cr\u00edtica no se queda solo en lo presupuestario. El ministro vincula la falta de modernizaci\u00f3n con una mayor vulnerabilidad ante desastres clim\u00e1ticos, citando tragedias pasadas en\u00a0<strong>La Plata<\/strong>\u00a0o\u00a0<strong>Bah\u00eda Blanca<\/strong>.<\/p>\n<p id=\"p-1777231762152-46470\" data-start=\"5313\" data-end=\"5458\">Sturzenegger tambi\u00e9n apunt\u00f3 contra administraciones previas del \u00e1rea de Defensa por<strong>\u00a0no haber encarado una modernizaci\u00f3n similar con anterioridad.\u00a0<\/strong>\u201c\u00bfQu\u00e9 hicieron todos los ministros de Defensa anteriores?\u201d, cuestion\u00f3, y elogi\u00f3 la gesti\u00f3n actual encabezada por Luis Petri.<\/p>\n<blockquote class=\"twitter-tweet\">\n<p dir=\"ltr\" lang=\"es\">LA INCREIBLE HISTORIA DEL SERVICIO METEOROL\u00d3GICO NACIONAL (SMN). La semana pasada hubo varias notas en medios sobre el SMN. Es una historia incre\u00edble que vale la pena contar. Te vas a sorprender (o no). Veamos.<\/p>\n<p>El SMN cuenta con unas 100 estaciones meteorol\u00f3gicas distribuidas a\u2026 <a href=\"https:\/\/t.co\/7QwbA12IOH\">pic.twitter.com\/7QwbA12IOH<\/a><\/p>\n<p>\u2014 Fede Sturzenegger (@fedesturze) <a href=\"https:\/\/twitter.com\/fedesturze\/status\/2048456044498825614?ref_src=twsrc%5Etfw\">April 26, 2026<\/a><\/p><\/blockquote>\n<p><script async src=\"https:\/\/platform.twitter.com\/widgets.js\" charset=\"utf-8\"><\/script><\/p>\n<\/section>\n<\/section>\n<\/section>\n<\/section>\n<\/div>\n","protected":false},"excerpt":{"rendered":"<p>Lejos de anunciar innovaciones para mejorar el Servicio Meteorol\u00f3gico Nacional, el ministro sostiene que el&#8230;<\/p>\n","protected":false},"author":1,"featured_media":2604,"comment_status":"closed","ping_status":"closed","sticky":false,"template":"","format":"standard","meta":{"_jetpack_memberships_contains_paid_content":false,"footnotes":"","jetpack_publicize_message":"","jetpack_publicize_feature_enabled":true,"jetpack_social_post_already_shared":true,"jetpack_social_options":{"image_generator_settings":{"template":"highway","default_image_id":0,"font":"","enabled":false},"version":2}},"categories":[3],"tags":[209,303,20],"class_list":["post-2603","post","type-post","status-publish","format-standard","has-post-thumbnail","hentry","category-politica","tag-despidos","tag-federico-sturzenegger","tag-servicio-meteorologico-nacional"],"aioseo_notices":[],"jetpack_publicize_connections":[],"jetpack_featured_media_url":"https:\/\/www.noticiasbrown.com\/wp-content\/uploads\/2026\/04\/sturzenegger-1.webp","jetpack_sharing_enabled":true,"_links":{"self":[{"href":"https:\/\/www.noticiasbrown.com\/index.php?rest_route=\/wp\/v2\/posts\/2603","targetHints":{"allow":["GET"]}}],"collection":[{"href":"https:\/\/www.noticiasbrown.com\/index.php?rest_route=\/wp\/v2\/posts"}],"about":[{"href":"https:\/\/www.noticiasbrown.com\/index.php?rest_route=\/wp\/v2\/types\/post"}],"author":[{"embeddable":true,"href":"https:\/\/www.noticiasbrown.com\/index.php?rest_route=\/wp\/v2\/users\/1"}],"replies":[{"embeddable":true,"href":"https:\/\/www.noticiasbrown.com\/index.php?rest_route=%2Fwp%2Fv2%2Fcomments&post=2603"}],"version-history":[{"count":1,"href":"https:\/\/www.noticiasbrown.com\/index.php?rest_route=\/wp\/v2\/posts\/2603\/revisions"}],"predecessor-version":[{"id":2605,"href":"https:\/\/www.noticiasbrown.com\/index.php?rest_route=\/wp\/v2\/posts\/2603\/revisions\/2605"}],"wp:featuredmedia":[{"embeddable":true,"href":"https:\/\/www.noticiasbrown.com\/index.php?rest_route=\/wp\/v2\/media\/2604"}],"wp:attachment":[{"href":"https:\/\/www.noticiasbrown.com\/index.php?rest_route=%2Fwp%2Fv2%2Fmedia&parent=2603"}],"wp:term":[{"taxonomy":"category","embeddable":true,"href":"https:\/\/www.noticiasbrown.com\/index.php?rest_route=%2Fwp%2Fv2%2Fcategories&post=2603"},{"taxonomy":"post_tag","embeddable":true,"href":"https:\/\/www.noticiasbrown.com\/index.php?rest_route=%2Fwp%2Fv2%2Ftags&post=2603"}],"curies":[{"name":"wp","href":"https:\/\/api.w.org\/{rel}","templated":true}]}}