{"id":2601,"date":"2026-04-27T09:40:02","date_gmt":"2026-04-27T12:40:02","guid":{"rendered":"https:\/\/www.noticiasbrown.com\/?p=2601"},"modified":"2026-04-27T08:32:12","modified_gmt":"2026-04-27T11:32:12","slug":"para-morigerar-la-inflacion-milei-impuso-un-techo-a-las-subas-mensuales-en-el-agua","status":"publish","type":"post","link":"https:\/\/www.noticiasbrown.com\/?p=2601","title":{"rendered":"Para morigerar la inflaci\u00f3n, Milei impuso un techo a las subas mensuales en el agua"},"content":{"rendered":"<div class=\"detail-header-wrapper\">\n<h4 id=\"p-1777285115621-78034\" class=\"ignore-parser\">Tras el p\u00e9simo dato de inflaci\u00f3n de marzo, el Presidente ech\u00f3 mano del manual de intervenci\u00f3n del Estado para que el impacto de las subas de tarifas se diluya.<\/h4>\n<\/div>\n<section class=\"detail-body first-paragraph\">\n<section id=\"note-body\" class=\"body-content note-body content-protected-false\" data-twitter-link=\"https:\/\/twitter.com\/intent\/tweet?url=https:\/\/www.minutouno.com\/c6271137&amp;v\u00eda=Ambitocom&amp;related=MinutoUno&amp;text=\">\n<p id=\"p-1777286012301-22201\">Tras\u00a0<strong>hilvanar 10 meses consecutivos de inflaci\u00f3n en alza, el gobierno que ven\u00eda a liquidarla ech\u00f3 este lunes mano del viejo manual de intervenci\u00f3n en el mercado,<\/strong>\u00a0que tanto denost\u00f3 en el pasado, para intentar morigerar el impacto de las subas de las tarifas de los servicios p\u00fablicos en el \u00cdndice de Precios al Consumidor (IPC) que informa todos los meses el Instituto Nacional de Estad\u00edstica y Censos (Indec).<\/p>\n<\/section>\n<\/section>\n<section class=\"detail-body second-paragraph\">\n<section class=\"body-content note-body content-protected-false\">\n<p id=\"p-1777286393750-56544\">As\u00ed qued\u00f3 plasmado en la Resoluci\u00f3n 14\/2026 publicada hoy en el Bolet\u00edn Oficial. All\u00ed, el gobierno de\u00a0<strong>Javier Milei<\/strong>\u00a0modific\u00f3 el mecanismo de actualizaci\u00f3n de tarifas del agua potable y cloacas que presta AySA en el \u00c1rea Metropolitana de Buenos Aires (AMBA).<\/p>\n<section class=\"detail-body\">\n<section class=\"body-content note-body content-protected-false\">\n<p id=\"p-1777286593925-48782\">De esta manera\u00a0<span id=\"saysCMSEmphasis988onjm7q5a\" class=\"saysCMSEmphasis\">el gobierno libertario impuso un techo del 3% para las subas mensuales de las tarifas de este servicio b\u00e1sico para el pr\u00f3ximo cuatrimestre\u00a0<\/span>y redujo este tope desde el 4% que estuvo vigente entre enero y abril.<\/p>\n<\/section>\n<\/section>\n<section class=\"detail-body\">\n<section class=\"body-content note-body content-protected-false\">\n<div id=\"7998010-Libre-268709552_wrap\" class=\"embed_cont type_imagen\" contenteditable=\"false\">\n<div id=\"7998010-Libre-268709552_content\" class=\"embed_content\"><img decoding=\"async\" id=\"7998010-Libre-268709552_embed\" title=\"\" src=\"https:\/\/media.minutouno.com\/p\/5a414ffbc118cd820369d007805d388c\/adjuntos\/150\/imagenes\/041\/918\/0041918920\/610x0\/smart\/agua-aysajpg.jpg\" alt=\"\" width=\"610\" height=\"undefined\" data-td-src-property=\"https:\/\/media.minutouno.com\/p\/5a414ffbc118cd820369d007805d388c\/adjuntos\/150\/imagenes\/041\/918\/0041918920\/610x0\/smart\/agua-aysajpg.jpg\" \/><\/div>\n<div id=\"p-1777287170404-92100\" class=\"embed_wrapper-cont\"><\/div>\n<\/div>\n<p id=\"p-1777287162789-17303\">\n<\/section>\n<\/section>\n<section class=\"detail-body\">\n<section class=\"body-content note-body content-protected-false\">\n<p id=\"p-1777286837440-91633\">Seg\u00fan consign\u00f3 el Gobierno, la medida apunta a sostener el equilibrio econ\u00f3mico de la concesi\u00f3n, sin transferencias del Tesoro en medio del proceso privatizador que lanzaron Milei y su ministro de Econom\u00eda,\u00a0<strong>Luis Caputo<\/strong>.<\/p>\n<\/section>\n<\/section>\n<section class=\"detail-body\">\n<section class=\"body-content note-body content-protected-false\">\n<p id=\"p-1777286033726-52100\">La decisi\u00f3n se da luego de que\u00a0<span id=\"saysCMSEmphasisal5j0a3e8ul\" class=\"saysCMSEmphasis\">AySA advirtiera sobre un atraso tarifario acumulado, que -seg\u00fan la empresa estatal- implic\u00f3 postergar inversiones y recurrir a financiamiento<\/span>. En ese contexto, la compa\u00f1\u00eda estim\u00f3 una p\u00e9rdida de ingresos superior a 95 mil millones de pesos.<\/p>\n<p id=\"p-1777286033726-50992\">Frente a ese escenario, el Ente Regulador de Agua y Saneamiento (ERAS) dispuso adem\u00e1s mayores controles sobre la situaci\u00f3n econ\u00f3mica de la concesionaria. La resoluci\u00f3n obliga a la empresa a presentar informes econ\u00f3mico-financieros del primer y segundo trimestre de 2026, con el fin de evaluar la evoluci\u00f3n del esquema.<\/p>\n<div id=\"7619805-Libre-1258733232_wrap\" class=\"embed_cont type_imagen\" contenteditable=\"false\">\n<div id=\"7619805-Libre-1258733232_content\" class=\"embed_content\"><img decoding=\"async\" id=\"7619805-Libre-1258733232_embed\" title=\"\" src=\"https:\/\/media.minutouno.com\/p\/dc201be1845d10c02feb790efea11688\/adjuntos\/150\/imagenes\/039\/607\/0039607434\/610x0\/smart\/aysa-2jpeg.jpeg\" alt=\"\" width=\"610\" height=\"undefined\" data-td-src-property=\"https:\/\/media.minutouno.com\/p\/dc201be1845d10c02feb790efea11688\/adjuntos\/150\/imagenes\/039\/607\/0039607434\/610x0\/smart\/aysa-2jpeg.jpeg\" \/><\/div>\n<div class=\"embed_wrapper-cont\"><\/div>\n<\/div>\n<p id=\"p-1777286033726-83008\">El organismo se\u00f1al\u00f3 adem\u00e1s que ser\u00e1 necesario \u201crealizar un estudio que exponga los objetivos alcanzados y aquellos que se propone alcanzar\u201d en el proceso de convergencia tarifaria.<\/p>\n<p id=\"p-1777286033726-84956\">La normativa ratifica la continuidad de la Tarifa Social, destinada a amortiguar el impacto de los aumentos en los usuarios m\u00e1s vulnerables.<\/p>\n<p id=\"p-1777285125342-28878\"><strong>Resoluci\u00f3n 14\/2026:<\/strong><\/p>\n<div id=\"8216654-1447304845_wrap\" class=\"embed_cont type_documento\" contenteditable=\"false\">\n<div id=\"8216654-1447304845_content\" class=\"embed_content\">\n<div id=\"8216654-1447304845_embed\"><iframe loading=\"lazy\" class=\"CMSObject_embed\" src=\"https:\/\/www.minutouno.com\/_post\/viewerpdfjs.php?file=https:\/\/media.minutouno.com\/adjuntos\/150\/documentos\/043\/329\/0043329927.pdf\" width=\"610\" height=\"820\" data-mce-fragment=\"1\"><span data-mce-type=\"bookmark\" style=\"display: inline-block; width: 0px; overflow: hidden; line-height: 0;\" class=\"mce_SELRES_start\">\ufeff<\/span><\/iframe><\/div>\n<\/div>\n<div id=\"p-1777285473905-22092\" class=\"embed_wrapper-cont\"><\/div>\n<\/div>\n<div id=\"embed85_wrap\" class=\"embed_cont type_freetext\" contenteditable=\"false\">\n<div id=\"embed85_content\" class=\"embed_content\"><\/div>\n<\/div>\n<\/section>\n<\/section>\n<\/section>\n<\/section>\n","protected":false},"excerpt":{"rendered":"<p>Tras el p\u00e9simo dato de inflaci\u00f3n de marzo, el Presidente ech\u00f3 mano del manual de&#8230;<\/p>\n","protected":false},"author":1,"featured_media":0,"comment_status":"closed","ping_status":"closed","sticky":false,"template":"","format":"standard","meta":{"_jetpack_memberships_contains_paid_content":false,"footnotes":"","jetpack_publicize_message":"","jetpack_publicize_feature_enabled":true,"jetpack_social_post_already_shared":true,"jetpack_social_options":{"image_generator_settings":{"template":"highway","default_image_id":0,"font":"","enabled":false},"version":2}},"categories":[7],"tags":[506,507,26,35,101],"class_list":["post-2601","post","type-post","status-publish","format-standard","hentry","category-economia","tag-agua","tag-aysa","tag-inflacion","tag-javier-milei","tag-precios"],"aioseo_notices":[],"jetpack_publicize_connections":[],"jetpack_featured_media_url":"","jetpack_sharing_enabled":true,"_links":{"self":[{"href":"https:\/\/www.noticiasbrown.com\/index.php?rest_route=\/wp\/v2\/posts\/2601","targetHints":{"allow":["GET"]}}],"collection":[{"href":"https:\/\/www.noticiasbrown.com\/index.php?rest_route=\/wp\/v2\/posts"}],"about":[{"href":"https:\/\/www.noticiasbrown.com\/index.php?rest_route=\/wp\/v2\/types\/post"}],"author":[{"embeddable":true,"href":"https:\/\/www.noticiasbrown.com\/index.php?rest_route=\/wp\/v2\/users\/1"}],"replies":[{"embeddable":true,"href":"https:\/\/www.noticiasbrown.com\/index.php?rest_route=%2Fwp%2Fv2%2Fcomments&post=2601"}],"version-history":[{"count":1,"href":"https:\/\/www.noticiasbrown.com\/index.php?rest_route=\/wp\/v2\/posts\/2601\/revisions"}],"predecessor-version":[{"id":2602,"href":"https:\/\/www.noticiasbrown.com\/index.php?rest_route=\/wp\/v2\/posts\/2601\/revisions\/2602"}],"wp:attachment":[{"href":"https:\/\/www.noticiasbrown.com\/index.php?rest_route=%2Fwp%2Fv2%2Fmedia&parent=2601"}],"wp:term":[{"taxonomy":"category","embeddable":true,"href":"https:\/\/www.noticiasbrown.com\/index.php?rest_route=%2Fwp%2Fv2%2Fcategories&post=2601"},{"taxonomy":"post_tag","embeddable":true,"href":"https:\/\/www.noticiasbrown.com\/index.php?rest_route=%2Fwp%2Fv2%2Ftags&post=2601"}],"curies":[{"name":"wp","href":"https:\/\/api.w.org\/{rel}","templated":true}]}}