{"id":2597,"date":"2026-04-27T09:20:24","date_gmt":"2026-04-27T12:20:24","guid":{"rendered":"https:\/\/www.noticiasbrown.com\/?p=2597"},"modified":"2026-04-27T08:28:57","modified_gmt":"2026-04-27T11:28:57","slug":"el-gobierno-define-el-informe-de-manuel-adorni-en-el-congreso-los-detalles-de-la-sesion","status":"publish","type":"post","link":"https:\/\/www.noticiasbrown.com\/?p=2597","title":{"rendered":"El Gobierno define el informe de Manuel Adorni en el Congreso: los detalles de la sesi\u00f3n"},"content":{"rendered":"<div class=\"detail-header-wrapper\">\n<h4 id=\"p-1777219923879-63603\" class=\"ignore-parser\">Mientras es investigado por enriquecimiento il\u00edcito, el jefe de Gabinete expondr\u00e1 este mi\u00e9rcoles en Diputados y con el presidente en el recinto.<\/h4>\n<section class=\"detail-body first-paragraph\">\n<section id=\"note-body\" class=\"body-content note-body content-protected-false\" data-twitter-link=\"https:\/\/twitter.com\/intent\/tweet?url=https:\/\/www.minutouno.com\/c6270993&amp;v\u00eda=Ambitocom&amp;related=MinutoUno&amp;text=\">\n<p id=\"p-1777221995352-12024\" data-start=\"0\" data-end=\"343\">Con la presencia Javier Milei confirmada, el oficialismo termin\u00f3 de definir el esquema del informe de gesti\u00f3n que encabezar\u00e1 el jefe de Gabinete, Manuel Adorni, el pr\u00f3ximo mi\u00e9rcoles 29 de abril en la C\u00e1mara de Diputados.<\/p>\n<\/section>\n<\/section>\n<section class=\"detail-body second-paragraph\">\n<section class=\"body-content note-body content-protected-false\">\n<p id=\"p-1777221995352-95804\" data-start=\"345\" data-end=\"594\">Seg\u00fan fuentes parlamentarias, los detalles se acordaron en una reuni\u00f3n en el sal\u00f3n Delia Parodi entre el secretario de Asuntos Estrat\u00e9gicos,\u00a0<strong>Ignacio Levitt<\/strong>, y el secretario parlamentario,\u00a0<strong>Adri\u00e1n Pag\u00e1n.<\/strong><\/p>\n<section class=\"detail-body\">\n<section class=\"body-content note-body content-protected-false\">\n<p id=\"p-1777221995352-75305\" data-start=\"596\" data-end=\"941\"><span id=\"saysCMSEmphasis51joqkrifmw\" class=\"saysCMSEmphasis\">La sesi\u00f3n comenzar\u00e1 entre las 10 y las 11 de la ma\u00f1ana y se extender\u00e1 durante unas seis horas. No habr\u00e1 reuni\u00f3n previa de Labor Parlamentaria, una decisi\u00f3n que podr\u00eda generar fricciones. El inicio estar\u00e1 a cargo de Manuel Adorni, con una exposici\u00f3n de aproximadamente una hora sobre la marcha del Gobierno, y luego se abrir\u00e1 la ronda de preguntas, con intervenciones de hasta cinco minutos por legislador.<\/span><\/p>\n<\/section>\n<\/section>\n<section class=\"detail-body\">\n<section class=\"body-content note-body content-protected-false\">\n<p id=\"p-1777222192090-6069\" data-start=\"596\" data-end=\"941\">Desde el entorno del titular de Mart\u00edn Menem se\u00f1alaron que el informe del jefe de Gabinete es una instancia reglamentada.<\/p>\n<\/section>\n<\/section>\n<section class=\"detail-body\">\n<section class=\"body-content note-body content-protected-false\">\n<p id=\"p-1777221995352-29827\" data-start=\"1154\" data-end=\"1455\"><strong>El esquema se organizar\u00e1 en tres tandas:\u00a0<\/strong>primero los bloques m\u00e1s peque\u00f1os, con 50 minutos; luego los interbloques Innovaci\u00f3n Federal (11 minutos), Unidos (20) y Fuerzas del Cambio (20); y finalmente Uni\u00f3n por la Patria, con 68 minutos.\u00a0<strong>Los tiempos fueron asignados en funci\u00f3n del peso de cada bancada.<\/strong><\/p>\n<\/section>\n<\/section>\n<section class=\"detail-body\">\n<section class=\"body-content note-body content-protected-false\">\n<p id=\"p-1777221995352-64651\" data-start=\"1457\" data-end=\"1690\">Tras cada bloque, el jefe de Gabinete responder\u00e1 de manera agrupada durante unos 20 minutos. El cierre estar\u00e1 a cargo del presidente del bloque de La Libertad Avanza,\u00a0<strong>Gabriel Bornoroni<\/strong>, con una intervenci\u00f3n breve.<\/p>\n<p id=\"p-1777221995352-75519\" data-start=\"1692\" data-end=\"1961\"><span id=\"saysCMSEmphasis1cx5ctzjm9t\" class=\"saysCMSEmphasis\">El informe oral se complementar\u00e1 con un documento escrito que la Jefatura de Gabinete enviar\u00e1 en los pr\u00f3ximos d\u00edas, con respuestas a unas 2.000 preguntas formuladas por la oposici\u00f3n, que originalmente superaban las 4.000 pero fueron unificadas para evitar repeticiones.<\/span><\/p>\n<p id=\"p-1777222526049-47240\" data-start=\"1692\" data-end=\"1961\">\n<h2 id=\"p-1777222635147-9629\" data-start=\"1692\" data-end=\"1961\">La Justicia investiga dos cajas de seguridad a nombre de la esposa de Manuel Adorni<\/h2>\n<p id=\"p-1777219924865-37327\">\n<p id=\"p-1777036015676-3275\" data-start=\"0\" data-end=\"277\"><strong>La investigaci\u00f3n por presunto enriquecimiento il\u00edcito que involucra a Manuel Adorni sigue sumando cap\u00edtulos<\/strong>. En las \u00faltimas horas, la Justicia solicit\u00f3 informaci\u00f3n sobre dos cajas de seguridad registradas a nombre de la esposa del funcionario, Bettina Angeletti en el Banco Galicia.<\/p>\n<p id=\"p-1777036015676-6621\" data-start=\"279\" data-end=\"589\">El fiscal a cargo del expediente, Gerardo Pollicita, busca determinar qui\u00e9nes est\u00e1n habilitados para acceder a esas cajas.<strong>\u00a0En ese marco, requiri\u00f3 tambi\u00e9n las grabaciones de todas las personas que hayan ingresado al sector.<\/strong><\/p>\n<p id=\"p-1777057991404-20740\">El periodista\u00a0<strong>Ariel Zak\u00a0<\/strong>revel\u00f3 en\u00a0<em>Ma\u00f1ana Sylvestre<\/em>\u00a0por\u00a0<em>Radio 10<\/em>, que el fiscal solicit\u00f3 la<strong>\u00a0n\u00f3mina completa de autorizados<\/strong>, junto con los registros de ingresos y egresos, ya sea en libros, actas u otros sistemas.<\/p>\n<div id=\"8215542-Libre-808856791_wrap\" class=\"embed_cont type_imagen\" contenteditable=\"false\">\n<div id=\"8215542-Libre-808856791_content\" class=\"embed_content\"><img decoding=\"async\" id=\"8215542-Libre-808856791_embed\" title=\"\" src=\"https:\/\/media.minutouno.com\/p\/477d819d456a5f06c92d160ed99236b0\/adjuntos\/150\/imagenes\/043\/323\/0043323691\/610x0\/660x574:680x594\/adorni-y-esposa-aruba.jpg\" alt=\"\" width=\"610\" height=\"undefined\" data-td-src-property=\"https:\/\/media.minutouno.com\/p\/477d819d456a5f06c92d160ed99236b0\/adjuntos\/150\/imagenes\/043\/323\/0043323691\/610x0\/660x574:680x594\/adorni-y-esposa-aruba.jpg\" \/><\/div>\n<div id=\"p-1777222672929-91737\" class=\"embed_wrapper-cont\"><\/div>\n<\/div>\n<p id=\"p-1777222661409-40710\">\n<p id=\"p-1777057991404-69820\">Pollicita pidi\u00f3 tambi\u00e9n que se\u00a0<strong>detallen fechas, horarios e identidad de quienes accedieron desde enero de 2022 hasta la actualidad<\/strong>.<\/p>\n<p id=\"p-1777057991404-69820\">Pollicita pidi\u00f3 tambi\u00e9n que se\u00a0<strong>detallen fechas, horarios e identidad de quienes accedieron desde enero de 2022 hasta la actualidad<\/strong>.<\/p>\n<p id=\"p-1777036015676-82272\" data-start=\"837\" data-end=\"1052\" data-is-last-node=\"\" data-is-only-node=\"\">Adem\u00e1s, la Justicia pidi\u00f3 las filmaciones correspondientes a los accesos al \u00e1rea de cajas de seguridad,\u00a0<strong>con el objetivo de reconstruir los movimientos y establecer posibles responsabilidades en el marco de la causa.<\/strong><\/p>\n<p id=\"p-1777036390699-12050\" data-start=\"837\" data-end=\"1052\" data-is-last-node=\"\" data-is-only-node=\"\">El eje de la causa por presunto enriquecimiento il\u00edcito es determinar si hubo un incremento patrimonial que no pueda ser justificado con los ingresos declarados por el funcionario. De esta manera, la idea es establecer si existe una diferencia significativa entre los bienes, ingresos y gastos de una persona en funci\u00f3n de su actividad econ\u00f3mica y su evoluci\u00f3n en el tiempo.<\/p>\n<p id=\"p-1777116776393-117\" data-start=\"837\" data-end=\"1052\" data-is-last-node=\"\" data-is-only-node=\"\">La Justicia puso la lupa sobre Adorni a ra\u00edz del esc\u00e1ndalo originado por\u00a0el viaje a Estados Unidos junto a su esposa en el avi\u00f3n presidencial. El jefe de Gabinete abri\u00f3 la pol\u00e9mica al reconocer que Angeletti se sum\u00f3 a la comitiva oficial a pesar de no ser funcionaria p\u00fablica. Y, para justificar su acompa\u00f1amiento, hizo uso de una frase que gener\u00f3 indignaci\u00f3n: &#8220;Vengo a deslomarme a EEUU y quer\u00eda que me acompa\u00f1e&#8221;.<\/p>\n<\/section>\n<\/section>\n<\/section>\n<\/section>\n<\/div>\n","protected":false},"excerpt":{"rendered":"<p>Mientras es investigado por enriquecimiento il\u00edcito, el jefe de Gabinete expondr\u00e1 este mi\u00e9rcoles en Diputados&#8230;<\/p>\n","protected":false},"author":1,"featured_media":2598,"comment_status":"closed","ping_status":"closed","sticky":false,"template":"","format":"standard","meta":{"_jetpack_memberships_contains_paid_content":false,"footnotes":"","jetpack_publicize_message":"","jetpack_publicize_feature_enabled":true,"jetpack_social_post_already_shared":true,"jetpack_social_options":{"image_generator_settings":{"template":"highway","default_image_id":0,"font":"","enabled":false},"version":2}},"categories":[3],"tags":[61,102,35,156],"class_list":["post-2597","post","type-post","status-publish","format-standard","has-post-thumbnail","hentry","category-politica","tag-congreso","tag-gobierno","tag-javier-milei","tag-manuel-adorni"],"aioseo_notices":[],"jetpack_publicize_connections":[],"jetpack_featured_media_url":"https:\/\/www.noticiasbrown.com\/wp-content\/uploads\/2026\/04\/manuel-adorni-y-javier-milei-1.webp","jetpack_sharing_enabled":true,"_links":{"self":[{"href":"https:\/\/www.noticiasbrown.com\/index.php?rest_route=\/wp\/v2\/posts\/2597","targetHints":{"allow":["GET"]}}],"collection":[{"href":"https:\/\/www.noticiasbrown.com\/index.php?rest_route=\/wp\/v2\/posts"}],"about":[{"href":"https:\/\/www.noticiasbrown.com\/index.php?rest_route=\/wp\/v2\/types\/post"}],"author":[{"embeddable":true,"href":"https:\/\/www.noticiasbrown.com\/index.php?rest_route=\/wp\/v2\/users\/1"}],"replies":[{"embeddable":true,"href":"https:\/\/www.noticiasbrown.com\/index.php?rest_route=%2Fwp%2Fv2%2Fcomments&post=2597"}],"version-history":[{"count":1,"href":"https:\/\/www.noticiasbrown.com\/index.php?rest_route=\/wp\/v2\/posts\/2597\/revisions"}],"predecessor-version":[{"id":2599,"href":"https:\/\/www.noticiasbrown.com\/index.php?rest_route=\/wp\/v2\/posts\/2597\/revisions\/2599"}],"wp:featuredmedia":[{"embeddable":true,"href":"https:\/\/www.noticiasbrown.com\/index.php?rest_route=\/wp\/v2\/media\/2598"}],"wp:attachment":[{"href":"https:\/\/www.noticiasbrown.com\/index.php?rest_route=%2Fwp%2Fv2%2Fmedia&parent=2597"}],"wp:term":[{"taxonomy":"category","embeddable":true,"href":"https:\/\/www.noticiasbrown.com\/index.php?rest_route=%2Fwp%2Fv2%2Fcategories&post=2597"},{"taxonomy":"post_tag","embeddable":true,"href":"https:\/\/www.noticiasbrown.com\/index.php?rest_route=%2Fwp%2Fv2%2Ftags&post=2597"}],"curies":[{"name":"wp","href":"https:\/\/api.w.org\/{rel}","templated":true}]}}