{"id":2594,"date":"2026-04-27T09:00:02","date_gmt":"2026-04-27T12:00:02","guid":{"rendered":"https:\/\/www.noticiasbrown.com\/?p=2594"},"modified":"2026-04-27T08:25:48","modified_gmt":"2026-04-27T11:25:48","slug":"paro-bancario-nacional-como-funcionan-los-bancos-este-lunes","status":"publish","type":"post","link":"https:\/\/www.noticiasbrown.com\/?p=2594","title":{"rendered":"Paro bancario nacional: c\u00f3mo funcionan los bancos este lunes"},"content":{"rendered":"<div class=\"detail-header-wrapper\">\n<h4 id=\"p-1777243520659-21648\" class=\"ignore-parser\">El gremio llam\u00f3 a un paro bancario tras el anuncio oficial de cerrar 12 de estas dependencias, que pone en peligro varios puestos de trabajo.<\/h4>\n<section class=\"detail-body first-paragraph\">\n<section id=\"note-body\" class=\"body-content note-body content-protected-false\" data-twitter-link=\"https:\/\/twitter.com\/intent\/tweet?url=https:\/\/www.minutouno.com\/c6271057&amp;v\u00eda=Ambitocom&amp;related=MinutoUno&amp;text=\">\n<p id=\"p-1777243728169-81133\" data-path-to-node=\"0\">Tal como fue anticipado d\u00edas atr\u00e1s, la\u00a0<strong data-path-to-node=\"0\" data-index-in-node=\"3\">Asociaci\u00f3n Bancaria<\/strong>\u00a0ratific\u00f3 un\u00a0<strong>paro bancario nacional<\/strong>\u00a0de 24 horas\u00a0para este\u00a0<strong data-path-to-node=\"0\" data-index-in-node=\"62\">lunes 27 de abril<\/strong>, una medida de fuerza que afectar\u00e1 exclusivamente a los\u00a0<strong data-path-to-node=\"0\" data-index-in-node=\"136\">tesoros regionales<\/strong>\u00a0del Banco Central de la Rep\u00fablica Argentina (BCRA) en todo el pa\u00eds.<\/p>\n<\/section>\n<\/section>\n<section class=\"detail-body second-paragraph\">\n<section class=\"body-content note-body content-protected-false\">\n<p id=\"p-1777243734886-96784\" data-path-to-node=\"0\">El conflicto surge tras el anuncio oficial de cerrar 12 de estas dependencias, lo que pone en riesgo directo unos 32 puestos de trabajo.<\/p>\n<section class=\"detail-body\">\n<section class=\"body-content note-body content-protected-false\">\n<p id=\"p-1777243728169-88420\" data-path-to-node=\"1\">Aunque las sucursales bancarias abrir\u00e1n sus puertas en el horario habitual, la protesta en los 21 centros donde se concentra la log\u00edstica del efectivo podr\u00eda generar complicaciones en la disponibilidad de billetes.<\/p>\n<\/section>\n<\/section>\n<section class=\"detail-body\">\n<section class=\"body-content note-body content-protected-false\">\n<div id=\"8215824-Libre-751116037_wrap\" class=\"embed_cont type_imagen\" contenteditable=\"false\">\n<div id=\"8215824-Libre-751116037_content\" class=\"embed_content\"><img loading=\"lazy\" decoding=\"async\" id=\"8215824-Libre-751116037_embed\" title=\"La Asociaci&amp;oacute;n Bancaria llam&amp;oacute; a un paro bancario nacional para este lunes 27 de abril.\" src=\"https:\/\/media.minutouno.com\/p\/8d0875c6cec8f47a9a1a41e7ff52c49c\/adjuntos\/150\/imagenes\/043\/325\/0043325624\/paro-bancario.jpg?2026-04-23-22-37-04\" alt=\"La Asociaci&amp;oacute;n Bancaria llam&amp;oacute; a un paro bancario nacional para este lunes 27 de abril.\" width=\"610\" height=\"403\" data-td-src-property=\"https:\/\/media.minutouno.com\/p\/8d0875c6cec8f47a9a1a41e7ff52c49c\/adjuntos\/150\/imagenes\/043\/325\/0043325624\/paro-bancario.jpg?2026-04-23-22-37-04\" \/><\/div>\n<div id=\"p-1777243876865-86607\" class=\"embed_wrapper-cont\">\n<div id=\"8215824-Libre-751116037_epigrafe\" class=\"embed_epigrafe\">\n<p id=\"p-1777243903330-64396\">La Asociaci\u00f3n Bancaria llam\u00f3 a un paro bancario nacional para este lunes 27 de abril.<\/p>\n<\/div>\n<\/div>\n<\/div>\n<p id=\"p-1777243868243-18503\" data-path-to-node=\"1\">\n<\/section>\n<\/section>\n<section class=\"detail-body\">\n<section class=\"body-content note-body content-protected-false\">\n<p id=\"p-1777243728169-2145\" data-path-to-node=\"6\">Desde el sindicato liderado por\u00a0<strong>Sergio Palazzo<\/strong>\u00a0advirtieron que esta es solo la primera etapa del plan de lucha.\u00a0<span id=\"saysCMSEmphasisgdp8uzn15kk\" class=\"saysCMSEmphasis\">&#8220;De no obtener respuestas satisfactorias, se profundizar\u00e1 el plan de acci\u00f3n con medidas de fuerza en todas las entidades oficiales y privadas que alberguen estos tesoros regionales&#8221;<\/span>, adelantaron a trav\u00e9s de un comunicado.<\/p>\n<\/section>\n<\/section>\n<section class=\"detail-body\">\n<section class=\"body-content note-body content-protected-false\">\n<p id=\"p-1777243728169-85573\" data-path-to-node=\"7\">La exigencia gremial se centra en la\u00a0<strong data-path-to-node=\"7\" data-index-in-node=\"37\">estabilidad laboral<\/strong>\u00a0y el rechazo rotundo al desmantelamiento de los nodos log\u00edsticos del Banco Central.<\/p>\n<p id=\"p-1777243801475-13424\" data-path-to-node=\"1\">\n<p id=\"p-1777243786251-28966\" data-path-to-node=\"1\">\n<h2 id=\"p-1777243728169-53329\">C\u00f3mo impactar\u00e1 el paro bancario nacional de este lunes<\/h2>\n<p id=\"p-1777243728169-50838\" data-path-to-node=\"3\">Al interrumpirse el traslado y abastecimiento de dinero desde el ente rector hacia las entidades comerciales, el sistema financiero podr\u00eda enfrentar cuellos de botella.<\/p>\n<ul id=\"p-1777243728169-79411\" data-path-to-node=\"4\">\n<li id=\"p-1777243728169-55010\">\n<p id=\"p-1777243728169-60514\" data-path-to-node=\"4,0,0\"><strong data-path-to-node=\"4,0,0\" data-index-in-node=\"0\">Atenci\u00f3n al p\u00fablico:<\/strong>\u00a0Ser\u00e1\u00a0<strong data-path-to-node=\"4,0,0\" data-index-in-node=\"26\">normal<\/strong>\u00a0en las cajas y plataformas comerciales.<\/p>\n<\/li>\n<li id=\"p-1777243728169-14497\">\n<p id=\"p-1777243728169-34722\" data-path-to-node=\"4,1,0\"><strong data-path-to-node=\"4,1,0\" data-index-in-node=\"0\">Cajeros autom\u00e1ticos:<\/strong>\u00a0Podr\u00edan registrarse\u00a0<strong data-path-to-node=\"4,1,0\" data-index-in-node=\"41\">faltantes de efectivo<\/strong>, ya que no habr\u00e1 reposici\u00f3n en las \u00e1reas afectadas por la medida de fuerza.<\/p>\n<\/li>\n<li id=\"p-1777243728169-81292\">\n<p id=\"p-1777243728169-62738\" data-path-to-node=\"4,2,0\"><strong data-path-to-node=\"4,2,0\" data-index-in-node=\"0\">Operaciones digitales:<\/strong>\u00a0El Home Banking, las transferencias y las billeteras virtuales funcionar\u00e1n\u00a0<strong data-path-to-node=\"4,2,0\" data-index-in-node=\"98\">sin inconvenientes<\/strong>.<\/p>\n<\/li>\n<\/ul>\n<h2 id=\"p-1777243820063-50943\"><\/h2>\n<h2 id=\"p-1777243728169-82553\">Recomendaciones para los usuarios<\/h2>\n<p id=\"p-1777243728169-88693\" data-path-to-node=\"10\">Ante la posibilidad de una menor disponibilidad de billetes por ventanilla o cajero, se sugiere a los clientes:<\/p>\n<ul id=\"p-1777243728169-44049\">\n<li id=\"p-1777243728169-66055\">\n<p id=\"p-1777243728169-37774\" data-path-to-node=\"11,0,0\"><strong data-path-to-node=\"11,0,0\" data-index-in-node=\"0\">Priorizar medios electr\u00f3nicos:<\/strong>\u00a0Utilizar tarjetas de d\u00e9bito, cr\u00e9dito o pagos con QR para las compras diarias.<\/p>\n<\/li>\n<li id=\"p-1777243728169-78694\">\n<p id=\"p-1777243728169-30184\" data-path-to-node=\"11,1,0\"><strong data-path-to-node=\"11,1,0\" data-index-in-node=\"0\">Retiro en comercios:<\/strong>\u00a0Acudir a puntos de extracci\u00f3n alternativos (supermercados, farmacias o estaciones de servicio) que permiten retirar efectivo con la compra m\u00ednima, presentando DNI.<\/p>\n<\/li>\n<li id=\"p-1777243728169-73405\">\n<p id=\"p-1777243728169-3666\" data-path-to-node=\"11,2,0\"><strong data-path-to-node=\"11,2,0\" data-index-in-node=\"0\">Adelantar gestiones:<\/strong>\u00a0En la medida de lo posible, realizar extracciones de dinero antes del inicio de la jornada del lunes para evitar demoras.<\/p>\n<\/li>\n<\/ul>\n<\/section>\n<\/section>\n<\/section>\n<\/section>\n<\/div>\n","protected":false},"excerpt":{"rendered":"<p>El gremio llam\u00f3 a un paro bancario tras el anuncio oficial de cerrar 12 de&#8230;<\/p>\n","protected":false},"author":1,"featured_media":2595,"comment_status":"closed","ping_status":"closed","sticky":false,"template":"","format":"standard","meta":{"_jetpack_memberships_contains_paid_content":false,"footnotes":"","jetpack_publicize_message":"","jetpack_publicize_feature_enabled":true,"jetpack_social_post_already_shared":true,"jetpack_social_options":{"image_generator_settings":{"template":"highway","default_image_id":0,"font":"","enabled":false},"version":2}},"categories":[4],"tags":[193,499,43,498],"class_list":["post-2594","post","type-post","status-publish","format-standard","has-post-thumbnail","hentry","category-sociedad","tag-asociacion-bancaria","tag-bancos","tag-paro","tag-paro-bancario"],"aioseo_notices":[],"jetpack_publicize_connections":[],"jetpack_featured_media_url":"https:\/\/www.noticiasbrown.com\/wp-content\/uploads\/2026\/04\/paro-bancario-1.webp","jetpack_sharing_enabled":true,"_links":{"self":[{"href":"https:\/\/www.noticiasbrown.com\/index.php?rest_route=\/wp\/v2\/posts\/2594","targetHints":{"allow":["GET"]}}],"collection":[{"href":"https:\/\/www.noticiasbrown.com\/index.php?rest_route=\/wp\/v2\/posts"}],"about":[{"href":"https:\/\/www.noticiasbrown.com\/index.php?rest_route=\/wp\/v2\/types\/post"}],"author":[{"embeddable":true,"href":"https:\/\/www.noticiasbrown.com\/index.php?rest_route=\/wp\/v2\/users\/1"}],"replies":[{"embeddable":true,"href":"https:\/\/www.noticiasbrown.com\/index.php?rest_route=%2Fwp%2Fv2%2Fcomments&post=2594"}],"version-history":[{"count":1,"href":"https:\/\/www.noticiasbrown.com\/index.php?rest_route=\/wp\/v2\/posts\/2594\/revisions"}],"predecessor-version":[{"id":2596,"href":"https:\/\/www.noticiasbrown.com\/index.php?rest_route=\/wp\/v2\/posts\/2594\/revisions\/2596"}],"wp:featuredmedia":[{"embeddable":true,"href":"https:\/\/www.noticiasbrown.com\/index.php?rest_route=\/wp\/v2\/media\/2595"}],"wp:attachment":[{"href":"https:\/\/www.noticiasbrown.com\/index.php?rest_route=%2Fwp%2Fv2%2Fmedia&parent=2594"}],"wp:term":[{"taxonomy":"category","embeddable":true,"href":"https:\/\/www.noticiasbrown.com\/index.php?rest_route=%2Fwp%2Fv2%2Fcategories&post=2594"},{"taxonomy":"post_tag","embeddable":true,"href":"https:\/\/www.noticiasbrown.com\/index.php?rest_route=%2Fwp%2Fv2%2Ftags&post=2594"}],"curies":[{"name":"wp","href":"https:\/\/api.w.org\/{rel}","templated":true}]}}