{"id":2585,"date":"2026-04-27T08:17:07","date_gmt":"2026-04-27T11:17:07","guid":{"rendered":"https:\/\/www.noticiasbrown.com\/?p=2585"},"modified":"2026-04-27T08:17:07","modified_gmt":"2026-04-27T11:17:07","slug":"de-los-mejores-dias-de-mi-vida-el-mensaje-de-franco-colapinto-tras-el-historico-road-show-en-buenos-aires","status":"publish","type":"post","link":"https:\/\/www.noticiasbrown.com\/?p=2585","title":{"rendered":"&#8220;De los mejores d\u00edas de mi vida&#8221;: el mensaje de Franco Colapinto tras el hist\u00f3rico Road Show en Buenos Aires"},"content":{"rendered":"<div class=\"detail-header-wrapper\">\n<h4 id=\"p-1777255485777-28281\" class=\"ignore-parser\">El piloto argentino de F\u00f3rmula 1 agradeci\u00f3 a sus seguidores con un emotivo posteo en Instagram que acompa\u00f1o con im\u00e1genes.<\/h4>\n<section class=\"detail-body first-paragraph\">\n<section id=\"note-body\" class=\"body-content note-body content-protected-false\" data-twitter-link=\"https:\/\/twitter.com\/intent\/tweet?url=https:\/\/www.minutouno.com\/c6271107&amp;v\u00eda=Ambitocom&amp;related=MinutoUno&amp;text=\">\n<p id=\"p-1777255503434-49727\" data-path-to-node=\"0\">El barrio porte\u00f1o de Palermo fue testigo de una jornada que quedar\u00e1 grabada en la memoria del automovilismo nacional.\u00a0<strong data-path-to-node=\"0\" data-index-in-node=\"118\">Franco Colapinto<\/strong>\u00a0protagoniz\u00f3 una exhibici\u00f3n hist\u00f3rica al mando del Lotus E20 (con los colores de\u00a0<strong data-path-to-node=\"0\" data-index-in-node=\"215\">Alpine<\/strong>) y de la legendaria &#8220;Flecha de Plata&#8221; que perteneci\u00f3 al qu\u00edntuple campe\u00f3n mundial,\u00a0<strong data-path-to-node=\"0\" data-index-in-node=\"305\">Juan Manuel Fangio<\/strong>.<\/p>\n<\/section>\n<\/section>\n<section class=\"detail-body second-paragraph\">\n<section class=\"body-content note-body content-protected-false\">\n<p id=\"p-1777255503434-55125\" data-path-to-node=\"1\">Tras el cierre del evento, el joven piloto volc\u00f3 su emoci\u00f3n en las redes sociales para agradecer el apoyo masivo.\u00a0<strong data-path-to-node=\"1\" data-index-in-node=\"114\">&#8220;De los mejores d\u00edas de mi vida&#8221;<\/strong>, confes\u00f3 en su cuenta de Instagram, todav\u00eda conmovido por la respuesta del p\u00fablico.<\/p>\n<section class=\"detail-body\">\n<section class=\"body-content note-body content-protected-false\">\n<p id=\"p-1777255503434-69851\" data-path-to-node=\"3\">Colapinto destac\u00f3 que el \u00e9xito de la convocatoria fue m\u00e9rito compartido con los fan\u00e1ticos que colmaron las calles.\u00a0<span id=\"saysCMSEmphasis2nvace6vf56\" class=\"saysCMSEmphasis\">&#8220;Esta fiesta es de todos ustedes. Gracias por hacerlo posible y por hacernos pasar un d\u00eda tan especial<\/span>&#8220;, expres\u00f3 el pilarense, quien ya se prepara para su pr\u00f3ximo desaf\u00edo: el\u00a0<strong data-path-to-node=\"3\" data-index-in-node=\"290\">Gran Premio de Miami<\/strong>\u00a0que se disputar\u00e1 el pr\u00f3ximo fin de semana.<\/p>\n<\/section>\n<\/section>\n<section class=\"detail-body\">\n<section class=\"body-content note-body content-protected-false\">\n<div id=\"8216628-Libre-1902148729_wrap\" class=\"embed_cont type_imagen\" contenteditable=\"false\">\n<div id=\"8216628-Libre-1902148729_content\" class=\"embed_content\"><img decoding=\"async\" id=\"8216628-Libre-1902148729_embed\" title=\"El mensaje de Franco Colapinto tras el Road Show en Buenos Aires. \" src=\"https:\/\/media.minutouno.com\/p\/cc56ea2d46f7367e2691460bbe7af6f7\/adjuntos\/150\/imagenes\/043\/329\/0043329603\/610x0\/smart\/el-mensaje-franco-colapinto-el-road-show-buenos-aires.jpg\" alt=\"El mensaje de Franco Colapinto tras el Road Show en Buenos Aires. \" width=\"610\" height=\"undefined\" data-td-src-property=\"https:\/\/media.minutouno.com\/p\/cc56ea2d46f7367e2691460bbe7af6f7\/adjuntos\/150\/imagenes\/043\/329\/0043329603\/610x0\/smart\/el-mensaje-franco-colapinto-el-road-show-buenos-aires.jpg\" \/><\/div>\n<div id=\"p-1777256025299-19817\" class=\"embed_wrapper-cont\">\n<div id=\"8216628-Libre-1902148729_epigrafe\" class=\"embed_epigrafe\">\n<p id=\"p-1777256025299-74781\">El mensaje de Franco Colapinto tras el Road Show en Buenos Aires.<\/p>\n<\/div>\n<\/div>\n<\/div>\n<p id=\"p-1777256345957-19702\">Se trat\u00f3 de una jornada hist\u00f3rica para el deporte motor nacional, ya que tras catorce a\u00f1os de espera, un auto de<strong>\u00a0F\u00f3rmula 1<\/strong>\u00a0volvi\u00f3 a transitar las calles porte\u00f1as.<\/p>\n<\/section>\n<\/section>\n<section class=\"detail-body\">\n<section class=\"body-content note-body content-protected-false\">\n<p id=\"p-1777255534411-18047\" data-path-to-node=\"3\">\n<\/section>\n<\/section>\n<section class=\"detail-body\">\n<section class=\"body-content note-body content-protected-false\">\n<h2 id=\"p-1777255503434-98289\">Qu\u00e9 dej\u00f3 el hist\u00f3rico Road Show de Franco Colapinto en Buenos Aires<\/h2>\n<p id=\"p-1777255503434-56253\" data-path-to-node=\"6\">La jornada, que\u00a0<strong>tuvo a Mercado Libre como main sponsor<\/strong>, no solo se destac\u00f3 por la potencia de los motores, sino tambi\u00e9n por su costado humano:<\/p>\n<ul id=\"p-1777255503434-27669\" data-path-to-node=\"7\">\n<li id=\"p-1777255503434-85004\">\n<p id=\"p-1777255503434-76925\" data-path-to-node=\"7,0,0\"><strong data-path-to-node=\"7,0,0\" data-index-in-node=\"0\">Convocatoria r\u00e9cord:<\/strong>\u00a0Se estima que cerca de\u00a0<strong data-path-to-node=\"7,0,0\" data-index-in-node=\"44\">600 mil personas<\/strong>\u00a0se acercaron a Palermo para ver al piloto en acci\u00f3n.<\/p>\n<\/li>\n<li id=\"p-1777255503434-9751\">\n<p id=\"p-1777255503434-31208\" data-path-to-node=\"7,1,0\"><strong data-path-to-node=\"7,1,0\" data-index-in-node=\"0\">Entorno familiar:<\/strong>\u00a0Franco estuvo acompa\u00f1ado por sus amigos y toda su familia.<\/p>\n<\/li>\n<li id=\"p-1777255503434-30534\">\n<p id=\"p-1777255503434-49162\" data-path-to-node=\"7,2,0\"><strong data-path-to-node=\"7,2,0\" data-index-in-node=\"0\">El momento de la tarde:<\/strong>\u00a0Uno de los puntos m\u00e1s altos de la previa fue el emotivo encuentro entre el piloto y su\u00a0<strong data-path-to-node=\"7,2,0\" data-index-in-node=\"111\">abuela<\/strong>, quien lo acompa\u00f1\u00f3 antes de que se subiera al monoplaza para acelerar frente a la multitud.<\/p>\n<\/li>\n<\/ul>\n<p id=\"p-1777255503434-39088\" data-path-to-node=\"8\">La exhibici\u00f3n sirvi\u00f3 como el impulso final para Colapinto antes de retomar la actividad oficial en la\u00a0<strong data-path-to-node=\"8\" data-index-in-node=\"102\">F\u00f3rmula 1<\/strong>, reafirmando el v\u00ednculo inquebrantable que ha construido con el p\u00fablico argentino.<\/p>\n<\/section>\n<\/section>\n<\/section>\n<\/section>\n<\/div>\n","protected":false},"excerpt":{"rendered":"<p>El piloto argentino de F\u00f3rmula 1 agradeci\u00f3 a sus seguidores con un emotivo posteo en&#8230;<\/p>\n","protected":false},"author":1,"featured_media":2586,"comment_status":"closed","ping_status":"closed","sticky":false,"template":"","format":"standard","meta":{"_jetpack_memberships_contains_paid_content":false,"footnotes":"","jetpack_publicize_message":"","jetpack_publicize_feature_enabled":true,"jetpack_social_post_already_shared":true,"jetpack_social_options":{"image_generator_settings":{"template":"highway","default_image_id":0,"font":"","enabled":false},"version":2}},"categories":[5],"tags":[146,23,485,147],"class_list":["post-2585","post","type-post","status-publish","format-standard","has-post-thumbnail","hentry","category-deporte","tag-alpine","tag-buenos-aires","tag-formula-1","tag-franco-colapinto"],"aioseo_notices":[],"jetpack_publicize_connections":[],"jetpack_featured_media_url":"https:\/\/www.noticiasbrown.com\/wp-content\/uploads\/2026\/04\/colapinto-instagram-ok.webp","jetpack_sharing_enabled":true,"_links":{"self":[{"href":"https:\/\/www.noticiasbrown.com\/index.php?rest_route=\/wp\/v2\/posts\/2585","targetHints":{"allow":["GET"]}}],"collection":[{"href":"https:\/\/www.noticiasbrown.com\/index.php?rest_route=\/wp\/v2\/posts"}],"about":[{"href":"https:\/\/www.noticiasbrown.com\/index.php?rest_route=\/wp\/v2\/types\/post"}],"author":[{"embeddable":true,"href":"https:\/\/www.noticiasbrown.com\/index.php?rest_route=\/wp\/v2\/users\/1"}],"replies":[{"embeddable":true,"href":"https:\/\/www.noticiasbrown.com\/index.php?rest_route=%2Fwp%2Fv2%2Fcomments&post=2585"}],"version-history":[{"count":1,"href":"https:\/\/www.noticiasbrown.com\/index.php?rest_route=\/wp\/v2\/posts\/2585\/revisions"}],"predecessor-version":[{"id":2587,"href":"https:\/\/www.noticiasbrown.com\/index.php?rest_route=\/wp\/v2\/posts\/2585\/revisions\/2587"}],"wp:featuredmedia":[{"embeddable":true,"href":"https:\/\/www.noticiasbrown.com\/index.php?rest_route=\/wp\/v2\/media\/2586"}],"wp:attachment":[{"href":"https:\/\/www.noticiasbrown.com\/index.php?rest_route=%2Fwp%2Fv2%2Fmedia&parent=2585"}],"wp:term":[{"taxonomy":"category","embeddable":true,"href":"https:\/\/www.noticiasbrown.com\/index.php?rest_route=%2Fwp%2Fv2%2Fcategories&post=2585"},{"taxonomy":"post_tag","embeddable":true,"href":"https:\/\/www.noticiasbrown.com\/index.php?rest_route=%2Fwp%2Fv2%2Ftags&post=2585"}],"curies":[{"name":"wp","href":"https:\/\/api.w.org\/{rel}","templated":true}]}}