{"id":2582,"date":"2026-04-27T08:14:32","date_gmt":"2026-04-27T11:14:32","guid":{"rendered":"https:\/\/www.noticiasbrown.com\/?p=2582"},"modified":"2026-04-27T08:14:32","modified_gmt":"2026-04-27T11:14:32","slug":"protesta-en-la-linea-b-liberan-molinetes-en-reclamo-por-una-trabajadora-despedida","status":"publish","type":"post","link":"https:\/\/www.noticiasbrown.com\/?p=2582","title":{"rendered":"Protesta en la L\u00ednea B: liberan molinetes en reclamo por una trabajadora despedida"},"content":{"rendered":"<div class=\"detail-header-wrapper\">\n<h4 id=\"p-1777285277523-81622\" class=\"ignore-parser\">La medida se realizar\u00e1 en la estaci\u00f3n Federico Lacroze desde temprano y apunta contra la empresa concesionaria, a la que acusan de represalias y encubrimiento.<\/h4>\n<section class=\"detail-body first-paragraph\">\n<section id=\"note-body\" class=\"body-content note-body content-protected-false\" data-twitter-link=\"https:\/\/twitter.com\/intent\/tweet?url=https:\/\/www.minutouno.com\/c6271138&amp;v\u00eda=Ambitocom&amp;related=MinutoUno&amp;text=\">\n<p id=\"p-1777285332314-88185\" data-start=\"274\" data-end=\"630\">La red de subterr\u00e1neos de la Buenos Aires vuelve a ser escenario de una protesta gremial con impacto directo en los usuarios. Este lunes desde las\u00a0<strong>7<\/strong>, trabajadores nucleados en la\u00a0<strong>Asociaci\u00f3n de Trabajadores del Subte y Premetro<\/strong>\u00a0llevar\u00e1n adelante una liberaci\u00f3n de molinetes en la\u00a0<strong>estaci\u00f3n Federico Lacroze<\/strong>\u00a0de la\u00a0<strong>L\u00ednea B.<\/strong><\/p>\n<\/section>\n<\/section>\n<section class=\"detail-body second-paragraph\">\n<section class=\"body-content note-body content-protected-false\">\n<p id=\"p-1777285332314-98587\" data-start=\"632\" data-end=\"1043\">La medida tiene como eje central el reclamo por la reincorporaci\u00f3n de\u00a0<strong>Araceli Pintos,<\/strong>\u00a0una empleada de la empresa concesionaria\u00a0<strong>Emova,<\/strong>\u00a0quien fue despedida luego de denunciar un caso de acoso sexual en su \u00e1mbito laboral. La protesta cuenta adem\u00e1s con el respaldo del Comit\u00e9 por la Reincorporaci\u00f3n de Araceli, integrado por distintas organizaciones sociales, pol\u00edticas y feministas.<\/p>\n<section class=\"detail-body\">\n<section class=\"body-content note-body content-protected-false\">\n<p id=\"p-1777285332314-87667\" data-start=\"1045\" data-end=\"1414\">Seg\u00fan el comunicado difundido por el referente gremial\u00a0<strong>Claudio Dellecarbonara,<\/strong>\u00a0la trabajadora habr\u00eda denunciado a un efectivo de la<strong>\u00a0Polic\u00eda de la Ciudad<\/strong>\u00a0por situaciones de acoso durante su jornada laboral. A partir de ese episodio, tambi\u00e9n se habr\u00edan registrado hechos de violencia laboral por parte de personal jer\u00e1rquico de la empresa.<\/p>\n<\/section>\n<\/section>\n<section class=\"detail-body\">\n<section class=\"body-content note-body content-protected-false\">\n<div id=\"8161652-Libre-785441980_wrap\" class=\"embed_cont type_imagen\" contenteditable=\"false\">\n<div id=\"8161652-Libre-785441980_content\" class=\"embed_content\"><img decoding=\"async\" id=\"8161652-Libre-785441980_embed\" title=\"\" src=\"https:\/\/media.minutouno.com\/p\/9b6bc95499d1cd43a796ea70fa72848b\/adjuntos\/150\/imagenes\/043\/006\/0043006728\/610x0\/smart\/malabia-subte-b.jpeg\" alt=\"\" width=\"610\" height=\"undefined\" data-td-src-property=\"https:\/\/media.minutouno.com\/p\/9b6bc95499d1cd43a796ea70fa72848b\/adjuntos\/150\/imagenes\/043\/006\/0043006728\/610x0\/smart\/malabia-subte-b.jpeg\" \/><\/div>\n<div id=\"p-1777286212459-37425\" class=\"embed_wrapper-cont\"><\/div>\n<\/div>\n<p id=\"p-1777285468042-51682\" data-start=\"1045\" data-end=\"1414\">\n<\/section>\n<\/section>\n<section class=\"detail-body\">\n<section class=\"body-content note-body content-protected-false\">\n<h2 id=\"p-1777285412298-23375\" data-start=\"1045\" data-end=\"1414\">Molinetes liberados en la L\u00ednea B del subte: los motivos<\/h2>\n<p id=\"p-1777285332314-98606\" data-start=\"1416\" data-end=\"1852\">En ese contexto, el sindicato sostiene que el despido de Pintos no fue una decisi\u00f3n aislada, sino una represalia directa por haber expuesto la situaci\u00f3n.\u00a0<span id=\"saysCMSEmphasisc756gpbfb6w\" class=\"saysCMSEmphasis\">\u201cContinuaremos peleando por la reincorporaci\u00f3n de Araceli y exigiendo que Emova deje de encubrir acosadores y violentos. Su despido fue persecutorio, ilegal y discriminatorio porque la empresa tom\u00f3 esa decisi\u00f3n como una represalia ante la denuncia presentada&#8221;<\/span>, expresa el documento.<\/p>\n<\/section>\n<\/section>\n<section class=\"detail-body\">\n<section class=\"body-content note-body content-protected-false\">\n<p id=\"p-1777285332314-3083\" data-start=\"1854\" data-end=\"2090\">La liberaci\u00f3n de molinetes permitir\u00e1 que los pasajeros viajen sin pagar durante el lapso que dure la protesta, una modalidad habitual en este tipo de reclamos que busca visibilizar el conflicto sin interrumpir completamente el servicio. Desde el gremio tambi\u00e9n advirtieron que este caso se suma a una serie de demandas que vienen sosteniendo desde hace tiempo, vinculadas a condiciones laborales, seguridad y la implementaci\u00f3n de protocolos efectivos ante situaciones de violencia de g\u00e9nero dentro del \u00e1mbito de trabajo.<\/p>\n<p id=\"p-1777285332314-48287\" data-start=\"2377\" data-end=\"2692\" data-is-last-node=\"\" data-is-only-node=\"\">En caso de no obtener una respuesta favorable por parte de la empresa, los metrodelegados no descartan profundizar las medidas de fuerza. La posibilidad de nuevas acciones, incluso de mayor duraci\u00f3n o impacto, qued\u00f3 planteada como una alternativa si el conflicto no encuentra una v\u00eda de en los pr\u00f3ximos d\u00edas.<\/p>\n<h2 id=\"p-1777214198085-98353\" data-path-to-node=\"11\">La respuesta de Emova<\/h2>\n<p id=\"p-1777214205169-11166\" data-path-to-node=\"11\">La empresa emiti\u00f3 un comunicado donde sostiene que\u00a0<em>&#8220;ante la medida anunciada en estaci\u00f3n Lacroze para este lunes por parte de un grupo de delegados, que este tipo de acciones que viene realizando el gremio, responde a la decisi\u00f3n de no incorporar de manera efectiva a una empleada tras su per\u00edodo de prueba por reiterados incumplimientos en sus tareas. La empresa cumpli\u00f3 con todas las instancias posibles para evitar dicha situaci\u00f3n&#8221;.<\/em><\/p>\n<\/section>\n<\/section>\n<\/section>\n<\/section>\n<\/div>\n","protected":false},"excerpt":{"rendered":"<p>La medida se realizar\u00e1 en la estaci\u00f3n Federico Lacroze desde temprano y apunta contra la&#8230;<\/p>\n","protected":false},"author":1,"featured_media":2583,"comment_status":"closed","ping_status":"closed","sticky":false,"template":"","format":"standard","meta":{"_jetpack_memberships_contains_paid_content":false,"footnotes":"","jetpack_publicize_message":"","jetpack_publicize_feature_enabled":true,"jetpack_social_post_already_shared":true,"jetpack_social_options":{"image_generator_settings":{"template":"highway","default_image_id":0,"font":"","enabled":false},"version":2}},"categories":[4],"tags":[504,85],"class_list":["post-2582","post","type-post","status-publish","format-standard","has-post-thumbnail","hentry","category-sociedad","tag-linea-b","tag-subte"],"aioseo_notices":[],"jetpack_publicize_connections":[],"jetpack_featured_media_url":"https:\/\/www.noticiasbrown.com\/wp-content\/uploads\/2026\/04\/subte-linea-b.webp","jetpack_sharing_enabled":true,"_links":{"self":[{"href":"https:\/\/www.noticiasbrown.com\/index.php?rest_route=\/wp\/v2\/posts\/2582","targetHints":{"allow":["GET"]}}],"collection":[{"href":"https:\/\/www.noticiasbrown.com\/index.php?rest_route=\/wp\/v2\/posts"}],"about":[{"href":"https:\/\/www.noticiasbrown.com\/index.php?rest_route=\/wp\/v2\/types\/post"}],"author":[{"embeddable":true,"href":"https:\/\/www.noticiasbrown.com\/index.php?rest_route=\/wp\/v2\/users\/1"}],"replies":[{"embeddable":true,"href":"https:\/\/www.noticiasbrown.com\/index.php?rest_route=%2Fwp%2Fv2%2Fcomments&post=2582"}],"version-history":[{"count":1,"href":"https:\/\/www.noticiasbrown.com\/index.php?rest_route=\/wp\/v2\/posts\/2582\/revisions"}],"predecessor-version":[{"id":2584,"href":"https:\/\/www.noticiasbrown.com\/index.php?rest_route=\/wp\/v2\/posts\/2582\/revisions\/2584"}],"wp:featuredmedia":[{"embeddable":true,"href":"https:\/\/www.noticiasbrown.com\/index.php?rest_route=\/wp\/v2\/media\/2583"}],"wp:attachment":[{"href":"https:\/\/www.noticiasbrown.com\/index.php?rest_route=%2Fwp%2Fv2%2Fmedia&parent=2582"}],"wp:term":[{"taxonomy":"category","embeddable":true,"href":"https:\/\/www.noticiasbrown.com\/index.php?rest_route=%2Fwp%2Fv2%2Fcategories&post=2582"},{"taxonomy":"post_tag","embeddable":true,"href":"https:\/\/www.noticiasbrown.com\/index.php?rest_route=%2Fwp%2Fv2%2Ftags&post=2582"}],"curies":[{"name":"wp","href":"https:\/\/api.w.org\/{rel}","templated":true}]}}