{"id":2578,"date":"2026-04-27T08:12:19","date_gmt":"2026-04-27T11:12:19","guid":{"rendered":"https:\/\/www.noticiasbrown.com\/?p=2578"},"modified":"2026-04-27T08:12:19","modified_gmt":"2026-04-27T11:12:19","slug":"clima-hoy-en-buenos-aires-el-pronostico-del-tiempo-para-el-lunes-27-de-abril","status":"publish","type":"post","link":"https:\/\/www.noticiasbrown.com\/?p=2578","title":{"rendered":"Clima hoy en Buenos Aires: el pron\u00f3stico del tiempo para el lunes 27 de abril"},"content":{"rendered":"<div class=\"detail-header-wrapper\">\n<h4 id=\"p-1777262217788-638\" class=\"ignore-parser\">El Servicio Meteorol\u00f3gico Nacional prev\u00e9 un inicio de semana con buen clima y mucho fr\u00edo en el AMBA.<\/h4>\n<section class=\"detail-body first-paragraph\">\n<section id=\"note-body\" class=\"body-content note-body content-protected-false\" data-twitter-link=\"https:\/\/twitter.com\/intent\/tweet?url=https:\/\/www.minutouno.com\/c6271124&amp;v\u00eda=Ambitocom&amp;related=MinutoUno&amp;text=\">\n<p id=\"p-1777262218788-9030\">El\u00a0<strong>\u00c1rea Metropolitana de Buenos Aires (AMBA)<\/strong>\u00a0recibe la llegada del primer gran fr\u00edo del oto\u00f1o y del a\u00f1o, en un inicio de semana que tendr\u00eda\u00a0<strong>buenas condiciones del clima<\/strong>, seg\u00fan el\u00a0<strong>pron\u00f3stico del tiempo del Servicio Meteorol\u00f3gico Nacional (SMN)<\/strong>.<\/p>\n<\/section>\n<\/section>\n<section class=\"detail-body second-paragraph\">\n<section class=\"body-content note-body content-protected-false\">\n<p id=\"p-1777262317932-29679\">De esta manera, el\u00a0<strong>lunes<\/strong>\u00a0se presenta con cielo algo nublado durante la madrugada y ma\u00f1ana, pasando a mayormente nublado en la tarde y parcialmente nublado en la noche; con una m\u00ednima de 6 grados y una m\u00e1xima de 17.<\/p>\n<section class=\"detail-body\">\n<section class=\"body-content note-body content-protected-false\">\n<h2 id=\"p-1777262253880-63750\">El pron\u00f3stico del tiempo extendido en el AMBA<\/h2>\n<p id=\"p-1777241314015-48300\">Se espera que la semana corta transcurra con un leve ascenso de las temperaturas con el correr de los d\u00edas. Sin embargo, el\u00a0<strong>martes<\/strong>\u00a0<strong>se mantendr\u00eda con cielo mayormente nublado y marcas de entre 7 y 18 grados<\/strong>.<\/p>\n<\/section>\n<\/section>\n<section class=\"detail-body\">\n<section class=\"body-content note-body content-protected-false\">\n<p id=\"p-1777241354173-22120\">Condiciones similares tendr\u00eda el\u00a0<strong>mi\u00e9rcoles<\/strong>, con todav\u00eda cielo mayormente nublado; una m\u00ednima de 12 grados y una m\u00e1xima de 21, si\u00e9ndose la suba en el term\u00f3metro.<\/p>\n<\/section>\n<\/section>\n<section class=\"detail-body\">\n<section class=\"body-content note-body content-protected-false\">\n<p id=\"p-1777262231962-60861\">\n<p id=\"p-1777241399971-81119\">El\u00a0<strong>jueves<\/strong>, en la antesala al fin de semana largo, tendr\u00eda cielo algo nublado durante toda la jornada, con temperaturas de entre 10 graso de m\u00ednima y 21 de m\u00e1xima.<\/p>\n<p id=\"p-1777241436797-16113\">El\u00a0<strong>viernes feriado por el D\u00eda del Trabajador<\/strong>\u00a0se espera todav\u00eda m\u00e1s templado, con cielo parcialmente nublado durante toda la jornada y marcas t\u00e9rmicas estimadas entre 12 y 21 grados.<\/p>\n<p id=\"p-1777241478973-59409\">Por ahora, el pron\u00f3stico extendido del SMN llega hasta el\u00a0<strong>s\u00e1bado<\/strong>, que se anticipa con cielo parcialmente nublado durante toda la jornada, con una m\u00ednima de 13 grados y una m\u00e1xima de 22.<\/p>\n<\/section>\n<\/section>\n<\/section>\n<\/section>\n<\/div>\n","protected":false},"excerpt":{"rendered":"<p>El Servicio Meteorol\u00f3gico Nacional prev\u00e9 un inicio de semana con buen clima y mucho fr\u00edo&#8230;<\/p>\n","protected":false},"author":1,"featured_media":2580,"comment_status":"closed","ping_status":"closed","sticky":false,"template":"","format":"standard","meta":{"_jetpack_memberships_contains_paid_content":false,"footnotes":"","jetpack_publicize_message":"","jetpack_publicize_feature_enabled":true,"jetpack_social_post_already_shared":true,"jetpack_social_options":{"image_generator_settings":{"template":"highway","default_image_id":0,"font":"","enabled":false},"version":2}},"categories":[4],"tags":[23,15,494,17,20],"class_list":["post-2578","post","type-post","status-publish","format-standard","has-post-thumbnail","hentry","category-sociedad","tag-buenos-aires","tag-clima","tag-frio","tag-pronostico-del-tiempo-2","tag-servicio-meteorologico-nacional"],"aioseo_notices":[],"jetpack_publicize_connections":[],"jetpack_featured_media_url":"https:\/\/www.noticiasbrown.com\/wp-content\/uploads\/2026\/04\/clima-frio-lluviana-buenos-aires.webp","jetpack_sharing_enabled":true,"_links":{"self":[{"href":"https:\/\/www.noticiasbrown.com\/index.php?rest_route=\/wp\/v2\/posts\/2578","targetHints":{"allow":["GET"]}}],"collection":[{"href":"https:\/\/www.noticiasbrown.com\/index.php?rest_route=\/wp\/v2\/posts"}],"about":[{"href":"https:\/\/www.noticiasbrown.com\/index.php?rest_route=\/wp\/v2\/types\/post"}],"author":[{"embeddable":true,"href":"https:\/\/www.noticiasbrown.com\/index.php?rest_route=\/wp\/v2\/users\/1"}],"replies":[{"embeddable":true,"href":"https:\/\/www.noticiasbrown.com\/index.php?rest_route=%2Fwp%2Fv2%2Fcomments&post=2578"}],"version-history":[{"count":1,"href":"https:\/\/www.noticiasbrown.com\/index.php?rest_route=\/wp\/v2\/posts\/2578\/revisions"}],"predecessor-version":[{"id":2581,"href":"https:\/\/www.noticiasbrown.com\/index.php?rest_route=\/wp\/v2\/posts\/2578\/revisions\/2581"}],"wp:featuredmedia":[{"embeddable":true,"href":"https:\/\/www.noticiasbrown.com\/index.php?rest_route=\/wp\/v2\/media\/2580"}],"wp:attachment":[{"href":"https:\/\/www.noticiasbrown.com\/index.php?rest_route=%2Fwp%2Fv2%2Fmedia&parent=2578"}],"wp:term":[{"taxonomy":"category","embeddable":true,"href":"https:\/\/www.noticiasbrown.com\/index.php?rest_route=%2Fwp%2Fv2%2Fcategories&post=2578"},{"taxonomy":"post_tag","embeddable":true,"href":"https:\/\/www.noticiasbrown.com\/index.php?rest_route=%2Fwp%2Fv2%2Ftags&post=2578"}],"curies":[{"name":"wp","href":"https:\/\/api.w.org\/{rel}","templated":true}]}}