{"id":2555,"date":"2026-04-23T10:40:06","date_gmt":"2026-04-23T13:40:06","guid":{"rendered":"https:\/\/www.noticiasbrown.com\/?p=2555"},"modified":"2026-04-23T08:48:00","modified_gmt":"2026-04-23T11:48:00","slug":"el-anses-de-axel-kicillof-activo-un-descuento-para-jubilados-en-termas-cerca-del-amba","status":"publish","type":"post","link":"https:\/\/www.noticiasbrown.com\/?p=2555","title":{"rendered":"El Anses de Axel Kicillof activ\u00f3 un descuento para jubilados en termas cerca del AMBA"},"content":{"rendered":"<div class=\"detail-header-wrapper\">\n<h3 class=\"ignore-parser\">El organismo previsional bonaerense anunci\u00f3 un beneficio exclusivo para\u00a0<strong class=\"ignore-parser\" data-path-to-node=\"2\" data-index-in-node=\"80\">jubilados<\/strong> y pensionados. Conoc\u00e9 c\u00f3mo acceder a la rebaja en las termas de Tapalqu\u00e9.<\/h3>\n<section class=\"detail-body first-paragraph\">\n<section id=\"note-body\" class=\"body-content note-body content-protected-false\" data-twitter-link=\"https:\/\/twitter.com\/intent\/tweet?url=https:\/\/www.minutouno.com\/c6269092&amp;v\u00eda=Ambitocom&amp;related=MinutoUno&amp;text=\">\n<p data-path-to-node=\"4\">El Instituto de Previsi\u00f3n Social (IPS), conocido popularmente como el Anses bonaerense, confirm\u00f3 una excelente noticia para miles de\u00a0<strong><a title=\"Jubilados de ANSES: el aumento confirmado para los haberes de mayo\" href=\"https:\/\/www.minutouno.com\/economia\/jubilados-anses-el-aumento-confirmado-los-haberes-mayo-n6268529\" target=\"_blank\" rel=\"follow noopener\">jubilados\u00a0<\/a><\/strong>y pensionados de la provincia. Con el claro objetivo de promover el turismo y el bienestar, el organismo activ\u00f3 importantes rebajas para acceder a los mejores complejos termales.<\/p>\n<\/section>\n<\/section>\n<section class=\"detail-body second-paragraph\">\n<section class=\"body-content note-body content-protected-false\">\n<figure id=\"8214339-Libre-525650009_wrap\" class=\"embed_cont type_imagen\" contenteditable=\"false\">\n<div id=\"8214339-Libre-525650009_content\" class=\"embed_content\"><img loading=\"lazy\" decoding=\"async\" id=\"8214339-Libre-525650009_embed\" title=\"Termas de Tapalqu\u00e9 con descuento para jubilados\" src=\"https:\/\/media.minutouno.com\/p\/1ed7d4af30b5880959bd8032d89037f5\/adjuntos\/150\/imagenes\/043\/317\/0043317023\/610x0\/smart\/image.png\" alt=\"Termas de Tapalqu\u00e9 con descuento para jubilados\" width=\"610\" height=\"343\" data-td-src-property=\"https:\/\/media.minutouno.com\/p\/1ed7d4af30b5880959bd8032d89037f5\/adjuntos\/150\/imagenes\/043\/317\/0043317023\/610x0\/smart\/image.png\" \/><\/div>\n<\/figure>\n<h2 data-path-to-node=\"6\">De cu\u00e1nto es el\u00a0<strong data-path-to-node=\"6\" data-index-in-node=\"16\">descuento<\/strong>\u00a0para visitar las termas de Tapalqu\u00e9<\/h2>\n<p data-path-to-node=\"7\">A partir de la temporada de verano 2026, la entidad previsional que responde a la gesti\u00f3n de Axel Kicillof incorpor\u00f3 oficialmente al\u00a0<strong data-path-to-node=\"7\" data-index-in-node=\"133\">Complejo termal de Tapalqu\u00e9<\/strong>\u00a0a su amplia cartera de beneficios para los trabajadores pasivos de la provincia de Buenos Aires.<\/p>\n<section class=\"detail-body\">\n<section class=\"body-content note-body content-protected-false\">\n<p data-path-to-node=\"8\">El complejo tur\u00edstico estableci\u00f3 que la entrada general al predio tiene un valor de\u00a0<strong data-path-to-node=\"8\" data-index-in-node=\"84\">$20.000<\/strong>, sobre el cual las personas mayores perciben habitualmente una quita del 25%. Sin embargo, pertenecer a la caja bonaerense otorga una ventaja econ\u00f3mica muy superior.<\/p>\n<\/section>\n<\/section>\n<section class=\"detail-body\">\n<section class=\"body-content note-body content-protected-false\">\n<p data-path-to-node=\"9\">Seg\u00fan detallaron de forma oficial, los beneficiarios del IPS acceder\u00e1n a un\u00a0<strong data-path-to-node=\"9\" data-index-in-node=\"76\">descuento del 20% adicional<\/strong>\u00a0durante los d\u00edas de semana. En tanto, para aquellos que decidan viajar a descansar durante los fines de semana o los d\u00edas feriados, la bonificaci\u00f3n extra aplicable sobre la tarifa ser\u00e1 del 10%. Las reservas se pueden gestionar telef\u00f3nicamente al 02281 585125 o a trav\u00e9s de la web oficial del predio.<\/p>\n<h2 data-path-to-node=\"10\">M\u00e1s destinos tur\u00edsticos para los\u00a0<strong data-path-to-node=\"10\" data-index-in-node=\"33\">jubilados<\/strong>\u00a0bonaerenses<\/h2>\n<p data-path-to-node=\"11\">Adem\u00e1s del novedoso destino en Tapalqu\u00e9, el organismo provincial mantiene plenamente vigentes una gran serie de convenios con diferentes municipios del territorio para garantizar m\u00e1s tarifas especiales orientadas al descanso de la tercera edad.<\/p>\n<p data-path-to-node=\"12\">Entre las opciones tur\u00edsticas y recreativas m\u00e1s destacadas se encuentran el\u00a0<strong data-path-to-node=\"12\" data-index-in-node=\"76\">Parque Termal Dolores<\/strong>, la Laguna Sauce Grande en Monte Hermoso y el Hotel Provincial Sierra de la Ventana (Casino, Resort y Spa). Cabe destacar que estos beneficios pueden combinarse con los ahorros adicionales que ofrece el Banco Provincia abonando mediante su billetera virtual\u00a0<strong data-path-to-node=\"12\" data-index-in-node=\"356\">Cuenta DNI<\/strong>.<\/p>\n<\/section>\n<\/section>\n<\/section>\n<\/section>\n<\/div>\n","protected":false},"excerpt":{"rendered":"<p>El organismo previsional bonaerense anunci\u00f3 un beneficio exclusivo para\u00a0jubilados y pensionados. Conoc\u00e9 c\u00f3mo acceder a&#8230;<\/p>\n","protected":false},"author":1,"featured_media":2556,"comment_status":"closed","ping_status":"closed","sticky":false,"template":"","format":"standard","meta":{"_jetpack_memberships_contains_paid_content":false,"footnotes":"","jetpack_publicize_message":"","jetpack_publicize_feature_enabled":true,"jetpack_social_post_already_shared":true,"jetpack_social_options":{"image_generator_settings":{"template":"highway","default_image_id":0,"font":"","enabled":false},"version":2}},"categories":[4],"tags":[117,335,502,118],"class_list":["post-2555","post","type-post","status-publish","format-standard","has-post-thumbnail","hentry","category-sociedad","tag-anses","tag-axel-kicillof","tag-instituto-de-prevision-social","tag-jubilados"],"aioseo_notices":[],"jetpack_publicize_connections":[],"jetpack_featured_media_url":"https:\/\/www.noticiasbrown.com\/wp-content\/uploads\/2026\/04\/el-anses-axel-kicillof-activo-un-descuento-jubilados-termas-cerca-del-amba.webp","jetpack_sharing_enabled":true,"_links":{"self":[{"href":"https:\/\/www.noticiasbrown.com\/index.php?rest_route=\/wp\/v2\/posts\/2555","targetHints":{"allow":["GET"]}}],"collection":[{"href":"https:\/\/www.noticiasbrown.com\/index.php?rest_route=\/wp\/v2\/posts"}],"about":[{"href":"https:\/\/www.noticiasbrown.com\/index.php?rest_route=\/wp\/v2\/types\/post"}],"author":[{"embeddable":true,"href":"https:\/\/www.noticiasbrown.com\/index.php?rest_route=\/wp\/v2\/users\/1"}],"replies":[{"embeddable":true,"href":"https:\/\/www.noticiasbrown.com\/index.php?rest_route=%2Fwp%2Fv2%2Fcomments&post=2555"}],"version-history":[{"count":1,"href":"https:\/\/www.noticiasbrown.com\/index.php?rest_route=\/wp\/v2\/posts\/2555\/revisions"}],"predecessor-version":[{"id":2557,"href":"https:\/\/www.noticiasbrown.com\/index.php?rest_route=\/wp\/v2\/posts\/2555\/revisions\/2557"}],"wp:featuredmedia":[{"embeddable":true,"href":"https:\/\/www.noticiasbrown.com\/index.php?rest_route=\/wp\/v2\/media\/2556"}],"wp:attachment":[{"href":"https:\/\/www.noticiasbrown.com\/index.php?rest_route=%2Fwp%2Fv2%2Fmedia&parent=2555"}],"wp:term":[{"taxonomy":"category","embeddable":true,"href":"https:\/\/www.noticiasbrown.com\/index.php?rest_route=%2Fwp%2Fv2%2Fcategories&post=2555"},{"taxonomy":"post_tag","embeddable":true,"href":"https:\/\/www.noticiasbrown.com\/index.php?rest_route=%2Fwp%2Fv2%2Ftags&post=2555"}],"curies":[{"name":"wp","href":"https:\/\/api.w.org\/{rel}","templated":true}]}}