{"id":2551,"date":"2026-04-23T08:45:53","date_gmt":"2026-04-23T11:45:53","guid":{"rendered":"https:\/\/www.noticiasbrown.com\/?p=2551"},"modified":"2026-04-23T08:45:53","modified_gmt":"2026-04-23T11:45:53","slug":"desalojaron-a-un-jubilado-discapacitado-de-un-departamento-de-recoleta-hicieron-cualquier-cosa-conmigo","status":"publish","type":"post","link":"https:\/\/www.noticiasbrown.com\/?p=2551","title":{"rendered":"Desalojaron a un jubilado discapacitado de un departamento de Recoleta: &#8220;Hicieron cualquier cosa conmigo&#8221;"},"content":{"rendered":"<div class=\"detail-header-wrapper\">\n<h3 class=\"ignore-parser\">Tiene 60 a\u00f1os y actualmente no posee ingresos suficientes, no tiene una red familiar y perdi\u00f3 su casa en medio de un operativo policial.<\/h3>\n<section class=\"detail-body first-paragraph\">\n<section id=\"note-body\" class=\"body-content note-body content-protected-false\" data-twitter-link=\"https:\/\/twitter.com\/intent\/tweet?url=https:\/\/www.minutouno.com\/c6269507&amp;v\u00eda=Ambitocom&amp;related=MinutoUno&amp;text=\">\n<p id=\"p-1776860128124-55701\" data-start=\"329\" data-end=\"673\" data-mrf-recirculation=\"Article - Paragraph Links\"><strong>Ernesto, un jubilado de 60 a\u00f1os con discapacidad, fue desalojado este mi\u00e9rcoles del departamento que alquilaba<\/strong>\u00a0sobre la calle French, entre Austria y Ag\u00fcero, en el barrio porte\u00f1o de<strong>\u00a0Recoleta<\/strong>, tras acumular dos a\u00f1os sin poder afrontar el pago del alquiler, las expensas ni los servicios. &#8220;<span id=\"saysCMSEmphasis5mu7u253q8x\" class=\"saysCMSEmphasis\">Est\u00e1n haciendo cualquier cosa conmigo<\/span>&#8220;, declar\u00f3<em>.<\/em><\/p>\n<\/section>\n<\/section>\n<section class=\"detail-body second-paragraph\">\n<section class=\"body-content note-body content-protected-false\">\n<p id=\"p-1776860128124-8683\" data-start=\"675\" data-end=\"954\" data-mrf-recirculation=\"Article - Paragraph Links\">La situaci\u00f3n se da en un contexto de crisis econ\u00f3mica donde se registra una profunda p\u00e9rdida del poder adquisitivo que atraviesan jubilados y trabajadores.<strong>\u00a0Jubilado de la m\u00ednima, sin margen financiero y sin respaldo familiar, el hombre qued\u00f3 al borde de la calle.<\/strong><\/p>\n<section class=\"detail-body\">\n<section class=\"body-content note-body content-protected-false\">\n<div id=\"8214865-1711664191_wrap\" class=\"embed_cont type_video\" contenteditable=\"false\">\n<div id=\"8214865-1711664191_content\" class=\"embed_content\">\n<div id=\"8214865-1711664191_embed\">\n<div id=\"mediaPlayer_8214865-1711664191\"><iframe loading=\"lazy\" src=\"https:\/\/www.minutouno.com\/services\/embed.php?idAdjunto=8214865&amp;idAdjuntoTamano=&amp;width=622&amp;height=351&amp;tipo=video\" width=\"622\" height=\"351\" frameborder=\"0\" scrolling=\"no\" allowfullscreen=\"allowfullscreen\" data-td-src-property=\"https:\/\/www.minutouno.com\/services\/embed.php?idAdjunto=8214865&amp;idAdjuntoTamano=&amp;width=622&amp;height=351&amp;tipo=video\" data-mce-fragment=\"1\"><\/iframe><\/div>\n<\/div>\n<\/div>\n<div id=\"p-1776865828988-85133\" class=\"embed_wrapper-cont\"><\/div>\n<\/div>\n<\/section>\n<\/section>\n<section class=\"detail-body\">\n<section class=\"body-content note-body content-protected-false\">\n<p id=\"p-1776860128124-15977\" data-start=\"956\" data-end=\"1370\" data-mrf-recirculation=\"Article - Paragraph Links\">Este mi\u00e9rcoles en la ma\u00f1ana, efectivos de la Polic\u00eda de la Ciudad de Buenos Aires montaron un operativo en el lugar para concretar el desalojo. Tambi\u00e9n se hicieron presentes integrantes de la red de asistencia del Gobierno porte\u00f1o, quienes intentaban encontrar una alternativa habitacional de urgencia. Sin embargo, ante la consulta de este medio,\u00a0<strong>las autoridades no pudieron confirmar si Ernesto ya cuenta con un destino asignado.<\/strong><\/p>\n<\/section>\n<\/section>\n<section class=\"detail-body\">\n<section class=\"body-content note-body content-protected-false\">\n<p id=\"p-1776860128124-71610\" data-start=\"1372\" data-end=\"1538\" data-mrf-recirculation=\"Article - Paragraph Links\">En paralelo, una\u00a0<strong>ambulancia del Sistema de Atenci\u00f3n M\u00e9dica de Emergencias (SAME)\u00a0<\/strong>arrib\u00f3 al edificio para realizarle un control m\u00e9dico, en funci\u00f3n de su condici\u00f3n de salud y el impacto emocional de la situaci\u00f3n. Mientras era trasladado, Ernesto se mostraba angustado por la situaci\u00f3n.<\/p>\n<p id=\"p-1776864085584-74077\" data-start=\"1372\" data-end=\"1538\" data-mrf-recirculation=\"Article - Paragraph Links\">No es la primera vez que Ernesto enfrenta este escenario.\u00a0<strong>El a\u00f1o pasado, ya se hab\u00eda intentado avanzar con el desalojo y su posterior traslado a otro espacio, pero aquella instancia no prosper\u00f3.<\/strong><\/p>\n<p id=\"p-1776860128124-83021\" data-start=\"1736\" data-end=\"2083\" data-mrf-recirculation=\"Article - Paragraph Links\">Ernesto no tiene familiares que puedan asistirlo dado que su \u00fanica hermana atraviesa una situaci\u00f3n similar, su caso refleja una problem\u00e1tica en expansi\u00f3n. De acuerdo con datos del<strong>\u00a0ministerio de Capital Humano<\/strong>,<strong>\u00a0el 60% de las personas en situaci\u00f3n de calle cay\u00f3 en esa condici\u00f3n en los \u00faltimos dos a\u00f1os,<\/strong>\u00a0una estad\u00edstica que da cuenta del agravamiento del cuadro social.<\/p>\n<\/section>\n<\/section>\n<\/section>\n<\/section>\n<\/div>\n","protected":false},"excerpt":{"rendered":"<p>Tiene 60 a\u00f1os y actualmente no posee ingresos suficientes, no tiene una red familiar y&#8230;<\/p>\n","protected":false},"author":1,"featured_media":2552,"comment_status":"closed","ping_status":"closed","sticky":false,"template":"","format":"standard","meta":{"_jetpack_memberships_contains_paid_content":false,"footnotes":"","jetpack_publicize_message":"","jetpack_publicize_feature_enabled":true,"jetpack_social_post_already_shared":true,"jetpack_social_options":{"image_generator_settings":{"template":"highway","default_image_id":0,"font":"","enabled":false},"version":2}},"categories":[4],"tags":[501,118,500],"class_list":["post-2551","post","type-post","status-publish","format-standard","has-post-thumbnail","hentry","category-sociedad","tag-desalojo","tag-jubilados","tag-recoleta"],"aioseo_notices":[],"jetpack_publicize_connections":[],"jetpack_featured_media_url":"https:\/\/www.noticiasbrown.com\/wp-content\/uploads\/2026\/04\/jubilado-desalojado.webp","jetpack_sharing_enabled":true,"_links":{"self":[{"href":"https:\/\/www.noticiasbrown.com\/index.php?rest_route=\/wp\/v2\/posts\/2551","targetHints":{"allow":["GET"]}}],"collection":[{"href":"https:\/\/www.noticiasbrown.com\/index.php?rest_route=\/wp\/v2\/posts"}],"about":[{"href":"https:\/\/www.noticiasbrown.com\/index.php?rest_route=\/wp\/v2\/types\/post"}],"author":[{"embeddable":true,"href":"https:\/\/www.noticiasbrown.com\/index.php?rest_route=\/wp\/v2\/users\/1"}],"replies":[{"embeddable":true,"href":"https:\/\/www.noticiasbrown.com\/index.php?rest_route=%2Fwp%2Fv2%2Fcomments&post=2551"}],"version-history":[{"count":2,"href":"https:\/\/www.noticiasbrown.com\/index.php?rest_route=\/wp\/v2\/posts\/2551\/revisions"}],"predecessor-version":[{"id":2554,"href":"https:\/\/www.noticiasbrown.com\/index.php?rest_route=\/wp\/v2\/posts\/2551\/revisions\/2554"}],"wp:featuredmedia":[{"embeddable":true,"href":"https:\/\/www.noticiasbrown.com\/index.php?rest_route=\/wp\/v2\/media\/2552"}],"wp:attachment":[{"href":"https:\/\/www.noticiasbrown.com\/index.php?rest_route=%2Fwp%2Fv2%2Fmedia&parent=2551"}],"wp:term":[{"taxonomy":"category","embeddable":true,"href":"https:\/\/www.noticiasbrown.com\/index.php?rest_route=%2Fwp%2Fv2%2Fcategories&post=2551"},{"taxonomy":"post_tag","embeddable":true,"href":"https:\/\/www.noticiasbrown.com\/index.php?rest_route=%2Fwp%2Fv2%2Ftags&post=2551"}],"curies":[{"name":"wp","href":"https:\/\/api.w.org\/{rel}","templated":true}]}}