{"id":2548,"date":"2026-04-23T10:20:06","date_gmt":"2026-04-23T13:20:06","guid":{"rendered":"https:\/\/www.noticiasbrown.com\/?p=2548"},"modified":"2026-04-23T08:43:14","modified_gmt":"2026-04-23T11:43:14","slug":"anses-el-motivo-por-el-cual-los-beneficiarios-pueden-perder-el-acceso-a-un-bono-importante","status":"publish","type":"post","link":"https:\/\/www.noticiasbrown.com\/?p=2548","title":{"rendered":"ANSES: el motivo por el cual los beneficiarios pueden perder el acceso a un bono importante"},"content":{"rendered":"<div class=\"detail-header-wrapper\">\n<h3 class=\"ignore-parser\">El organismo gubernamental actualiz\u00f3 el sistema de pensiones por discapacidad y sostiene criterios m\u00e9dicos y sociales m\u00e1s exigentes para acceder.<\/h3>\n<section class=\"detail-body first-paragraph\">\n<section id=\"note-body\" class=\"body-content note-body content-protected-false\" data-twitter-link=\"https:\/\/twitter.com\/intent\/tweet?url=https:\/\/www.minutouno.com\/c6269395&amp;v\u00eda=Ambitocom&amp;related=MinutoUno&amp;text=\">En Argentina, este beneficio depende de la\u00a0<strong>ANSES<\/strong>\u00a0y forma parte de las\u00a0<strong>Pensiones No Contributivas<\/strong>. En los \u00faltimos meses, el sistema fue reordenado bajo la sigla\u00a0<strong>PNC-PS<\/strong>, una actualizaci\u00f3n que busca unificar criterios, agilizar tr\u00e1mites y regularizar expedientes previos.<\/p>\n<\/section>\n<\/section>\n<section class=\"detail-body second-paragraph\">\n<section class=\"body-content note-body content-protected-false\">Cuando una enfermedad reduce o impide trabajar, el problema no se limita a la salud: tambi\u00e9n afecta de lleno los ingresos. En ese contexto, las\u00a0<strong>pensiones por discapacidad<\/strong>\u00a0se vuelven clave para cubrir gastos b\u00e1sicos y sostener la econom\u00eda diaria.<\/p>\n<section class=\"detail-body\">\n<section class=\"body-content note-body content-protected-false\">El prop\u00f3sito es garantizar un\u00a0<strong>ingreso mensual<\/strong>\u00a0a quienes no pueden acceder al\u00a0<strong>mercado laboral<\/strong>\u00a0por razones de salud y, al mismo tiempo, no cuentan con otros\u00a0<strong>recursos econ\u00f3micos<\/strong>\u00a0para subsistir.<\/p>\n<\/section>\n<\/section>\n<section class=\"detail-body\">\n<section class=\"body-content note-body content-protected-false\">\n<h2>Qu\u00e9 cambi\u00f3 en las Pensiones por Discapacidad<\/h2>\n<p data-start=\"1912\" data-end=\"2189\">El primer paso sigue siendo la presentaci\u00f3n del\u00a0<strong data-start=\"1960\" data-end=\"1996\">Certificado M\u00e9dico Oficial (CMO)<\/strong>, donde se debe acreditar una\u00a0<strong data-start=\"2026\" data-end=\"2063\">incapacidad laboral del 76% o m\u00e1s<\/strong>. Este documento es indispensable y debe detallar el diagn\u00f3stico, la evoluci\u00f3n de la enfermedad y las limitaciones que genera.<\/p>\n<\/section>\n<\/section>\n<section class=\"detail-body\">\n<section class=\"body-content note-body content-protected-false\">\n<p data-start=\"2191\" data-end=\"2519\">Pero el punto de inflexi\u00f3n aparece despu\u00e9s. A partir de ese momento,\u00a0<strong>interviene la ANDIS<\/strong>, que analiza en profundidad c\u00f3mo impacta esa condici\u00f3n en la vida diaria del solicitante. Se eval\u00faa su grado de autonom\u00eda, su capacidad para desenvolverse en actividades b\u00e1sicas, su nivel de integraci\u00f3n social y el contexto en el que vive.<\/p>\n<\/section>\n<\/section>\n<section class=\"detail-body\">\n<section class=\"body-content note-body content-protected-false\">\n<p data-start=\"2521\" data-end=\"2699\">En resumen, el sistema ya no se limita a observar una historia cl\u00ednica, sino que intenta determinar si esa persona\u00a0<strong data-start=\"2643\" data-end=\"2698\">realmente no puede insertarse en el mercado laboral<\/strong>.<\/p>\n<h2>El requisito que m\u00e1s rechazos genera<\/h2>\n<p data-start=\"2772\" data-end=\"3021\">Uno de los cambios m\u00e1s determinantes est\u00e1 en el an\u00e1lisis de los ingresos.\u00a0<strong>La pensi\u00f3n por discapacidad est\u00e1 dirigida exclusivamente a personas en situaci\u00f3n de vulnerabilidad, por lo que los controles sobre este punto se volvieron mucho m\u00e1s estrictos.<\/strong><\/p>\n<p data-start=\"3023\" data-end=\"3243\">Para acceder al beneficio, es necesario no tener ning\u00fan tipo de ingreso formal. Esto incluye no cobrar jubilaciones ni pensiones, no estar registrado como trabajador y tampoco figurar como monotributista o aut\u00f3nomo.<\/p>\n<p data-start=\"3245\" data-end=\"3460\"><strong>Este requisito se transform\u00f3 en uno de los principales motivos de rechazo<\/strong>.<\/p>\n<p data-start=\"3462\" data-end=\"3629\">Por eso, desde organismos oficiales insisten en que antes de iniciar la solicitud, es clave revisar la situaci\u00f3n laboral y previsional para evitar demoras o negativas.<\/p>\n<h2>C\u00f3mo iniciar el tr\u00e1mite en ANSES paso a paso<\/h2>\n<p data-start=\"4607\" data-end=\"4794\">El proceso para solicitar la pensi\u00f3n por discapacidad puede comenzar de forma digital o presencial.<\/p>\n<p data-start=\"4796\" data-end=\"5024\">A trav\u00e9s de la plataforma\u00a0<strong data-start=\"4822\" data-end=\"4834\">Mi ANSES<\/strong>, los solicitantes pueden cargar sus datos personales e iniciar el expediente.<\/p>\n<p data-start=\"5026\" data-end=\"5232\">La documentaci\u00f3n b\u00e1sica incluye\u00a0<strong>el DNI, la constancia de CUIL y el Certificado M\u00e9dico Oficial<\/strong>. Este \u00faltimo documento es el eje del proceso y debe estar correctamente confeccionado para evitar observaciones.<\/p>\n<p data-start=\"5234\" data-end=\"5432\">Una vez presentada la solicitud, comienza la etapa de evaluaci\u00f3n. Durante este per\u00edodo, los organismos intervinientes analizan toda la informaci\u00f3n aportada y pueden requerir documentaci\u00f3n adicional.<\/p>\n<p data-start=\"5434\" data-end=\"5692\">Si el expediente cumple con todos los requisitos, la pensi\u00f3n es aprobada y el beneficiario comienza a cobrar seg\u00fan el calendario vigente. En cambio, si se detectan inconsistencias o faltantes, el tr\u00e1mite puede quedar en revisi\u00f3n o ser directamente rechazado.<\/p>\n<\/section>\n<\/section>\n<\/section>\n<\/section>\n<\/div>\n","protected":false},"excerpt":{"rendered":"<p>El organismo gubernamental actualiz\u00f3 el sistema de pensiones por discapacidad y sostiene criterios m\u00e9dicos y&#8230;<\/p>\n","protected":false},"author":1,"featured_media":2549,"comment_status":"closed","ping_status":"closed","sticky":false,"template":"","format":"standard","meta":{"_jetpack_memberships_contains_paid_content":false,"footnotes":"","jetpack_publicize_message":"","jetpack_publicize_feature_enabled":true,"jetpack_social_post_already_shared":true,"jetpack_social_options":{"image_generator_settings":{"template":"highway","default_image_id":0,"font":"","enabled":false},"version":2}},"categories":[4],"tags":[117,397],"class_list":["post-2548","post","type-post","status-publish","format-standard","has-post-thumbnail","hentry","category-sociedad","tag-anses","tag-bonos"],"aioseo_notices":[],"jetpack_publicize_connections":[],"jetpack_featured_media_url":"https:\/\/www.noticiasbrown.com\/wp-content\/uploads\/2026\/04\/anses-jubilados.webp","jetpack_sharing_enabled":true,"_links":{"self":[{"href":"https:\/\/www.noticiasbrown.com\/index.php?rest_route=\/wp\/v2\/posts\/2548","targetHints":{"allow":["GET"]}}],"collection":[{"href":"https:\/\/www.noticiasbrown.com\/index.php?rest_route=\/wp\/v2\/posts"}],"about":[{"href":"https:\/\/www.noticiasbrown.com\/index.php?rest_route=\/wp\/v2\/types\/post"}],"author":[{"embeddable":true,"href":"https:\/\/www.noticiasbrown.com\/index.php?rest_route=\/wp\/v2\/users\/1"}],"replies":[{"embeddable":true,"href":"https:\/\/www.noticiasbrown.com\/index.php?rest_route=%2Fwp%2Fv2%2Fcomments&post=2548"}],"version-history":[{"count":1,"href":"https:\/\/www.noticiasbrown.com\/index.php?rest_route=\/wp\/v2\/posts\/2548\/revisions"}],"predecessor-version":[{"id":2550,"href":"https:\/\/www.noticiasbrown.com\/index.php?rest_route=\/wp\/v2\/posts\/2548\/revisions\/2550"}],"wp:featuredmedia":[{"embeddable":true,"href":"https:\/\/www.noticiasbrown.com\/index.php?rest_route=\/wp\/v2\/media\/2549"}],"wp:attachment":[{"href":"https:\/\/www.noticiasbrown.com\/index.php?rest_route=%2Fwp%2Fv2%2Fmedia&parent=2548"}],"wp:term":[{"taxonomy":"category","embeddable":true,"href":"https:\/\/www.noticiasbrown.com\/index.php?rest_route=%2Fwp%2Fv2%2Fcategories&post=2548"},{"taxonomy":"post_tag","embeddable":true,"href":"https:\/\/www.noticiasbrown.com\/index.php?rest_route=%2Fwp%2Fv2%2Ftags&post=2548"}],"curies":[{"name":"wp","href":"https:\/\/api.w.org\/{rel}","templated":true}]}}