{"id":2545,"date":"2026-04-23T08:41:29","date_gmt":"2026-04-23T11:41:29","guid":{"rendered":"https:\/\/www.noticiasbrown.com\/?p=2545"},"modified":"2026-04-23T08:41:29","modified_gmt":"2026-04-23T11:41:29","slug":"javier-milei-confirmo-el-envio-de-la-reforma-electoral-al-congreso-un-paso-crucial","status":"publish","type":"post","link":"https:\/\/www.noticiasbrown.com\/?p=2545","title":{"rendered":"Javier Milei confirm\u00f3 el env\u00edo de la reforma electoral al Congreso: &#8220;Un paso crucial&#8221;"},"content":{"rendered":"<div class=\"detail-header-wrapper\">\n<h3 id=\"p-1776892940297-75049\" class=\"ignore-parser\">Con un extenso comunicado, el Presidente explic\u00f3 los detalles del proyecto y la motivaci\u00f3n de su Gobierno para impulsarlo.<\/h3>\n<section class=\"detail-body first-paragraph\">\n<section id=\"note-body\" class=\"body-content note-body content-protected-false\" data-twitter-link=\"https:\/\/twitter.com\/intent\/tweet?url=https:\/\/www.minutouno.com\/c6269778&amp;v\u00eda=Ambitocom&amp;related=MinutoUno&amp;text=\">\n<p id=\"p-1776893268407-45116\">En la tarde de este mi\u00e9rcoles 22 de abril,\u00a0<strong>Javier Milei confirm\u00f3 el env\u00edo del proyecto de\u00a0Reforma Electoral\u00a0al Congreso<\/strong>, a trav\u00e9s de la cuenta de X de la Oficina del Presidente, asegurando que el mismo\u00a0<span id=\"saysCMSEmphasis66dlw2mkklp\" class=\"saysCMSEmphasis\">&#8220;tiene por objetivo corregir un sistema viciado de ra\u00edz para que la pol\u00edtica cueste menos, sea m\u00e1s transparente y represente a quienes dice representar&#8221;.<\/span><\/p>\n<\/section>\n<\/section>\n<section class=\"detail-body second-paragraph\">\n<section class=\"body-content note-body content-protected-false\">\n<p id=\"p-1776892795650-29799\">En este sentido, detall\u00f3 que &#8220;la reforma plantea<strong>\u00a0la eliminaci\u00f3n definitiva de las Primarias Abiertas Simult\u00e1neas y Obligatorias (PASO)<\/strong>, un experimento fallido que intent\u00f3 impulsar la falsa dicotom\u00eda de &#8216;internas abiertas&#8217;, que solo en 2023 le costaron a los argentinos $45.000 millones y no sirvieron para dirimir ninguna interna relevante&#8221;.<\/p>\n<section class=\"detail-body\">\n<section class=\"body-content note-body content-protected-false\">\n<p id=\"p-1776893387743-96830\">&#8220;De ac\u00e1 en adelante, las primarias vuelven a ser un asunto interno de los partidos, no del Estado.<strong>\u00a0Los argentinos no tienen por qu\u00e9 pagar las diferencias internas de los pol\u00edticos<\/strong>&#8220;, manifestaron desde el Gobierno, a trav\u00e9s del escrito en redes sociales.<\/p>\n<\/section>\n<\/section>\n<section class=\"detail-body\">\n<section class=\"body-content note-body content-protected-false\">\n<p id=\"p-1776893421304-13871\">Y a\u00f1adieron: &#8220;Adicionalmente, este proyecto eleva los pisos de afiliaci\u00f3n para registrar un partido y los pisos de votos para mantener la personer\u00eda, con el fin de terminar con el r\u00e9gimen de los &#8216;sellos de goma&#8217;, que hacen de cada elecci\u00f3n un negocio. A su vez, se incorpora la afiliaci\u00f3n digital, que moderniza el tr\u00e1mite y termina con el filtro burocr\u00e1tico que la propia dirigencia usaba para bloquear nuevas expresiones pol\u00edticas&#8221;.<\/p>\n<\/section>\n<\/section>\n<section class=\"detail-body\">\n<section class=\"body-content note-body content-protected-false\">\n<p id=\"p-1776893439304-36677\">&#8220;<strong>El proyecto tambi\u00e9n propone la eliminaci\u00f3n total del r\u00e9gimen de espacios cedidos, que actualmente obliga a los medios a entregar espacios de aire para propaganda partidaria gratuita<\/strong>, un subsidio medi\u00e1tico escondido que los argentinos nunca votaron en ning\u00fan presupuesto&#8221;, continuaron detallando.<\/p>\n<\/section>\n<\/section>\n<section class=\"detail-body\">\n<section class=\"body-content note-body content-protected-false\">\n<p id=\"p-1776893465823-30249\">Luego, indicaron que &#8220;<strong>esta reforma buscar\u00e1 transparentar el financiamiento de los partidos pol\u00edticos<\/strong>&#8220;, remarcando que &#8220;hoy se calcula que solo el 10% del dinero que financia campa\u00f1as electorales est\u00e1 registrado; el otro 90% es &#8216;plata negra&#8217; que muchas veces viene de actividades il\u00edcitas&#8221;.<\/p>\n<p id=\"p-1776893499288-45815\">&#8220;Las democracias modernas ya resolvieron esto: permiten que personas y empresas aporten de manera regulada, transparente y trazable. Este proyecto hace lo mismo y suma la opci\u00f3n de que los partidos que quieran renunciar completamente al aporte estatal y financiarse \u00edntegramente con aportes voluntarios puedan hacerlo&#8221;, indicaron.<\/p>\n<p id=\"p-1776892795650-34112\">&#8220;Por \u00faltimo, y no menos importante,\u00a0<strong>este proyecto incorpora la Ficha Limpia<\/strong>. Las personas condenadas en segunda instancia por delitos dolosos no podr\u00e1n presentarse a elecciones ni ocupar cargos en la Administraci\u00f3n P\u00fablica. No es una idea radical: es la decencia m\u00ednima que se le pide a una democracia. Y es coherente:<strong>\u00a0si alguien no puede ser candidato, tampoco puede ser funcionario<\/strong>&#8220;, sumaron.<\/p>\n<p id=\"p-1776892795650-22760\">Finalmente, sostuvieron que &#8220;el sistema electoral argentino tiene un problema de fondo: es caro, opaco, empuja al financiamiento con plata negra y subsidia insensatamente a la dirigencia pol\u00edtica&#8221; y destacaron que, seg\u00fan ellos, se trata de &#8220;<strong>un sistema hecho a medida para que la pol\u00edtica se proteja a s\u00ed misma<\/strong>&#8220;.<\/p>\n<p id=\"p-1776893566825-39790\">&#8220;El Presidente Javier Milei fue electo con el mandato claro de terminar con los privilegios de la casta pol\u00edtica, y esta reforma es un paso crucial en este camino.\u00a0<strong>Lleg\u00f3 la hora de devolverle el poder a los argentinos: que la pol\u00edtica vuelva a estar al servicio de la gente<\/strong>&#8220;, cerraron.<\/p>\n<p id=\"p-1776892787739-47521\">\n<div id=\"8215203-Libre-294854839_wrap\" class=\"embed_cont type_imagen\" contenteditable=\"false\">\n<div id=\"8215203-Libre-294854839_content\" class=\"embed_content\"><img decoding=\"async\" id=\"8215203-Libre-294854839_embed\" title=\"\" src=\"https:\/\/media.minutouno.com\/p\/8b63c7c8a0e413687b4413a10eac4935\/adjuntos\/150\/imagenes\/043\/322\/0043322085\/610x0\/smart\/comunicado-presidente.jpeg\" alt=\"\" width=\"610\" height=\"undefined\" data-td-src-property=\"https:\/\/media.minutouno.com\/p\/8b63c7c8a0e413687b4413a10eac4935\/adjuntos\/150\/imagenes\/043\/322\/0043322085\/610x0\/smart\/comunicado-presidente.jpeg\" \/><\/div>\n<\/div>\n<\/section>\n<\/section>\n<\/section>\n<\/section>\n<\/div>\n","protected":false},"excerpt":{"rendered":"<p>Con un extenso comunicado, el Presidente explic\u00f3 los detalles del proyecto y la motivaci\u00f3n de&#8230;<\/p>\n","protected":false},"author":1,"featured_media":2546,"comment_status":"closed","ping_status":"closed","sticky":false,"template":"","format":"standard","meta":{"_jetpack_memberships_contains_paid_content":false,"footnotes":"","jetpack_publicize_message":"","jetpack_publicize_feature_enabled":true,"jetpack_social_post_already_shared":true,"jetpack_social_options":{"image_generator_settings":{"template":"highway","default_image_id":0,"font":"","enabled":false},"version":2}},"categories":[3],"tags":[61,35],"class_list":["post-2545","post","type-post","status-publish","format-standard","has-post-thumbnail","hentry","category-politica","tag-congreso","tag-javier-milei"],"aioseo_notices":[],"jetpack_publicize_connections":[],"jetpack_featured_media_url":"https:\/\/www.noticiasbrown.com\/wp-content\/uploads\/2026\/04\/javier-milei-el-congreso.webp","jetpack_sharing_enabled":true,"_links":{"self":[{"href":"https:\/\/www.noticiasbrown.com\/index.php?rest_route=\/wp\/v2\/posts\/2545","targetHints":{"allow":["GET"]}}],"collection":[{"href":"https:\/\/www.noticiasbrown.com\/index.php?rest_route=\/wp\/v2\/posts"}],"about":[{"href":"https:\/\/www.noticiasbrown.com\/index.php?rest_route=\/wp\/v2\/types\/post"}],"author":[{"embeddable":true,"href":"https:\/\/www.noticiasbrown.com\/index.php?rest_route=\/wp\/v2\/users\/1"}],"replies":[{"embeddable":true,"href":"https:\/\/www.noticiasbrown.com\/index.php?rest_route=%2Fwp%2Fv2%2Fcomments&post=2545"}],"version-history":[{"count":1,"href":"https:\/\/www.noticiasbrown.com\/index.php?rest_route=\/wp\/v2\/posts\/2545\/revisions"}],"predecessor-version":[{"id":2547,"href":"https:\/\/www.noticiasbrown.com\/index.php?rest_route=\/wp\/v2\/posts\/2545\/revisions\/2547"}],"wp:featuredmedia":[{"embeddable":true,"href":"https:\/\/www.noticiasbrown.com\/index.php?rest_route=\/wp\/v2\/media\/2546"}],"wp:attachment":[{"href":"https:\/\/www.noticiasbrown.com\/index.php?rest_route=%2Fwp%2Fv2%2Fmedia&parent=2545"}],"wp:term":[{"taxonomy":"category","embeddable":true,"href":"https:\/\/www.noticiasbrown.com\/index.php?rest_route=%2Fwp%2Fv2%2Fcategories&post=2545"},{"taxonomy":"post_tag","embeddable":true,"href":"https:\/\/www.noticiasbrown.com\/index.php?rest_route=%2Fwp%2Fv2%2Ftags&post=2545"}],"curies":[{"name":"wp","href":"https:\/\/api.w.org\/{rel}","templated":true}]}}