{"id":2542,"date":"2026-04-23T10:00:39","date_gmt":"2026-04-23T13:00:39","guid":{"rendered":"https:\/\/www.noticiasbrown.com\/?p=2542"},"modified":"2026-04-23T08:39:56","modified_gmt":"2026-04-23T11:39:56","slug":"paro-bancario-nacional-cuando-empieza-y-quienes-se-adhieren","status":"publish","type":"post","link":"https:\/\/www.noticiasbrown.com\/?p=2542","title":{"rendered":"Paro bancario nacional: cu\u00e1ndo empieza y qui\u00e9nes se adhieren"},"content":{"rendered":"<div class=\"detail-header-wrapper\">\n<h3 id=\"p-1776911718813-295\" class=\"ignore-parser\">La Asociaci\u00f3n Bancaria ratific\u00f3 este mi\u00e9rcoles un paro de 24 horas en respuesta a cierres en el interior del pa\u00eds, que afectan a m\u00e1s de 30 trabajadores.<\/h3>\n<section class=\"detail-body first-paragraph\">\n<section id=\"note-body\" class=\"body-content note-body content-protected-false\" data-twitter-link=\"https:\/\/twitter.com\/intent\/tweet?url=https:\/\/www.minutouno.com\/c6269862&amp;v\u00eda=Ambitocom&amp;related=MinutoUno&amp;text=\">\n<p id=\"p-1776911735869-96052\" data-path-to-node=\"0\">En el marco de un clima de tensi\u00f3n social y de destrucci\u00f3n del salario,\u00a0la\u00a0<strong>Asociaci\u00f3n Bancaria<\/strong>\u00a0confirm\u00f3 un\u00a0<strong>paro bancario<\/strong>\u00a0total de actividades en las sedes regionales del\u00a0<strong data-path-to-node=\"0\" data-index-in-node=\"89\">Banco Central de la Rep\u00fablica Argentina (BCRA)<\/strong>\u00a0para el pr\u00f3ximo\u00a0<strong data-path-to-node=\"0\" data-index-in-node=\"152\">lunes 27 de abril<\/strong>.<\/p>\n<\/section>\n<\/section>\n<section class=\"detail-body second-paragraph\">\n<section class=\"body-content note-body content-protected-false\">\n<p id=\"p-1776911788875-47905\" data-path-to-node=\"0\">La medida de fuerza que surge como respuesta al anuncio del cierre de los tesoros regionales, una decisi\u00f3n que pone en riesgo decenas de puestos de trabajo y amenaza con complicar la log\u00edstica de efectivo en todo el pa\u00eds.<\/p>\n<section class=\"detail-body\">\n<section class=\"body-content note-body content-protected-false\">\n<p id=\"p-1776911735869-79620\" data-path-to-node=\"2\">El gremio, conducido por\u00a0<strong>Sergio Palazzo<\/strong>, denunci\u00f3 un clima de &#8220;hostilidad, amenazas e intimidaciones&#8221; hacia el personal. El detonante principal fue el anuncio oficial del cierre de dependencias en el interior, lo que afecta directamente a\u00a0<strong data-path-to-node=\"2\" data-index-in-node=\"239\">32 trabajadores<\/strong>.<\/p>\n<\/section>\n<\/section>\n<section class=\"detail-body\">\n<section class=\"body-content note-body content-protected-false\">\n<p id=\"p-1776911735869-9494\" data-path-to-node=\"3\"><strong>&#8220;El lunes habr\u00e1 paro en todos los tesoros regionales del interior en resguardo de los puestos de trabajo&#8221;<\/strong>, ratific\u00f3 el secretario general tras una masiva asamblea en la sede central del BCRA.<\/p>\n<\/section>\n<\/section>\n<section class=\"detail-body\">\n<section class=\"body-content note-body content-protected-false\">\n<div id=\"8215266-Libre-1814838985_wrap\" class=\"embed_cont type_imagen\" contenteditable=\"false\">\n<div id=\"8215266-Libre-1814838985_content\" class=\"embed_content\"><img decoding=\"async\" id=\"8215266-Libre-1814838985_embed\" title=\"La Asociaci&amp;oacute;n Bancaria anunci&amp;oacute; un paro bancario nacional de 24 horas.\" src=\"https:\/\/media.minutouno.com\/p\/c96ca377524b67aa999678837a953097\/adjuntos\/150\/imagenes\/043\/322\/0043322468\/610x0\/smart\/la-bancaria-gremio.jpeg\" alt=\"La Asociaci&amp;oacute;n Bancaria anunci&amp;oacute; un paro bancario nacional de 24 horas.\" width=\"610\" height=\"undefined\" data-td-src-property=\"https:\/\/media.minutouno.com\/p\/c96ca377524b67aa999678837a953097\/adjuntos\/150\/imagenes\/043\/322\/0043322468\/610x0\/smart\/la-bancaria-gremio.jpeg\" \/><\/div>\n<div id=\"p-1776912051421-58825\" class=\"embed_wrapper-cont\">\n<div id=\"8215266-Libre-1814838985_epigrafe\" class=\"embed_epigrafe\">\n<p id=\"p-1776912113801-82482\">La Asociaci\u00f3n Bancaria anunci\u00f3 un paro bancario nacional de 24 horas.<\/p>\n<\/div>\n<\/div>\n<\/div>\n<\/section>\n<\/section>\n<section class=\"detail-body\">\n<section class=\"body-content note-body content-protected-false\">\n<h2 id=\"p-1776911735869-64097\">C\u00f3mo ser\u00e1 el paro bancario: impacto en la econom\u00eda y el abastecimiento de efectivo<\/h2>\n<p id=\"p-1776911735869-8140\" data-path-to-node=\"5\">La huelga paralizar\u00e1 los\u00a0<strong data-path-to-node=\"5\" data-index-in-node=\"25\">21 tesoros regionales<\/strong>\u00a0distribuidos en el territorio nacional, lo que generar\u00e1 consecuencias inmediatas en el sistema financiero:<\/p>\n<ul id=\"p-1776911735869-91507\" data-path-to-node=\"6\">\n<li id=\"p-1776911735869-48310\">\n<p id=\"p-1776911735869-50776\" data-path-to-node=\"6,0,0\"><strong data-path-to-node=\"6,0,0\" data-index-in-node=\"0\">Sin atenci\u00f3n oficial:<\/strong>\u00a0No se realizar\u00e1n tr\u00e1mites ni gestiones administrativas en las sedes afectadas.<\/p>\n<\/li>\n<li id=\"p-1776911735869-56662\">\n<p id=\"p-1776911735869-3027\" data-path-to-node=\"6,1,0\"><strong data-path-to-node=\"6,1,0\" data-index-in-node=\"0\">Corte en el traslado de caudales:<\/strong>\u00a0Se detendr\u00e1 por completo el movimiento de camiones de caudales desde y hacia el Banco Central.<\/p>\n<\/li>\n<li id=\"p-1776911735869-23194\">\n<p id=\"p-1776911735869-38304\" data-path-to-node=\"6,2,0\"><strong data-path-to-node=\"6,2,0\" data-index-in-node=\"0\">Riesgo de falta de billetes:<\/strong>\u00a0Al interrumpirse el reabastecimiento, las entidades bancarias del interior que dependen de estos tesoros podr\u00edan enfrentar dificultades para cargar cajeros autom\u00e1ticos o entregar efectivo por ventanilla.<\/p>\n<\/li>\n<\/ul>\n<p id=\"p-1776911735869-17228\" data-path-to-node=\"7\">Con esta medida, La Bancaria busca frenar el plan de reestructuraci\u00f3n de la autoridad monetaria, advirtiendo que el cese de actividades es solo el inicio de un plan de lucha si no se garantiza la continuidad de los puestos de trabajo y se detiene el clima de confrontaci\u00f3n laboral.<\/p>\n<\/section>\n<\/section>\n<\/section>\n<\/section>\n<\/div>\n","protected":false},"excerpt":{"rendered":"<p>La Asociaci\u00f3n Bancaria ratific\u00f3 este mi\u00e9rcoles un paro de 24 horas en respuesta a cierres&#8230;<\/p>\n","protected":false},"author":1,"featured_media":2543,"comment_status":"closed","ping_status":"closed","sticky":false,"template":"","format":"standard","meta":{"_jetpack_memberships_contains_paid_content":false,"footnotes":"","jetpack_publicize_message":"","jetpack_publicize_feature_enabled":true,"jetpack_social_post_already_shared":true,"jetpack_social_options":{"image_generator_settings":{"template":"highway","default_image_id":0,"font":"","enabled":false},"version":2}},"categories":[4],"tags":[193,499,43,498,29],"class_list":["post-2542","post","type-post","status-publish","format-standard","has-post-thumbnail","hentry","category-sociedad","tag-asociacion-bancaria","tag-bancos","tag-paro","tag-paro-bancario","tag-salarios"],"aioseo_notices":[],"jetpack_publicize_connections":[],"jetpack_featured_media_url":"https:\/\/www.noticiasbrown.com\/wp-content\/uploads\/2026\/04\/paro-bancario.webp","jetpack_sharing_enabled":true,"_links":{"self":[{"href":"https:\/\/www.noticiasbrown.com\/index.php?rest_route=\/wp\/v2\/posts\/2542","targetHints":{"allow":["GET"]}}],"collection":[{"href":"https:\/\/www.noticiasbrown.com\/index.php?rest_route=\/wp\/v2\/posts"}],"about":[{"href":"https:\/\/www.noticiasbrown.com\/index.php?rest_route=\/wp\/v2\/types\/post"}],"author":[{"embeddable":true,"href":"https:\/\/www.noticiasbrown.com\/index.php?rest_route=\/wp\/v2\/users\/1"}],"replies":[{"embeddable":true,"href":"https:\/\/www.noticiasbrown.com\/index.php?rest_route=%2Fwp%2Fv2%2Fcomments&post=2542"}],"version-history":[{"count":1,"href":"https:\/\/www.noticiasbrown.com\/index.php?rest_route=\/wp\/v2\/posts\/2542\/revisions"}],"predecessor-version":[{"id":2544,"href":"https:\/\/www.noticiasbrown.com\/index.php?rest_route=\/wp\/v2\/posts\/2542\/revisions\/2544"}],"wp:featuredmedia":[{"embeddable":true,"href":"https:\/\/www.noticiasbrown.com\/index.php?rest_route=\/wp\/v2\/media\/2543"}],"wp:attachment":[{"href":"https:\/\/www.noticiasbrown.com\/index.php?rest_route=%2Fwp%2Fv2%2Fmedia&parent=2542"}],"wp:term":[{"taxonomy":"category","embeddable":true,"href":"https:\/\/www.noticiasbrown.com\/index.php?rest_route=%2Fwp%2Fv2%2Fcategories&post=2542"},{"taxonomy":"post_tag","embeddable":true,"href":"https:\/\/www.noticiasbrown.com\/index.php?rest_route=%2Fwp%2Fv2%2Ftags&post=2542"}],"curies":[{"name":"wp","href":"https:\/\/api.w.org\/{rel}","templated":true}]}}