{"id":2527,"date":"2026-04-23T08:28:13","date_gmt":"2026-04-23T11:28:13","guid":{"rendered":"https:\/\/www.noticiasbrown.com\/?p=2527"},"modified":"2026-04-23T08:28:13","modified_gmt":"2026-04-23T11:28:13","slug":"posible-sensacion-termica-bajo-cero-cuando-llega-la-ola-polar-que-bajara-16-grados-la-temperatura","status":"publish","type":"post","link":"https:\/\/www.noticiasbrown.com\/?p=2527","title":{"rendered":"Posible sensaci\u00f3n t\u00e9rmica bajo cero: cu\u00e1ndo llega la ola polar que bajar\u00e1 16 grados la temperatura"},"content":{"rendered":"<div class=\"detail-header-wrapper\">\n<h3 id=\"p-1776870907226-19089\" class=\"ignore-parser\">El pron\u00f3stico extendido anticipa un brutal descenso de las temperaturas en el AMBA. Enterate cu\u00e1ndo llegar\u00e1 la\u00a0<strong class=\"ignore-parser\" data-path-to-node=\"2\" data-index-in-node=\"119\">sensaci\u00f3n t\u00e9rmica<\/strong> bajo cero a la regi\u00f3n.<\/h3>\n<section class=\"detail-body first-paragraph\">\n<section id=\"note-body\" class=\"body-content note-body content-protected-false\" data-twitter-link=\"https:\/\/twitter.com\/intent\/tweet?url=https:\/\/www.minutouno.com\/c6269586&amp;v\u00eda=Ambitocom&amp;related=MinutoUno&amp;text=\">\n<p id=\"p-1776870913383-53925\" data-path-to-node=\"4\">Tras varias jornadas de un clima sumamente agradable y oto\u00f1al en la regi\u00f3n metropolitana, el pron\u00f3stico del tiempo anticipa un cambio dr\u00e1stico. Un severo frente de aire fr\u00edo provocar\u00e1 un brutal descenso de las temperaturas, trayendo consigo una\u00a0<strong data-path-to-node=\"4\" data-index-in-node=\"245\">sensaci\u00f3n t\u00e9rmica<\/strong>\u00a0que podr\u00eda ubicarse bajo cero.<\/p>\n<\/section>\n<\/section>\n<section class=\"detail-body second-paragraph\">\n<section class=\"body-content note-body content-protected-false\">\n<div id=\"8214963-Libre-1263203069_wrap\" class=\"embed_cont type_imagen\" contenteditable=\"false\">\n<div id=\"8214963-Libre-1263203069_content\" class=\"embed_content\"><img decoding=\"async\" id=\"8214963-Libre-1263203069_embed\" title=\"\" src=\"https:\/\/media.minutouno.com\/p\/a10e3c85184f9be3d17acd124a448d28\/adjuntos\/150\/imagenes\/043\/320\/0043320581\/610x0\/smart\/image.png\" alt=\"\" width=\"610\" height=\"undefined\" data-td-src-property=\"https:\/\/media.minutouno.com\/p\/a10e3c85184f9be3d17acd124a448d28\/adjuntos\/150\/imagenes\/043\/320\/0043320581\/610x0\/smart\/image.png\" \/><\/div>\n<div id=\"p-1776871791328-1301\" class=\"embed_wrapper-cont\"><\/div>\n<\/div>\n<h2 id=\"p-1776870913383-18670\" data-path-to-node=\"6\">Cu\u00e1ndo llega la ola polar y la\u00a0<strong data-path-to-node=\"6\" data-index-in-node=\"31\">sensaci\u00f3n t\u00e9rmica<\/strong>\u00a0bajo cero<\/h2>\n<p id=\"p-1776870913383-75564\" data-path-to-node=\"7\">De acuerdo a la informaci\u00f3n meteorol\u00f3gica detallada, la Ciudad de Buenos Aires y sus alrededores disfrutar\u00e1n de un fin de semana previo con temperaturas bastante agradables. Para el s\u00e1bado 2 y domingo 3 de mayo, se esperan m\u00e1ximas que alcanzar\u00e1n los\u00a0<strong data-path-to-node=\"7\" data-index-in-node=\"250\">23 grados<\/strong>, ideal para disfrutar al aire libre.<\/p>\n<section class=\"detail-body\">\n<section class=\"body-content note-body content-protected-false\">\n<p id=\"p-1776870913383-44726\" data-path-to-node=\"8\">Sin embargo, el escenario cambiar\u00e1 de manera rotunda al iniciar la pr\u00f3xima semana laboral. El\u00a0<strong data-path-to-node=\"8\" data-index-in-node=\"94\">lunes 4 de mayo<\/strong>\u00a0ingresar\u00e1 un violento frente de r\u00e1fagas heladas provenientes del sector sur. Los vientos alcanzar\u00e1n velocidades alarmantes de\u00a0<strong data-path-to-node=\"8\" data-index-in-node=\"236\">hasta 79 km\/h<\/strong>, lo que desplomar\u00e1 la m\u00e1xima a 18 grados y la m\u00ednima a 9 grados.<\/p>\n<\/section>\n<\/section>\n<section class=\"detail-body\">\n<section class=\"body-content note-body content-protected-false\">\n<p id=\"p-1776870913383-24140\" data-path-to-node=\"9\">La peor parte del temporal fr\u00edo se sentir\u00e1 durante la madrugada y la ma\u00f1ana del\u00a0<strong data-path-to-node=\"9\" data-index-in-node=\"80\">martes 5 de mayo<\/strong>. Los term\u00f3metros marcar\u00e1n una m\u00ednima de\u00a0<strong data-path-to-node=\"9\" data-index-in-node=\"137\">apenas 7 grados<\/strong>, pero la combinaci\u00f3n de esta baja temperatura con las continuas r\u00e1fagas de viento de hasta 47 km\/h generar\u00e1 una cruda\u00a0<strong data-path-to-node=\"9\" data-index-in-node=\"271\">sensaci\u00f3n t\u00e9rmica<\/strong>\u00a0que rozar\u00e1 los valores bajo cero en distintas zonas del conurbano.<\/p>\n<\/section>\n<\/section>\n<section class=\"detail-body\">\n<section class=\"body-content note-body content-protected-false\">\n<p id=\"p-1776872085303-84006\" data-path-to-node=\"9\">\n<\/section>\n<\/section>\n<section class=\"detail-body\">\n<section class=\"body-content note-body content-protected-false\">\n<h2 id=\"p-1776870913383-42160\" data-path-to-node=\"10\">C\u00f3mo estar\u00e1 el clima antes del descenso t\u00e9rmico<\/h2>\n<p id=\"p-1776870913383-11519\" data-path-to-node=\"11\">Antes de tener que sacar los abrigos m\u00e1s pesados del placard, los porte\u00f1os transitar\u00e1n unos d\u00edas bastante inestables pero moderados. Para el cierre de esta semana, el s\u00e1bado 25 de abril presentar\u00e1 algunas\u00a0<strong data-path-to-node=\"11\" data-index-in-node=\"205\">lluvias aisladas<\/strong>\u00a0con un 30% de probabilidades y 21 grados de m\u00e1xima.<\/p>\n<p id=\"p-1776870913383-70879\" data-path-to-node=\"12\">Luego de esas precipitaciones, los d\u00edas posteriores se mantendr\u00e1n mayormente soleados y estables, oscilando entre los 18 y 23 grados, hasta que finalmente el viento polar barra con el clima templado y le abra la puerta de forma anticipada al invierno.<\/p>\n<\/section>\n<\/section>\n<\/section>\n<\/section>\n<\/div>\n","protected":false},"excerpt":{"rendered":"<p>El pron\u00f3stico extendido anticipa un brutal descenso de las temperaturas en el AMBA. Enterate cu\u00e1ndo&#8230;<\/p>\n","protected":false},"author":1,"featured_media":2528,"comment_status":"closed","ping_status":"closed","sticky":false,"template":"","format":"standard","meta":{"_jetpack_memberships_contains_paid_content":false,"footnotes":"","jetpack_publicize_message":"","jetpack_publicize_feature_enabled":true,"jetpack_social_post_already_shared":true,"jetpack_social_options":{"image_generator_settings":{"template":"highway","default_image_id":0,"font":"","enabled":false},"version":2}},"categories":[4],"tags":[80,494,493,492],"class_list":["post-2527","post","type-post","status-publish","format-standard","has-post-thumbnail","hentry","category-sociedad","tag-amba","tag-frio","tag-ola-polar","tag-sensacion-termica"],"aioseo_notices":[],"jetpack_publicize_connections":[],"jetpack_featured_media_url":"https:\/\/www.noticiasbrown.com\/wp-content\/uploads\/2026\/04\/frio-en-buenos-aires-.jpg","jetpack_sharing_enabled":true,"_links":{"self":[{"href":"https:\/\/www.noticiasbrown.com\/index.php?rest_route=\/wp\/v2\/posts\/2527","targetHints":{"allow":["GET"]}}],"collection":[{"href":"https:\/\/www.noticiasbrown.com\/index.php?rest_route=\/wp\/v2\/posts"}],"about":[{"href":"https:\/\/www.noticiasbrown.com\/index.php?rest_route=\/wp\/v2\/types\/post"}],"author":[{"embeddable":true,"href":"https:\/\/www.noticiasbrown.com\/index.php?rest_route=\/wp\/v2\/users\/1"}],"replies":[{"embeddable":true,"href":"https:\/\/www.noticiasbrown.com\/index.php?rest_route=%2Fwp%2Fv2%2Fcomments&post=2527"}],"version-history":[{"count":1,"href":"https:\/\/www.noticiasbrown.com\/index.php?rest_route=\/wp\/v2\/posts\/2527\/revisions"}],"predecessor-version":[{"id":2529,"href":"https:\/\/www.noticiasbrown.com\/index.php?rest_route=\/wp\/v2\/posts\/2527\/revisions\/2529"}],"wp:featuredmedia":[{"embeddable":true,"href":"https:\/\/www.noticiasbrown.com\/index.php?rest_route=\/wp\/v2\/media\/2528"}],"wp:attachment":[{"href":"https:\/\/www.noticiasbrown.com\/index.php?rest_route=%2Fwp%2Fv2%2Fmedia&parent=2527"}],"wp:term":[{"taxonomy":"category","embeddable":true,"href":"https:\/\/www.noticiasbrown.com\/index.php?rest_route=%2Fwp%2Fv2%2Fcategories&post=2527"},{"taxonomy":"post_tag","embeddable":true,"href":"https:\/\/www.noticiasbrown.com\/index.php?rest_route=%2Fwp%2Fv2%2Ftags&post=2527"}],"curies":[{"name":"wp","href":"https:\/\/api.w.org\/{rel}","templated":true}]}}