{"id":25,"date":"2026-02-02T12:08:38","date_gmt":"2026-02-02T15:08:38","guid":{"rendered":"https:\/\/www.noticiasbrown.com\/?p=25"},"modified":"2026-02-02T12:08:39","modified_gmt":"2026-02-02T15:08:39","slug":"el-municipio-de-alte-brown-lanza-los-cursos-de-formacion-para-el-trabajo-2026","status":"publish","type":"post","link":"https:\/\/www.noticiasbrown.com\/?p=25","title":{"rendered":"EL MUNICIPIO DE ALTE BROWN LANZA LOS CURSOS DE FORMACI\u00d3N PARA EL TRABAJO 2026"},"content":{"rendered":"\n<h4 class=\"wp-block-heading\">El Municipio de Almirante Brown lanza los Cursos de Formaci\u00f3n para el Trabajo 2026, una propuesta de capacitaci\u00f3n gratuita destinada a vecinos y vecinas del distrito que buscan fortalecer sus oportunidades de inserci\u00f3n laboral.<\/h4>\n\n\n\n<figure class=\"wp-block-image size-large\"><img loading=\"lazy\" decoding=\"async\" width=\"1024\" height=\"867\" src=\"https:\/\/www.noticiasbrown.com\/wp-content\/uploads\/2026\/02\/cursos5-1024x867.jpg\" alt=\"\" class=\"wp-image-26\" srcset=\"https:\/\/www.noticiasbrown.com\/wp-content\/uploads\/2026\/02\/cursos5-1024x867.jpg 1024w, https:\/\/www.noticiasbrown.com\/wp-content\/uploads\/2026\/02\/cursos5-300x254.jpg 300w, https:\/\/www.noticiasbrown.com\/wp-content\/uploads\/2026\/02\/cursos5-768x650.jpg 768w, https:\/\/www.noticiasbrown.com\/wp-content\/uploads\/2026\/02\/cursos5-1536x1300.jpg 1536w, https:\/\/www.noticiasbrown.com\/wp-content\/uploads\/2026\/02\/cursos5.jpg 1613w\" sizes=\"auto, (max-width: 1024px) 100vw, 1024px\" \/><\/figure>\n\n\n\n<p>La preinscripci\u00f3n comienza el 2 de febrero y se organiza seg\u00fan sus sedes a trav\u00e9s de un link online que se habilitar\u00e1 durante esa jornada, mientras que el inicio de clases est\u00e1 previsto para el 2 de marzo. Todos los cursos son presenciales, disponen de cupos limitados y tienen una duraci\u00f3n de cuatro meses.<\/p>\n\n\n\n<p>La propuesta incluye cursos vinculados a herramientas digitales, tecnolog\u00eda, oficios y formaci\u00f3n productiva, pensados para potenciar la b\u00fasqueda de empleo. Podr\u00e1n preinscribirse vecinos y vecinas que vivan en Almirante Brown, sean mayores de 18 a\u00f1os y se encuentren en b\u00fasqueda laboral.<\/p>\n\n\n\n<p>Las capacitaciones se dictan de manera presencial y se desarrollan en tres sedes municipales: el Centro de Formaci\u00f3n e Innovaci\u00f3n Productiva (CEFIP), ubicado en Jun\u00edn esquina Tom\u00e1s Guido, Burzaco; el Centro de Formaci\u00f3n para el Trabajo (CFPT), en avenida San Mart\u00edn N\u00b0 3752, Rafael Calzada; y el Centro de Formaci\u00f3n en Panificados y Gastronom\u00eda, situado en Juan B. Justo al 900, Ministro Rivadavia.<\/p>\n\n\n\n<p>\u201cInvitamos a los vecinos de Almirante Brown a que se inscriban en los nuevos cursos de formaci\u00f3n para el trabajo, los cuales brindan herramientas actuales y fundamentales para mejorar las posibilidades de inserci\u00f3n laboral\u201d, destac\u00f3 Mariano Cascallares.<\/p>\n\n\n\n<p>A continuaci\u00f3n se detalla la oferta de cursos de cada sede:<\/p>\n\n\n\n<figure class=\"wp-block-image size-large\"><img loading=\"lazy\" decoding=\"async\" width=\"1024\" height=\"683\" src=\"https:\/\/www.noticiasbrown.com\/wp-content\/uploads\/2026\/02\/cursos1-1024x683.jpg\" alt=\"\" class=\"wp-image-28\" srcset=\"https:\/\/www.noticiasbrown.com\/wp-content\/uploads\/2026\/02\/cursos1-1024x683.jpg 1024w, https:\/\/www.noticiasbrown.com\/wp-content\/uploads\/2026\/02\/cursos1-300x200.jpg 300w, https:\/\/www.noticiasbrown.com\/wp-content\/uploads\/2026\/02\/cursos1-768x512.jpg 768w, https:\/\/www.noticiasbrown.com\/wp-content\/uploads\/2026\/02\/cursos1-1536x1024.jpg 1536w, https:\/\/www.noticiasbrown.com\/wp-content\/uploads\/2026\/02\/cursos1.jpg 1600w\" sizes=\"auto, (max-width: 1024px) 100vw, 1024px\" \/><\/figure>\n\n\n\n<p><strong>&nbsp;\u2022 Centro de Formaci\u00f3n e Innovaci\u00f3n Productiva (CEFIP) de Burzaco<\/strong><\/p>\n\n\n\n<p>En este importante espacio browniano se dictar\u00e1n los cursos de Comercializaci\u00f3n digital (mi\u00e9rcoles de 13 a 15), Herramientas digitales de administraci\u00f3n (jueves de 14 a 16), Inteligencia artificial y programaci\u00f3n (martes de 10 a 12), Programaci\u00f3n Python para Big Data (martes de 13 a 15), Base de datos para desarrollo web (jueves de 10 a 12), Excel y planillas de c\u00e1lculo avanzado (mi\u00e9rcoles de 10 a 12), Taller de inform\u00e1tica b\u00e1sica (lunes de 14 a 16) y Marketing digital (mi\u00e9rcoles de 10 a 12).<\/p>\n\n\n\n<p>Tambi\u00e9n se ofrecer\u00e1n Ingl\u00e9s comercial (martes y jueves de 9 a 12), Electricidad domiciliaria (martes de 11 a 13), Soldador (viernes de 11 a 13), Reparaci\u00f3n e instalaci\u00f3n de aire acondicionado (viernes de 9 a 11), Mantenimiento de edificios (lunes, martes y mi\u00e9rcoles de 8 a 12) y Seguridad e higiene (lunes, mi\u00e9rcoles y viernes de 9 a 12).<\/p>\n\n\n\n<p><strong>\u2022 Centro de Formaci\u00f3n para el Trabajo (CFPT) de Rafael Calzada<\/strong><\/p>\n\n\n\n<p>En el CFPT se dictar\u00e1 Carpinter\u00eda b\u00e1sica en tres turnos (lunes de 11 a 13, lunes de 13 a 15 y jueves de 12 a 14) y Carpinter\u00eda avanzada (lunes de 9 a 11 y jueves de 16 a 18). Adem\u00e1s, se brindar\u00e1 el curso de Fabricaci\u00f3n de muebles \u2013 taller pr\u00e1ctico (jueves de 14 a 16), exclusivo para estudiantes que hayan finalizado los niveles b\u00e1sico y avanzado.<\/p>\n\n\n\n<p>En el \u00e1rea de herrer\u00eda, se ofrecer\u00e1 Herrer\u00eda b\u00e1sica (martes de 10 a 12, martes de 12 a 14, mi\u00e9rcoles de 10 a 12 y mi\u00e9rcoles de 12 a 14) y Herrer\u00eda avanzada (martes de 14 a 16 y mi\u00e9rcoles de 14 a 16), para lo cual es necesario contar con saberes previos de soldadura, manejo de herramientas y el curso completo de herrer\u00eda inicial.<\/p>\n\n\n\n<p>En electricidad, se dictar\u00e1 Electricidad b\u00e1sica domiciliaria (martes de 10 a 12, mi\u00e9rcoles de 16 a 18 y jueves de 16 a 18), Electricidad avanzada industrial (lunes de 16 a 18 y martes de 16 a 18) y Electricidad industrial-taller pr\u00e1ctico (viernes de 16 a 18), exclusivo para quienes hayan completado los niveles b\u00e1sico y avanzado.<\/p>\n\n\n\n<p>Dentro del \u00e1rea textil e indumentaria, se brindar\u00e1n Confecci\u00f3n textil b\u00e1sica (lunes de 11 a 12 y de 13:30 a 14:30), Confecci\u00f3n textil avanzada (lunes de 9 a 11), Dise\u00f1o y producci\u00f3n de indumentaria (viernes de 10 a 12), Molder\u00eda y confecci\u00f3n &nbsp;parte superior (viernes de 12 a 14), Molder\u00eda y confecci\u00f3n &nbsp;parte inferior (jueves de 10 a 12) y Patronista y confeccionista de ropa de beb\u00e9 (martes y mi\u00e9rcoles de 13 a 16:30).<\/p>\n\n\n\n<p>Asimismo, se dictar\u00e1n los cursos de Jardiner\u00eda y paisajismo (jueves de 14 a 16), Arom\u00e1ticas y medicinales (martes de 15:30 a 17:30), Gesti\u00f3n de espacios verdes y urbanos (mi\u00e9rcoles de 10 a 12), Huerta urbana agroecol\u00f3gica (martes de 13:30 a 15:30), Serigraf\u00eda b\u00e1sica (viernes de 10 a 12) y Serigraf\u00eda avanzada (viernes de 12 a 14).<\/p>\n\n\n\n<p><strong>\u2022 Centro de Formaci\u00f3n en Panificados y Gastronom\u00eda de Ministro Rivadavia<\/strong><\/p>\n\n\n\n<p>Finalmente, en el Centro de Formaci\u00f3n en Panificados y Gastronom\u00eda se dictar\u00e1n los cursos de Pizzero (lunes de 8 a 12, con una duraci\u00f3n de 4 meses), Facturas (viernes de 8 a 12), Panadero en dos modalidades seg\u00fan carga horaria (martes y mi\u00e9rcoles de 8 a 12, y lunes, martes y mi\u00e9rcoles de 13 a 17) y Cremonas (jueves de 8 a 12).<\/p>\n\n\n\n<p>Para asesoramiento, dudas y consultas se encuentra el mail&nbsp;<a href=\"mailto:formacionparaeltrabajobrown@gmail.com\">formacionparaeltrabajobrown@gmail.com<\/a>&nbsp;<\/p>\n","protected":false},"excerpt":{"rendered":"<p>El Municipio de Almirante Brown lanza los Cursos de Formaci\u00f3n para el Trabajo 2026, una&#8230;<\/p>\n","protected":false},"author":1,"featured_media":27,"comment_status":"open","ping_status":"open","sticky":false,"template":"","format":"standard","meta":{"_jetpack_memberships_contains_paid_content":false,"footnotes":"","jetpack_publicize_message":"","jetpack_publicize_feature_enabled":true,"jetpack_social_post_already_shared":false,"jetpack_social_options":{"image_generator_settings":{"template":"highway","default_image_id":0,"font":"","enabled":false},"version":2}},"categories":[2],"tags":[],"class_list":["post-25","post","type-post","status-publish","format-standard","has-post-thumbnail","hentry","category-almirante-brown"],"aioseo_notices":[],"jetpack_publicize_connections":[],"jetpack_featured_media_url":"https:\/\/www.noticiasbrown.com\/wp-content\/uploads\/2026\/02\/cursos3-2.jpg","jetpack_sharing_enabled":true,"_links":{"self":[{"href":"https:\/\/www.noticiasbrown.com\/index.php?rest_route=\/wp\/v2\/posts\/25","targetHints":{"allow":["GET"]}}],"collection":[{"href":"https:\/\/www.noticiasbrown.com\/index.php?rest_route=\/wp\/v2\/posts"}],"about":[{"href":"https:\/\/www.noticiasbrown.com\/index.php?rest_route=\/wp\/v2\/types\/post"}],"author":[{"embeddable":true,"href":"https:\/\/www.noticiasbrown.com\/index.php?rest_route=\/wp\/v2\/users\/1"}],"replies":[{"embeddable":true,"href":"https:\/\/www.noticiasbrown.com\/index.php?rest_route=%2Fwp%2Fv2%2Fcomments&post=25"}],"version-history":[{"count":1,"href":"https:\/\/www.noticiasbrown.com\/index.php?rest_route=\/wp\/v2\/posts\/25\/revisions"}],"predecessor-version":[{"id":29,"href":"https:\/\/www.noticiasbrown.com\/index.php?rest_route=\/wp\/v2\/posts\/25\/revisions\/29"}],"wp:featuredmedia":[{"embeddable":true,"href":"https:\/\/www.noticiasbrown.com\/index.php?rest_route=\/wp\/v2\/media\/27"}],"wp:attachment":[{"href":"https:\/\/www.noticiasbrown.com\/index.php?rest_route=%2Fwp%2Fv2%2Fmedia&parent=25"}],"wp:term":[{"taxonomy":"category","embeddable":true,"href":"https:\/\/www.noticiasbrown.com\/index.php?rest_route=%2Fwp%2Fv2%2Fcategories&post=25"},{"taxonomy":"post_tag","embeddable":true,"href":"https:\/\/www.noticiasbrown.com\/index.php?rest_route=%2Fwp%2Fv2%2Ftags&post=25"}],"curies":[{"name":"wp","href":"https:\/\/api.w.org\/{rel}","templated":true}]}}