{"id":1828,"date":"2026-03-18T10:40:04","date_gmt":"2026-03-18T13:40:04","guid":{"rendered":"https:\/\/www.noticiasbrown.com\/?p=1828"},"modified":"2026-03-18T09:23:43","modified_gmt":"2026-03-18T12:23:43","slug":"un-idolo-de-boca-a-un-paso-de-convertirse-en-nuevo-dt-de-san-lorenzo","status":"publish","type":"post","link":"https:\/\/www.noticiasbrown.com\/?p=1828","title":{"rendered":"Un \u00eddolo de Boca, a un paso de convertirse en nuevo DT de San Lorenzo"},"content":{"rendered":"<div class=\"detail-header-wrapper\">\n<h4 class=\"ignore-parser\">Luego de despedir a Dami\u00e1n Ayude por malos resultados, el &#8220;Cicl\u00f3n&#8221; se encamina a definir al reemplazante y suena con fuerza un \u00eddolo &#8220;xeneize&#8221;.<\/h4>\n<\/div>\n<div class=\"socials-share\">\n<section class=\"detail-body first-paragraph\">\n<section id=\"note-body\" class=\"body-content note-body content-protected-false\" data-twitter-link=\"https:\/\/twitter.com\/intent\/tweet?url=https:\/\/www.minutouno.com\/c6257159&amp;v\u00eda=Ambitocom&amp;related=MinutoUno&amp;text=\">\n<p data-path-to-node=\"0\">Tras la reciente salida de\u00a0<strong>Dami\u00e1n Ayude<\/strong>, en medio de una crisis futbol\u00edstica y los recientes problemas institucionales, el banco de suplentes de\u00a0<strong data-path-to-node=\"0\" data-index-in-node=\"25\">San Lorenzo<\/strong>\u00a0est\u00e1 a punto de tener un nuevo due\u00f1o y el nombre sacude el mercado de pases local, ya que se trata de un \u00eddolo de\u00a0<strong>Boca<\/strong>.<\/p>\n<\/section>\n<\/section>\n<section class=\"detail-body second-paragraph\">\n<section class=\"body-content note-body content-protected-false\">\n<p data-path-to-node=\"0\">Se trata nada menos que de\u00a0<strong data-path-to-node=\"0\" data-index-in-node=\"120\">Mart\u00edn Palermo<\/strong>, de reciente paso por el\u00a0<strong>Fortaleza de Brasil<\/strong>, quien estar\u00eda a un paso de convertirse en el nuevo director t\u00e9cnico del &#8220;Cicl\u00f3n&#8221; tras una reuni\u00f3n clave con la dirigencia de Boedo, seg\u00fan se conoci\u00f3 este martes.<\/p>\n<section class=\"detail-body\">\n<section class=\"body-content note-body content-protected-false\">De acuerdo con la informaci\u00f3n difundida por el portal\u00a0<em>Doble Amarilla<\/em>, este martes, el &#8220;Tit\u00e1n&#8221; mantuvo un extenso encuentro con los m\u00e1ximos directivos de San Lorenzo para presentar su proyecto integral.<\/p>\n<\/section>\n<\/section>\n<section class=\"detail-body\">\n<section class=\"body-content note-body content-protected-false\">Seg\u00fan trascendi\u00f3 desde el entorno del club, ambas partes se retiraron\u00a0<strong data-path-to-node=\"2\" data-index-in-node=\"202\">&#8220;muy conformes&#8221;<\/strong>\u00a0con lo charlado. Palermo expuso su visi\u00f3n t\u00e1ctica y su plan para potenciar a los juveniles, puntos que sedujeron a la comisi\u00f3n directiva que busca un golpe de efecto tras la salida del \u00faltimo entrenador.<\/p>\n<\/section>\n<\/section>\n<section class=\"detail-body\">\n<section class=\"body-content note-body content-protected-false\">\n<figure id=\"8162233-Libre-1522895913_wrap\" class=\"embed_cont type_imagen\" contenteditable=\"false\">\n<div id=\"8162233-Libre-1522895913_content\" class=\"embed_content\"><img loading=\"lazy\" decoding=\"async\" id=\"8162233-Libre-1522895913_embed\" title=\"\" src=\"https:\/\/media.minutouno.com\/p\/64c7780f587d7b281f36c9fa276f0ba4\/adjuntos\/150\/imagenes\/043\/010\/0043010393\/610x0\/smart\/martin-palermo.jpg\" alt=\"\" width=\"610\" height=\"358\" data-td-src-property=\"https:\/\/media.minutouno.com\/p\/64c7780f587d7b281f36c9fa276f0ba4\/adjuntos\/150\/imagenes\/043\/010\/0043010393\/610x0\/smart\/martin-palermo.jpg\" \/><\/div><figcaption class=\"embed_wrapper-cont\">\n<div id=\"8162233-Libre-1522895913_epigrafe\" class=\"embed_epigrafe\"><\/div>\n<\/figcaption><\/figure>\n<p>&nbsp;<\/p>\n<\/section>\n<\/section>\n<section class=\"detail-body\">\n<section class=\"body-content note-body content-protected-false\">\n<h2>El regreso de Mart\u00edn Palermo tras su experiencia en Brasil<\/h2>\n<p data-path-to-node=\"4\"><strong>Mart\u00edn Palermo<\/strong>\u00a0dej\u00f3 de ser el entrenador de\u00a0<strong>Fortaleza<\/strong>\u00a0en diciembre de 2025 tras no poder evitar el descenso del equipo a la Serie B de Brasil en la \u00faltima fecha.<\/p>\n<p data-path-to-node=\"4\">Luego de su ciclo en el norte de Brasil , donde sum\u00f3 experiencia internacional y competitividad en el Brasileir\u00e3o, Palermo ve con muy buenos ojos el desaf\u00edo de dirigir a uno de los cinco grandes de la Argentina. De concretarse, ser\u00eda su regreso al f\u00fatbol local tras sus pasos por Godoy Cruz, Arsenal, Aldosivi y Platense.<\/p>\n<p data-path-to-node=\"5\">Las pr\u00f3ximas horas ser\u00e1n determinantes para pulir los detalles contractuales. De no mediar imprevistos de \u00faltimo momento, el m\u00e1ximo goleador de la historia de Boca cruzar\u00eda la vereda para ponerse el buzo azulgrana, una noticia que promete generar un fuerte impacto en el clima del Nuevo Gas\u00f3metro.<\/p>\n<\/section>\n<\/section>\n<\/section>\n<\/section>\n<\/div>\n","protected":false},"excerpt":{"rendered":"<p>Luego de despedir a Dami\u00e1n Ayude por malos resultados, el &#8220;Cicl\u00f3n&#8221; se encamina a definir&#8230;<\/p>\n","protected":false},"author":1,"featured_media":1829,"comment_status":"closed","ping_status":"closed","sticky":false,"template":"","format":"standard","meta":{"_jetpack_memberships_contains_paid_content":false,"footnotes":"","jetpack_publicize_message":"","jetpack_publicize_feature_enabled":true,"jetpack_social_post_already_shared":true,"jetpack_social_options":{"image_generator_settings":{"template":"highway","default_image_id":0,"font":"","enabled":false},"version":2}},"categories":[5],"tags":[341,354,104],"class_list":["post-1828","post","type-post","status-publish","format-standard","has-post-thumbnail","hentry","category-deporte","tag-boca","tag-martin-palermo","tag-san-lorenzo"],"aioseo_notices":[],"jetpack_publicize_connections":[],"jetpack_featured_media_url":"https:\/\/www.noticiasbrown.com\/wp-content\/uploads\/2026\/03\/san-lorenzo.webp","jetpack_sharing_enabled":true,"_links":{"self":[{"href":"https:\/\/www.noticiasbrown.com\/index.php?rest_route=\/wp\/v2\/posts\/1828","targetHints":{"allow":["GET"]}}],"collection":[{"href":"https:\/\/www.noticiasbrown.com\/index.php?rest_route=\/wp\/v2\/posts"}],"about":[{"href":"https:\/\/www.noticiasbrown.com\/index.php?rest_route=\/wp\/v2\/types\/post"}],"author":[{"embeddable":true,"href":"https:\/\/www.noticiasbrown.com\/index.php?rest_route=\/wp\/v2\/users\/1"}],"replies":[{"embeddable":true,"href":"https:\/\/www.noticiasbrown.com\/index.php?rest_route=%2Fwp%2Fv2%2Fcomments&post=1828"}],"version-history":[{"count":1,"href":"https:\/\/www.noticiasbrown.com\/index.php?rest_route=\/wp\/v2\/posts\/1828\/revisions"}],"predecessor-version":[{"id":1830,"href":"https:\/\/www.noticiasbrown.com\/index.php?rest_route=\/wp\/v2\/posts\/1828\/revisions\/1830"}],"wp:featuredmedia":[{"embeddable":true,"href":"https:\/\/www.noticiasbrown.com\/index.php?rest_route=\/wp\/v2\/media\/1829"}],"wp:attachment":[{"href":"https:\/\/www.noticiasbrown.com\/index.php?rest_route=%2Fwp%2Fv2%2Fmedia&parent=1828"}],"wp:term":[{"taxonomy":"category","embeddable":true,"href":"https:\/\/www.noticiasbrown.com\/index.php?rest_route=%2Fwp%2Fv2%2Fcategories&post=1828"},{"taxonomy":"post_tag","embeddable":true,"href":"https:\/\/www.noticiasbrown.com\/index.php?rest_route=%2Fwp%2Fv2%2Ftags&post=1828"}],"curies":[{"name":"wp","href":"https:\/\/api.w.org\/{rel}","templated":true}]}}