{"id":1825,"date":"2026-03-18T10:20:56","date_gmt":"2026-03-18T13:20:56","guid":{"rendered":"https:\/\/www.noticiasbrown.com\/?p=1825"},"modified":"2026-03-18T09:21:51","modified_gmt":"2026-03-18T12:21:51","slug":"javier-milei-felicito-a-luis-caputo-por-la-inflacion-mayorista-el-mejor-ministro-de-economia-de-la-historia","status":"publish","type":"post","link":"https:\/\/www.noticiasbrown.com\/?p=1825","title":{"rendered":"Javier Milei felicit\u00f3 a Luis Caputo por la inflaci\u00f3n mayorista: &#8220;El mejor ministro de Econom\u00eda de la historia&#8221;"},"content":{"rendered":"<div class=\"detail-header-wrapper\">\n<h4 class=\"ignore-parser\">Una vez m\u00e1s el Presidente aludi\u00f3 a su ministro favorito para celebrar la baja de la inflaci\u00f3n mayorista, a pesar de la suba del costo de vida.<\/h4>\n<section class=\"detail-body first-paragraph\">\n<section id=\"note-body\" class=\"body-content note-body content-protected-false\" data-twitter-link=\"https:\/\/twitter.com\/intent\/tweet?url=https:\/\/www.minutouno.com\/c6257123&amp;v\u00eda=Ambitocom&amp;related=MinutoUno&amp;text=\">El\u00a0<strong>Instituto Nacional de Estad\u00edstica y Censos (INDEC) inform\u00f3 este martes que la inflaci\u00f3n mayorista de febrero de 2026 fue del 1% con respecto a enero, y el primero en aplaudir fue Javier Milei<\/strong>, que esta semana reconoci\u00f3 que los precios minoristas subieron m\u00e1s de lo esperado.<\/p>\n<\/section>\n<\/section>\n<section class=\"detail-body second-paragraph\">\n<section class=\"body-content note-body content-protected-false\">&#8220;<strong>Inflaci\u00f3n mayorista a la baja. IPIM: 1%; IPIB: 0,7%; IPP: 0,7%. Toto, por lejos, el mejor ministro de econom\u00eda de la historia argentina<\/strong>&#8220;, escribi\u00f3 Javier Milei en X con una foto suya junto al ministro de Econom\u00eda, Luis Caputo, y los porcentajes publicados por el INDEC en las \u00faltimas horas.<\/p>\n<section class=\"detail-body\">\n<section class=\"body-content note-body content-protected-false\">El Presidente cerr\u00f3 su mensaje con un &#8220;TMAP&#8221;, que podr\u00eda ser entendido como un gui\u00f1o a los propios sino fuese porque es de p\u00fablico conocimiento que significa &#8220;todo marcha acorde al plan&#8221;, un lema que comparte con sus funcionarios.<\/p>\n<\/section>\n<\/section>\n<section class=\"detail-body\">\n<section class=\"body-content note-body content-protected-false\">\n<figure id=\"8200531-Libre-179796288_wrap\" class=\"embed_cont type_imagen\" contenteditable=\"false\">\n<div id=\"8200531-Libre-179796288_content\" class=\"embed_content\"><img loading=\"lazy\" decoding=\"async\" id=\"8200531-Libre-179796288_embed\" title=\"\" src=\"https:\/\/media.minutouno.com\/p\/4dea35e8753b15f8e783d72898406925\/adjuntos\/150\/imagenes\/043\/240\/0043240948\/610x0\/smart\/toto-caputo-javier-milei.jpg\" alt=\"\" width=\"610\" height=\"726\" crossorigin=\"anonymous\" \/><\/div><figcaption class=\"embed_wrapper-cont\">\n<div id=\"8200531-Libre-179796288_epigrafe\" class=\"embed_epigrafe\"><\/div>\n<\/figcaption><\/figure>\n<p>Mientras tanto, el INDEC inform\u00f3 que el \u00edndice de precios internos al por mayor (IPIM) del segundo mes del a\u00f1o tuvo una desaceleraci\u00f3n respecto a enero: fue del 1,7% y acumul\u00f3 una suba de 25,6% en los \u00faltimos 12 meses.<\/p>\n<\/section>\n<\/section>\n<section class=\"detail-body\">\n<section class=\"body-content note-body content-protected-false\">D\u00edas atr\u00e1s Javier Milei reconoci\u00f3 en un discurso que la inflaci\u00f3n minorista &#8220;es alta&#8221; y\u00a0ofreci\u00f3 su explicaci\u00f3n para este fen\u00f3meno.<\/p>\n<\/section>\n<\/section>\n<section class=\"detail-body\">\n<section class=\"body-content note-body content-protected-false\">&#8220;<strong>\u00bfLa inflaci\u00f3n es alta?, claro que es alta<\/strong>&#8221; admiti\u00f3 Milei en la Bolsa de Comercio de C\u00f3rdoba, donde elucubr\u00f3 sobre una supuesta inflaci\u00f3n del &#8220;17000%&#8221; anual en el \u00faltimo a\u00f1os del gobierno de Alberto Fern\u00e1ndez y se mostr\u00f3 confiado en que &#8220;en agosto seguramente la inflaci\u00f3n est\u00e9 comenzando con un 0&#8221;.<\/p>\n<p>Ese sentimiento, el de la inflaci\u00f3n minorista que empiece con un 0,\u00a0es compartido por su ministro\u00a0de Econom\u00eda, Luis Caputo, quien la semana pasada afirm\u00f3 que el Gobierno &#8220;esperaba&#8221; que el costo de vida se encareciera &#8220;en torno&#8221; a los 2,9%, como ocurri\u00f3, y que \u201cno hay d\u00e9ficit fiscal y la inflaci\u00f3n m\u00e1s tarde o m\u00e1s temprano llegar\u00e1 a niveles internacionales\u201d.<\/p>\n<p>Si no es en agosto, como hab\u00eda adelantado Javier Milei, \u201cser\u00e1 septiembre u octubre\u201d, convino Luis Caputo.<\/p>\n<\/section>\n<\/section>\n<p>&nbsp;<\/p>\n<\/section>\n<\/section>\n<\/div>\n","protected":false},"excerpt":{"rendered":"<p>Una vez m\u00e1s el Presidente aludi\u00f3 a su ministro favorito para celebrar la baja de&#8230;<\/p>\n","protected":false},"author":1,"featured_media":1826,"comment_status":"closed","ping_status":"closed","sticky":false,"template":"","format":"standard","meta":{"_jetpack_memberships_contains_paid_content":false,"footnotes":"","jetpack_publicize_message":"","jetpack_publicize_feature_enabled":true,"jetpack_social_post_already_shared":true,"jetpack_social_options":{"image_generator_settings":{"template":"highway","default_image_id":0,"font":"","enabled":false},"version":2}},"categories":[3],"tags":[],"class_list":["post-1825","post","type-post","status-publish","format-standard","has-post-thumbnail","hentry","category-politica"],"aioseo_notices":[],"jetpack_publicize_connections":[],"jetpack_featured_media_url":"https:\/\/www.noticiasbrown.com\/wp-content\/uploads\/2026\/03\/milei-caputo-1.webp","jetpack_sharing_enabled":true,"_links":{"self":[{"href":"https:\/\/www.noticiasbrown.com\/index.php?rest_route=\/wp\/v2\/posts\/1825","targetHints":{"allow":["GET"]}}],"collection":[{"href":"https:\/\/www.noticiasbrown.com\/index.php?rest_route=\/wp\/v2\/posts"}],"about":[{"href":"https:\/\/www.noticiasbrown.com\/index.php?rest_route=\/wp\/v2\/types\/post"}],"author":[{"embeddable":true,"href":"https:\/\/www.noticiasbrown.com\/index.php?rest_route=\/wp\/v2\/users\/1"}],"replies":[{"embeddable":true,"href":"https:\/\/www.noticiasbrown.com\/index.php?rest_route=%2Fwp%2Fv2%2Fcomments&post=1825"}],"version-history":[{"count":1,"href":"https:\/\/www.noticiasbrown.com\/index.php?rest_route=\/wp\/v2\/posts\/1825\/revisions"}],"predecessor-version":[{"id":1827,"href":"https:\/\/www.noticiasbrown.com\/index.php?rest_route=\/wp\/v2\/posts\/1825\/revisions\/1827"}],"wp:featuredmedia":[{"embeddable":true,"href":"https:\/\/www.noticiasbrown.com\/index.php?rest_route=\/wp\/v2\/media\/1826"}],"wp:attachment":[{"href":"https:\/\/www.noticiasbrown.com\/index.php?rest_route=%2Fwp%2Fv2%2Fmedia&parent=1825"}],"wp:term":[{"taxonomy":"category","embeddable":true,"href":"https:\/\/www.noticiasbrown.com\/index.php?rest_route=%2Fwp%2Fv2%2Fcategories&post=1825"},{"taxonomy":"post_tag","embeddable":true,"href":"https:\/\/www.noticiasbrown.com\/index.php?rest_route=%2Fwp%2Fv2%2Ftags&post=1825"}],"curies":[{"name":"wp","href":"https:\/\/api.w.org\/{rel}","templated":true}]}}