{"id":1822,"date":"2026-03-18T10:00:54","date_gmt":"2026-03-18T13:00:54","guid":{"rendered":"https:\/\/www.noticiasbrown.com\/?p=1822"},"modified":"2026-03-18T09:19:38","modified_gmt":"2026-03-18T12:19:38","slug":"el-gobierno-va-por-una-reforma-electoral-con-cambios-en-las-paso-todos-los-detalles","status":"publish","type":"post","link":"https:\/\/www.noticiasbrown.com\/?p=1822","title":{"rendered":"El Gobierno va por una reforma electoral con cambios en las PASO: todos los detalles"},"content":{"rendered":"<div class=\"detail-header-wrapper\">\n<h4 class=\"ignore-parser\">Para intentar dejar atr\u00e1s el esc\u00e1ndalo $LIBRA y los viajes de Adorni, Javier Milei apura el debate por la reforma electoral y negocia cambios en las PASO.<\/h4>\n<section class=\"detail-body first-paragraph\">\n<section id=\"note-body\" class=\"body-content note-body content-protected-false\" data-twitter-link=\"https:\/\/twitter.com\/intent\/tweet?url=https:\/\/www.minutouno.com\/c6257216&amp;v\u00eda=Ambitocom&amp;related=MinutoUno&amp;text=\">Acorralado por las contundentes revelaciones en el caso $LIBRA y los escandalosos viajes casta del Jefe de Gabinete,\u00a0<strong>Manuel Adorni,<\/strong>\u00a0junto a su esposa a Nueva York en el avi\u00f3n presidencial y en jet privado a Punta del Este, el presidente<strong>\u00a0Javier Milei<\/strong>\u00a0apura su agenda legislativa con el prop\u00f3sito de recuperar la centralidad de pol\u00edtica y torcer la discusi\u00f3n p\u00fablica.<\/p>\n<\/section>\n<\/section>\n<section class=\"detail-body second-paragraph\">\n<section class=\"body-content note-body content-protected-false\">Para ello en la Casa Rosada apuestan a acelerar debates que prometen generar fuertes discusiones en el Congreso y los medios como su proyecto de reforma electoral que incluye modificaciones en las Primarias Abiertas, Simult\u00e1neas y Obligatorias (PASO) y la implementaci\u00f3n de la Boleta \u00danica. El objetivo del gobierno libertario es que el proyecto comience a tratarse lo antes posible.<\/p>\n<section class=\"detail-body\">\n<section class=\"body-content note-body content-protected-false\">\n<figure id=\"8081428-Libre-859923325_wrap\" class=\"embed_cont type_imagen\" contenteditable=\"false\">\n<div id=\"8081428-Libre-859923325_content\" class=\"embed_content\"><img loading=\"lazy\" decoding=\"async\" id=\"8081428-Libre-859923325_embed\" title=\"\" src=\"https:\/\/media.minutouno.com\/p\/11f7a70ac0f9605c30af356b7b2d4b30\/adjuntos\/150\/imagenes\/042\/464\/0042464596\/610x0\/smart\/milei-caso-librajpg.jpg\" alt=\"\" width=\"610\" height=\"394\" data-td-src-property=\"https:\/\/media.minutouno.com\/p\/11f7a70ac0f9605c30af356b7b2d4b30\/adjuntos\/150\/imagenes\/042\/464\/0042464596\/610x0\/smart\/milei-caso-librajpg.jpg\" \/><\/div><figcaption class=\"embed_wrapper-cont\">\n<div id=\"8081428-Libre-859923325_epigrafe\" class=\"embed_epigrafe\"><\/div>\n<\/figcaption><\/figure>\n<p>Seg\u00fan trascendi\u00f3 en \u00e1mbitos oficiales el gobierno libertario apura el tratamiento de modo que los cambios se aprueben en los pr\u00f3ximos meses, un a\u00f1o sin elecciones nacionales, para evitar interferencias en el calendario electoral de 2027.<\/p>\n<\/section>\n<\/section>\n<section class=\"detail-body\">\n<section class=\"body-content note-body content-protected-false\">En ese marco, uno de los principales puntos en debate es el futuro de las<span id=\"saysCMSEmphasisk0leuxbt70g\" class=\"saysCMSEmphasis\">\u00a0PASO. El oficialismo eval\u00faa distintas alternativas que van desde su modificaci\u00f3n hasta una eventual eliminaci\u00f3n<\/span>, aunque reconoce que cualquier cambio requerir\u00e1 acuerdos con sectores de la oposici\u00f3n para avanzar en el Congreso.<\/p>\n<\/section>\n<\/section>\n<section class=\"detail-body\">\n<section class=\"body-content note-body content-protected-false\"><span id=\"saysCMSEmphasisxaf8gkv7hp\" class=\"saysCMSEmphasis\">La estrategia del Gobierno es abrir una instancia de negociaci\u00f3n con gobernadores y bloques legislativos para definir un esquema que permita reducir costos del sistema electoral y simplificar el proceso de votaci\u00f3n,<\/span>\u00a0en un contexto donde las primarias vienen siendo cuestionadas por distintos espacios pol\u00edticos.<\/p>\n<\/section>\n<\/section>\n<section class=\"detail-body\">\n<section class=\"body-content note-body content-protected-false\">\n<p title=\"__IP__\" data-ipspy=\"__IP__\">En paralelo,<span id=\"saysCMSEmphasisaf74so8q9ha\" class=\"saysCMSEmphasis\">\u00a0el Ejecutivo impulsa la implementaci\u00f3n de la Boleta \u00danica de Papel a nivel nacional,\u00a0<\/span>una iniciativa que ya cuenta con antecedentes en algunas provincias y que busca reemplazar el sistema actual de boletas partidarias. La propuesta apunta a mejorar la transparencia del proceso electoral y evitar irregularidades vinculadas a la provisi\u00f3n de boletas.<\/p>\n<p>La reforma es parte de una agenda institucional m\u00e1s amplia que el Gobierno pretende instalar en el Congreso en los pr\u00f3ximos meses, en medio de un escenario de negociaciones pol\u00edticas donde el oficialismo busca construir consensos para avanzar en cambios estructurales del sistema electoral argentino.<\/p>\n<\/section>\n<\/section>\n<\/section>\n<\/section>\n<\/div>\n<div class=\"socials-share\">\n<p>&nbsp;<\/p>\n<\/div>\n","protected":false},"excerpt":{"rendered":"<p>Para intentar dejar atr\u00e1s el esc\u00e1ndalo $LIBRA y los viajes de Adorni, Javier Milei apura&#8230;<\/p>\n","protected":false},"author":1,"featured_media":1823,"comment_status":"closed","ping_status":"closed","sticky":false,"template":"","format":"standard","meta":{"_jetpack_memberships_contains_paid_content":false,"footnotes":"","jetpack_publicize_message":"","jetpack_publicize_feature_enabled":true,"jetpack_social_post_already_shared":true,"jetpack_social_options":{"image_generator_settings":{"template":"highway","default_image_id":0,"font":"","enabled":false},"version":2}},"categories":[3],"tags":[102,35,337,156,353],"class_list":["post-1822","post","type-post","status-publish","format-standard","has-post-thumbnail","hentry","category-politica","tag-gobierno","tag-javier-milei","tag-libra","tag-manuel-adorni","tag-paso"],"aioseo_notices":[],"jetpack_publicize_connections":[],"jetpack_featured_media_url":"https:\/\/www.noticiasbrown.com\/wp-content\/uploads\/2026\/03\/elecciones-urna.webp","jetpack_sharing_enabled":true,"_links":{"self":[{"href":"https:\/\/www.noticiasbrown.com\/index.php?rest_route=\/wp\/v2\/posts\/1822","targetHints":{"allow":["GET"]}}],"collection":[{"href":"https:\/\/www.noticiasbrown.com\/index.php?rest_route=\/wp\/v2\/posts"}],"about":[{"href":"https:\/\/www.noticiasbrown.com\/index.php?rest_route=\/wp\/v2\/types\/post"}],"author":[{"embeddable":true,"href":"https:\/\/www.noticiasbrown.com\/index.php?rest_route=\/wp\/v2\/users\/1"}],"replies":[{"embeddable":true,"href":"https:\/\/www.noticiasbrown.com\/index.php?rest_route=%2Fwp%2Fv2%2Fcomments&post=1822"}],"version-history":[{"count":1,"href":"https:\/\/www.noticiasbrown.com\/index.php?rest_route=\/wp\/v2\/posts\/1822\/revisions"}],"predecessor-version":[{"id":1824,"href":"https:\/\/www.noticiasbrown.com\/index.php?rest_route=\/wp\/v2\/posts\/1822\/revisions\/1824"}],"wp:featuredmedia":[{"embeddable":true,"href":"https:\/\/www.noticiasbrown.com\/index.php?rest_route=\/wp\/v2\/media\/1823"}],"wp:attachment":[{"href":"https:\/\/www.noticiasbrown.com\/index.php?rest_route=%2Fwp%2Fv2%2Fmedia&parent=1822"}],"wp:term":[{"taxonomy":"category","embeddable":true,"href":"https:\/\/www.noticiasbrown.com\/index.php?rest_route=%2Fwp%2Fv2%2Fcategories&post=1822"},{"taxonomy":"post_tag","embeddable":true,"href":"https:\/\/www.noticiasbrown.com\/index.php?rest_route=%2Fwp%2Fv2%2Ftags&post=1822"}],"curies":[{"name":"wp","href":"https:\/\/api.w.org\/{rel}","templated":true}]}}