{"id":1819,"date":"2026-03-18T09:40:07","date_gmt":"2026-03-18T12:40:07","guid":{"rendered":"https:\/\/www.noticiasbrown.com\/?p=1819"},"modified":"2026-03-18T09:16:33","modified_gmt":"2026-03-18T12:16:33","slug":"una-vez-mas-javier-milei-aseguro-que-la-inflacion-esta-bajando","status":"publish","type":"post","link":"https:\/\/www.noticiasbrown.com\/?p=1819","title":{"rendered":"Una vez m\u00e1s, Javier Milei asegur\u00f3 que &#8220;la inflaci\u00f3n est\u00e1 bajando&#8221;"},"content":{"rendered":"<div class=\"detail-header-wrapper\">\n<h4 class=\"ignore-parser\">El mandatario insisti\u00f3 en destacar a las \u00faltimas cifras de la inflaci\u00f3n mayorista, que sostuvo que &#8220;anticipan lo que viene a futuro en Minoristas&#8221;.<\/h4>\n<section class=\"detail-body first-paragraph\">\n<section id=\"note-body\" class=\"body-content note-body content-protected-false\" data-twitter-link=\"https:\/\/twitter.com\/intent\/tweet?url=https:\/\/www.minutouno.com\/c6257193&amp;v\u00eda=Ambitocom&amp;related=MinutoUno&amp;text=\">\n<p data-path-to-node=\"0\">En medio del esc\u00e1ndalo\u00a0<strong>$LIBRA<\/strong>, con los nuevos trascendidos, el presidente\u00a0<strong data-path-to-node=\"0\" data-index-in-node=\"14\">Javier Milei<\/strong>\u00a0utiliz\u00f3 sus redes sociales para celebrar los \u00faltimos datos del INDEC, asegurando, una vez m\u00e1s, que la\u00a0<strong>inflaci\u00f3n mayorista atraviesa una ca\u00edda dr\u00e1stica<\/strong>\u00a0que pronto se reflejar\u00e1 en las g\u00f3ndolas.<\/p>\n<\/section>\n<\/section>\n<section class=\"detail-body second-paragraph\">\n<section class=\"body-content note-body content-protected-false\">\n<p data-path-to-node=\"0\">Tras la difusi\u00f3n del informe de febrero este martes, el mandatario ratific\u00f3 el rumbo de su plan econ\u00f3mico y lanz\u00f3 un fuerte respaldo a su ministro de Econom\u00eda,\u00a0<strong data-path-to-node=\"0\" data-index-in-node=\"365\">Luis Caputo<\/strong>, algo que ya repiti\u00f3 en infinidad de oportunidades.<\/p>\n<section class=\"detail-body\">\n<section class=\"body-content note-body content-protected-false\">\n<p data-path-to-node=\"2\">A trav\u00e9s de su cuenta en X, Milei comparti\u00f3 c\u00e1lculos propios para demostrar la desaceleraci\u00f3n de los precios. Seg\u00fan el Jefe de Estado, el \u00cdndice de Precios Internos B\u00e1sicos al por Mayor (<strong data-path-to-node=\"2\" data-index-in-node=\"187\">IPIB<\/strong>) y el \u00cdndice de Precios al Productor (<strong data-path-to-node=\"2\" data-index-in-node=\"230\">IPP<\/strong>) se ubicaron ambos en un\u00a0<strong data-path-to-node=\"2\" data-index-in-node=\"259\">0,7%<\/strong>, mientras que el \u00cdndice de Precios Mayoristas (<strong data-path-to-node=\"2\" data-index-in-node=\"311\">IPIM<\/strong>) marc\u00f3 un\u00a0<strong data-path-to-node=\"2\" data-index-in-node=\"326\">1%<\/strong>.<\/p>\n<\/section>\n<\/section>\n<section class=\"detail-body\">\n<section class=\"body-content note-body content-protected-false\">\n<p data-path-to-node=\"2\"><span id=\"saysCMSEmphasis1ecf3jn6y2q\" class=\"saysCMSEmphasis\">&#8220;Inflaci\u00f3n mayorista de los \u00faltimos doce meses viaja al 26% anual. A su vez, la del bimestre anualizada viaja al 17% mientras que la del mes de febrero anualizada lo hace al 13%. Podr\u00e1n ponerlo como quieran pero la inflaci\u00f3n est\u00e1 bajando y los Precios Mayoristas anticipan lo que viene a futuro en Minoristas&#8221;<\/span>, sostuvo el l\u00edder de La Libertad Avanza (LLA).<\/p>\n<\/section>\n<\/section>\n<section class=\"detail-body\">\n<section class=\"body-content note-body content-protected-false\">\n<figure id=\"8200602-Libre-1720052696_wrap\" class=\"embed_cont type_imagen\" contenteditable=\"false\">\n<div id=\"8200602-Libre-1720052696_content\" class=\"embed_content\"><img loading=\"lazy\" decoding=\"async\" id=\"8200602-Libre-1720052696_embed\" title=\"\" src=\"https:\/\/media.minutouno.com\/p\/c447f27295bc156709fd697a6fb9ed44\/adjuntos\/150\/imagenes\/043\/241\/0043241307\/610x0\/smart\/milei-6.jpg\" alt=\"\" width=\"610\" height=\"402\" data-td-src-property=\"https:\/\/media.minutouno.com\/p\/c447f27295bc156709fd697a6fb9ed44\/adjuntos\/150\/imagenes\/043\/241\/0043241307\/610x0\/smart\/milei-6.jpg\" \/><\/div><figcaption class=\"embed_wrapper-cont\">\n<div id=\"8200602-Libre-1720052696_epigrafe\" class=\"embed_epigrafe\"><\/div>\n<\/figcaption><\/figure>\n<p data-path-to-node=\"2\">\n<\/section>\n<\/section>\n<section class=\"detail-body\">\n<section class=\"body-content note-body content-protected-false\">\n<h2 data-path-to-node=\"2\">Los repetidos elogios de Javier Milei a Luis Caputo<\/h2>\n<p data-path-to-node=\"5\">El mensaje presidencial incluy\u00f3 un elogio de m\u00e1ximo nivel para el titular de Hacienda.\u00a0Milei calific\u00f3 a\u00a0<strong>Luis Caputo<\/strong>\u00a0como &#8220;por lejos, el mejor ministro de Econom\u00eda de la historia argentina&#8221;, adjudic\u00e1ndole el \u00e9xito en la contenci\u00f3n de la din\u00e1mica inflacionaria.<\/p>\n<p data-path-to-node=\"6\">A pesar del optimismo, el Presidente reconoci\u00f3 que el traspaso al \u00cdndice de Precios al Consumidor (<strong data-path-to-node=\"6\" data-index-in-node=\"99\">IPC<\/strong>) suele ser m\u00e1s lento. Explic\u00f3 que el \u00edndice minorista a\u00fan debe &#8220;purgar&#8221; el impacto del ajuste en las tarifas de servicios p\u00fablicos y los desequilibrios monetarios heredados, pero insisti\u00f3 en que la tendencia a la baja es irreversible.<\/p>\n<figure id=\"8200531-Libre-4030420_wrap\" class=\"embed_cont type_imagen\" contenteditable=\"false\">\n<div id=\"8200531-Libre-4030420_content\" class=\"embed_content\"><img loading=\"lazy\" decoding=\"async\" id=\"8200531-Libre-4030420_embed\" title=\"\" src=\"https:\/\/media.minutouno.com\/p\/4dea35e8753b15f8e783d72898406925\/adjuntos\/150\/imagenes\/043\/240\/0043240948\/610x0\/smart\/toto-caputo-javier-milei.jpg\" alt=\"\" width=\"610\" height=\"726\" data-td-src-property=\"https:\/\/media.minutouno.com\/p\/4dea35e8753b15f8e783d72898406925\/adjuntos\/150\/imagenes\/043\/240\/0043240948\/610x0\/smart\/toto-caputo-javier-milei.jpg\" \/><\/div>\n<\/figure>\n<\/section>\n<\/section>\n<\/section>\n<\/section>\n<\/div>\n","protected":false},"excerpt":{"rendered":"<p>El mandatario insisti\u00f3 en destacar a las \u00faltimas cifras de la inflaci\u00f3n mayorista, que sostuvo&#8230;<\/p>\n","protected":false},"author":1,"featured_media":1820,"comment_status":"closed","ping_status":"closed","sticky":false,"template":"","format":"standard","meta":{"_jetpack_memberships_contains_paid_content":false,"footnotes":"","jetpack_publicize_message":"","jetpack_publicize_feature_enabled":true,"jetpack_social_post_already_shared":true,"jetpack_social_options":{"image_generator_settings":{"template":"highway","default_image_id":0,"font":"","enabled":false},"version":2}},"categories":[3],"tags":[25,26,35],"class_list":["post-1819","post","type-post","status-publish","format-standard","has-post-thumbnail","hentry","category-politica","tag-indec","tag-inflacion","tag-javier-milei"],"aioseo_notices":[],"jetpack_publicize_connections":[],"jetpack_featured_media_url":"https:\/\/www.noticiasbrown.com\/wp-content\/uploads\/2026\/03\/javier-milei-reeleccion.webp","jetpack_sharing_enabled":true,"_links":{"self":[{"href":"https:\/\/www.noticiasbrown.com\/index.php?rest_route=\/wp\/v2\/posts\/1819","targetHints":{"allow":["GET"]}}],"collection":[{"href":"https:\/\/www.noticiasbrown.com\/index.php?rest_route=\/wp\/v2\/posts"}],"about":[{"href":"https:\/\/www.noticiasbrown.com\/index.php?rest_route=\/wp\/v2\/types\/post"}],"author":[{"embeddable":true,"href":"https:\/\/www.noticiasbrown.com\/index.php?rest_route=\/wp\/v2\/users\/1"}],"replies":[{"embeddable":true,"href":"https:\/\/www.noticiasbrown.com\/index.php?rest_route=%2Fwp%2Fv2%2Fcomments&post=1819"}],"version-history":[{"count":1,"href":"https:\/\/www.noticiasbrown.com\/index.php?rest_route=\/wp\/v2\/posts\/1819\/revisions"}],"predecessor-version":[{"id":1821,"href":"https:\/\/www.noticiasbrown.com\/index.php?rest_route=\/wp\/v2\/posts\/1819\/revisions\/1821"}],"wp:featuredmedia":[{"embeddable":true,"href":"https:\/\/www.noticiasbrown.com\/index.php?rest_route=\/wp\/v2\/media\/1820"}],"wp:attachment":[{"href":"https:\/\/www.noticiasbrown.com\/index.php?rest_route=%2Fwp%2Fv2%2Fmedia&parent=1819"}],"wp:term":[{"taxonomy":"category","embeddable":true,"href":"https:\/\/www.noticiasbrown.com\/index.php?rest_route=%2Fwp%2Fv2%2Fcategories&post=1819"},{"taxonomy":"post_tag","embeddable":true,"href":"https:\/\/www.noticiasbrown.com\/index.php?rest_route=%2Fwp%2Fv2%2Ftags&post=1819"}],"curies":[{"name":"wp","href":"https:\/\/api.w.org\/{rel}","templated":true}]}}